{"id":688,"date":"2014-05-06T02:00:00","date_gmt":"2014-05-05T22:00:00","guid":{"rendered":"http:\/\/lemotdujour.fr\/?p=688"},"modified":"2017-05-08T13:21:43","modified_gmt":"2017-05-08T11:21:43","slug":"mardi-06052014","status":"publish","type":"post","link":"https:\/\/lemotdujour.fr\/?p=688","title":{"rendered":"Mardi 06\/05\/2014"},"content":{"rendered":"<div class=\"mdjDate\">Mardi 06\/05\/2014<\/div>\n<div class=\"mdjTexte\">\u00ab\u00a0Comment Dieu a-t-il pu cr\u00e9er 10 commandements pour le monde entier et l&rsquo;Union europ\u00e9enne 253 pages rien que pour traiter du calibre des Cucurbitac\u00e9es ?\u00a0\u00bb<\/div>\n<div class=\"mdjAuteur\">Walter chroniqueur \u00e0 France Inter, Jeudi 1er mai 2014 \u00e0 8h55<\/div>\n<div class=\"mdjComplements\">Un peu d&rsquo;humour dans le mot du jour ne saurait nuire.<\/div>\n<div class=\"mdjComplements\">Walter de son vrai nom Bertrand Wautlet est un humoriste belge n\u00e9 le 8 juin 1973 \u00e0 Charleroi.<\/div>\n<div class=\"mdjComplements\">Apr\u00e8s des \u00e9tudes d&rsquo;ing\u00e9nieur commercial en Belgique, il s\u2019installe \u00e0 Paris et s\u2019inscrit au Cours Florent.<\/div>\n<div class=\"mdjComplements\">Depuis Septembre 2013, il assure, un jour par semaine, le billet d&rsquo;humour dans la matinale de France Inter. Le 1er mai, il a fait un billet tr\u00e8s dr\u00f4le sur l&rsquo;Union europ\u00e9enne dont j&rsquo;ai tir\u00e9 le mot du jour.<\/div>\n<div class=\"mdjComplements\">La commission a produit en effet une superbe r\u00e9glementation sur la courbure des concombres, tout cela \u00e9tant susceptible d&rsquo;am\u00e9liorer notre quotidien.<\/div>\n<div class=\"mdjComplements\">Toute la chronique est hyper dr\u00f4le, j&rsquo;en tire quelques autres perles :<\/div>\n<div class=\"mdjCiter\">\u00ab\u00a0Peut-\u00eatre que nous sommes trop nombreux, Union \u00e0 28, union \u00e0 28 \u00e7a sonne comme une partouze&#8230;\u00a0\u00bb<\/div>\n<div class=\"mdjCiter\">\u00ab\u00a0Je ne suis pas euro-sceptique, je suis euro-prudent, euro-dubitatif, j&rsquo;eurodubite&#8230;\u00a0\u00bb<\/div>\n<div class=\"mdjCiter\">\u00ab\u00a0N&rsquo;oublions pas que nous sommes en paix et qu&rsquo;il y a 60 ans, l&rsquo;Allemagne avait pris le contr\u00f4le de l&rsquo;Europe \u00e0 part l&rsquo;Angleterre,<\/div>\n<div class=\"mdjCiter\">et qu&rsquo;aujourd&rsquo;hui, c&rsquo;est bien diff\u00e9rent, l&rsquo;Europe est unifi\u00e9e, sauf l&rsquo;Angleterre, sous le contr\u00f4le de l&rsquo;Allemagne&#8230;\u00a0\u00bb<\/div>\n<div class=\"mdjCiter\">et cette chute : \u00ab\u00a0Et n&rsquo;est-il pas ironique que depuis que l&rsquo;Europe a arr\u00eat\u00e9 de faire couler le sang, elle produit toujours davantage de r\u00e8gles ?\u00a0\u00bb<\/div>\n<div class=\"mdjComplements\">\u00c9couter, vous rirez beaucoup et \u00e7a fait du bien :<a href=\"http:\/\/www.dailymotion.com\/video\/x1set7x_le-billet-de-walter-j-eurodubite_fun\">&lt;Le billet de Walter j&rsquo;eurodubite_fun&gt;<\/a><\/div>\n<div class=\"mdjComplements\">Walter, le belge, avait aussi eu cette remarquable description de l&rsquo;organisation politique fran\u00e7aise le lendemain des \u00e9lections municipales, lors de son billet du 3 avril :<\/div>\n<div class=\"mdjCiter\">\u00ab\u00a0Si je comprends bien, Vous autres fran\u00e7ais, quand vous \u00eates m\u00e9contents de votre pr\u00e9sident de la r\u00e9publique, vous votez contre votre maire et r\u00e9sultat on vous change le premier ministre !\u00a0\u00bb<\/div>\n<div class=\"mdjComplements\">Que le ciel et l&rsquo;humour vous tiennent en joie.<\/div>\n","protected":false},"excerpt":{"rendered":"<p>Mardi 06\/05\/2014 \u00ab\u00a0Comment Dieu a-t-il pu cr\u00e9er 10 commandements pour le monde entier et l&rsquo;Union europ\u00e9enne 253 pages rien que pour traiter du calibre des Cucurbitac\u00e9es ?\u00a0\u00bb Walter chroniqueur \u00e0 France Inter, Jeudi 1er mai 2014 \u00e0 8h55 Un peu<\/p>\n","protected":false},"author":1,"featured_media":0,"comment_status":"closed","ping_status":"closed","sticky":false,"template":"","format":"standard","meta":{"footnotes":""},"categories":[1],"tags":[],"class_list":["post-688","post","type-post","status-publish","format-standard","hentry","category-motdujour"],"_links":{"self":[{"href":"https:\/\/lemotdujour.fr\/index.php?rest_route=\/wp\/v2\/posts\/688","targetHints":{"allow":["GET"]}}],"collection":[{"href":"https:\/\/lemotdujour.fr\/index.php?rest_route=\/wp\/v2\/posts"}],"about":[{"href":"https:\/\/lemotdujour.fr\/index.php?rest_route=\/wp\/v2\/types\/post"}],"author":[{"embeddable":true,"href":"https:\/\/lemotdujour.fr\/index.php?rest_route=\/wp\/v2\/users\/1"}],"replies":[{"embeddable":true,"href":"https:\/\/lemotdujour.fr\/index.php?rest_route=%2Fwp%2Fv2%2Fcomments&post=688"}],"version-history":[{"count":1,"href":"https:\/\/lemotdujour.fr\/index.php?rest_route=\/wp\/v2\/posts\/688\/revisions"}],"predecessor-version":[{"id":689,"href":"https:\/\/lemotdujour.fr\/index.php?rest_route=\/wp\/v2\/posts\/688\/revisions\/689"}],"wp:attachment":[{"href":"https:\/\/lemotdujour.fr\/index.php?rest_route=%2Fwp%2Fv2%2Fmedia&parent=688"}],"wp:term":[{"taxonomy":"category","embeddable":true,"href":"https:\/\/lemotdujour.fr\/index.php?rest_route=%2Fwp%2Fv2%2Fcategories&post=688"},{"taxonomy":"post_tag","embeddable":true,"href":"https:\/\/lemotdujour.fr\/index.php?rest_route=%2Fwp%2Fv2%2Ftags&post=688"}],"curies":[{"name":"wp","href":"https:\/\/api.w.org\/{rel}","templated":true}]}}