{"id":686,"date":"2014-05-05T02:00:00","date_gmt":"2014-05-04T22:00:00","guid":{"rendered":"http:\/\/lemotdujour.fr\/?p=686"},"modified":"2017-05-08T13:21:43","modified_gmt":"2017-05-08T11:21:43","slug":"lundi-05052014","status":"publish","type":"post","link":"https:\/\/lemotdujour.fr\/?p=686","title":{"rendered":"Lundi 05\/05\/2014"},"content":{"rendered":"<div class=\"mdjDate\">Lundi 05\/05\/2014<\/div>\n<div class=\"mdjTexte\">\u00ab\u00a0Je ne suis pas en cohabitation, <br \/>Je ne peux pas le faire\u00a0\u00bb<\/div>\n<div class=\"mdjAuteur\">Jean-Marc Ayrault.<\/div>\n<div class=\"mdjComplements\">C&rsquo;\u00e9tait la r\u00e9ponse de Jean-Marc Ayrault, il y a deux ans \u00e0 l&rsquo;injonction de Philippe Aghion : \u00ab\u00a0Tu as le rapport de la Cour des Comptes, tu dois mettre en \u0153uvre des r\u00e9formes structurelles\u00a0\u00bb<\/div>\n<div class=\"mdjComplements\"><strong>Pour ceux qui sont tr\u00e8s press\u00e9s voici une version courte de l&rsquo;explication :<\/strong><\/div>\n<div class=\"mdjComplements\">Philippe Aghion et Elie Cohen \u00e9taient parmi les principaux conseillers \u00e9conomiques du candidat Fran\u00e7ois Hollande pour l&rsquo;aider \u00e0 \u00e9laborer son programme \u00e9conomique.<\/div>\n<div class=\"mdjComplements\">Deux ans apr\u00e8s l&rsquo;\u00e9lection ils estiment que les r\u00e9formes qui auraient d\u00fb \u00eatre faites ne l&rsquo;ont pas \u00e9t\u00e9 et c&rsquo;est pourquoi ils ont \u00e9crit un livre \u00ab\u00a0Changer de mod\u00e8le\u00a0\u00bb, avec un troisi\u00e8me \u00e9conomiste Gilbert Cette.<\/div>\n<div class=\"mdjComplements\">France Inter a invit\u00e9 Philippe Aghion pour parler de ce livre.<\/div>\n<div class=\"mdjComplements\">A la fin de l&rsquo;interview, Philippe Aghion r\u00e9v\u00e8le cet \u00e9change avec Jean-Marc Ayrault, premier ministre depuis peu de temps alors : \u00ab\u00a0Je ne peux pas le faire, je ne suis pas en cohabitation\u00a0\u00bb<\/div>\n<div class=\"mdjComplements\">A priori, selon cet \u00e9change, ce n&rsquo;est pas le premier ministre qui refusait de prendre la mesure des \u00e9volutions n\u00e9cessaires en France.<\/div>\n<div class=\"mdjComplements\"><strong>Une version un peu plus d\u00e9velopp\u00e9e :<\/strong><\/div>\n<div class=\"mdjComplements\">La situation de la France est relativement simple \u00e0 d\u00e9crire :<\/div>\n<div class=\"mdjComplements\">La France n&rsquo;est plus en capacit\u00e9 de financer son mod\u00e8le social et ses services publics. Elle ne cr\u00e9e plus la croissance \u00e9conomique et ne d\u00e9veloppe plus le dynamisme permettant de d\u00e9gager du grain \u00e0 moudre pour alimenter la machine.<\/div>\n<div class=\"mdjComplements\">A partir de l\u00e0 plusieurs solutions sont envisageables.<\/div>\n<div class=\"mdjComplements\">Mais si, comme le veut le pr\u00e9sident et son gouvernement la France doit rembourser ses dettes, rester dans l&rsquo;Euro et ouvert \u00e0 la mondialisation, il faut prendre la mesure de ce que cela signifie qu&rsquo;on ne peut plus financer le syst\u00e8me. En sachant que nous n&rsquo;aurons plus en France, \u00e0 dimension d&rsquo;homme, les taux de croissance que nous avons connus apr\u00e8s la derni\u00e8re guerre.<\/div>\n<div class=\"mdjComplements\">Le pr\u00e9sident l&rsquo;avait dit lui-m\u00eame lors d&rsquo;une conf\u00e9rence de presse, nous n&rsquo;assistons pas \u00e0 une crise mais \u00e0 un changement de monde.<\/div>\n<div class=\"mdjComplements\">Quand on est dans un changement de monde, on doit proposer une politique de changement de monde.<\/div>\n<div class=\"mdjComplements\">On ne peut se contenter de faire des \u00e9conomies au rabot.<\/div>\n<div class=\"mdjComplements\">D&rsquo;ailleurs, ironie de l&rsquo;Histoire, comme le rapporteur du budget est entr\u00e9 au gouvernement, le PS a nomm\u00e9 rapporteure du budget : Val\u00e9rie Rabault ! C&rsquo;est surr\u00e9aliste, n&rsquo;est-il pas ?<\/div>\n<div class=\"mdjComplements\">Pendant deux ans, il n&rsquo;y a eu aucune r\u00e9forme ou m\u00eame r\u00e9flexion d&rsquo;\u00e9volution de l&rsquo;organisation des services et des missions de l&rsquo;Etat. Aujourd&rsquo;hui on parle de r\u00e9former les collectivit\u00e9s territoriales mais&#8230;. plus tard.<\/div>\n<div class=\"mdjComplements\">La politique du rabot est d\u00e9l\u00e9t\u00e8re.<\/div>\n<div class=\"mdjComplements\">Si on doit et on veut vraiment faire des \u00e9conomies il faut organiser autrement et penser autrement.<\/div>\n<div class=\"mdjComplements\">Par exemple, dans l&rsquo;Administration il faut arr\u00eater de raisonner en terme de respect de proc\u00e9dures mais r\u00e9fl\u00e9chir et d\u00e9cider par rapport aux enjeux.<\/div>\n<div class=\"mdjComplements\">Se poser des questions aussi d\u00e9routantes que : est-ce que tel contr\u00f4le que font chaque jour ou chaque semaine 500 fonctionnaires en France est-il indispensable ? Que se passerait-il si on ne faisait pas ? Quel est le risque ?<\/div>\n<div class=\"mdjComplements\">Quelle est le v\u00e9ritable impact de telle politique, d&rsquo;aide au logement par exemple ? Est-ce que cette politique n&rsquo;a pas pour effet principal de faire augmenter les prix ?<\/div>\n<div class=\"mdjComplements\">On attend cela d&rsquo;hommes politiques qui pr\u00e9tendent qu&rsquo;on assiste \u00e0 un changement de monde.<\/div>\n<div class=\"mdjComplements\">Bref, il faut sortir du param\u00e9trage et de l&rsquo;action sur quelques curseurs pour s&rsquo;int\u00e9resser au moteur, aux structures et \u00e0 l&rsquo;organisation.<\/div>\n<div class=\"mdjComplements\"><a href=\"http:\/\/www.franceinter.fr\/emission-linvite-de-7h50-philippe-aghion\">&lt;Ici l&rsquo;\u00e9mission o\u00f9 Philippe Aghion explique son livre et r\u00e9v\u00e8le, tout \u00e0 la fin de l&rsquo;entretien, le propos d\u00e9sabus\u00e9 de Ayrault\u00a0\u00bb<\/a><\/div>\n","protected":false},"excerpt":{"rendered":"<p>Lundi 05\/05\/2014 \u00ab\u00a0Je ne suis pas en cohabitation, Je ne peux pas le faire\u00a0\u00bb Jean-Marc Ayrault. C&rsquo;\u00e9tait la r\u00e9ponse de Jean-Marc Ayrault, il y a deux ans \u00e0 l&rsquo;injonction de Philippe Aghion : \u00ab\u00a0Tu as le rapport de la Cour<\/p>\n","protected":false},"author":1,"featured_media":0,"comment_status":"closed","ping_status":"closed","sticky":false,"template":"","format":"standard","meta":{"footnotes":""},"categories":[1],"tags":[],"class_list":["post-686","post","type-post","status-publish","format-standard","hentry","category-motdujour"],"_links":{"self":[{"href":"https:\/\/lemotdujour.fr\/index.php?rest_route=\/wp\/v2\/posts\/686","targetHints":{"allow":["GET"]}}],"collection":[{"href":"https:\/\/lemotdujour.fr\/index.php?rest_route=\/wp\/v2\/posts"}],"about":[{"href":"https:\/\/lemotdujour.fr\/index.php?rest_route=\/wp\/v2\/types\/post"}],"author":[{"embeddable":true,"href":"https:\/\/lemotdujour.fr\/index.php?rest_route=\/wp\/v2\/users\/1"}],"replies":[{"embeddable":true,"href":"https:\/\/lemotdujour.fr\/index.php?rest_route=%2Fwp%2Fv2%2Fcomments&post=686"}],"version-history":[{"count":1,"href":"https:\/\/lemotdujour.fr\/index.php?rest_route=\/wp\/v2\/posts\/686\/revisions"}],"predecessor-version":[{"id":687,"href":"https:\/\/lemotdujour.fr\/index.php?rest_route=\/wp\/v2\/posts\/686\/revisions\/687"}],"wp:attachment":[{"href":"https:\/\/lemotdujour.fr\/index.php?rest_route=%2Fwp%2Fv2%2Fmedia&parent=686"}],"wp:term":[{"taxonomy":"category","embeddable":true,"href":"https:\/\/lemotdujour.fr\/index.php?rest_route=%2Fwp%2Fv2%2Fcategories&post=686"},{"taxonomy":"post_tag","embeddable":true,"href":"https:\/\/lemotdujour.fr\/index.php?rest_route=%2Fwp%2Fv2%2Ftags&post=686"}],"curies":[{"name":"wp","href":"https:\/\/api.w.org\/{rel}","templated":true}]}}