{"id":682,"date":"2014-04-29T02:00:00","date_gmt":"2014-04-28T22:00:00","guid":{"rendered":"http:\/\/lemotdujour.fr\/?p=682"},"modified":"2017-05-08T13:21:38","modified_gmt":"2017-05-08T11:21:38","slug":"mardi-29042014","status":"publish","type":"post","link":"https:\/\/lemotdujour.fr\/?p=682","title":{"rendered":"Mardi 29\/04\/2014"},"content":{"rendered":"<div class=\"mdjDate\">Mardi 29\/04\/2014<\/div>\n<div class=\"mdjTexte\">\u00ab\u00a0La calomnie est un petit vent<br \/>Une petite brise tr\u00e8s gentille<br \/>Qui, imperceptible, subtile, <br \/>L\u00e9g\u00e8rement, doucement, <br \/>Commence, commence \u00e0 murmurer.<br \/>[&#8230;]<br \/>Et le pauvre calomni\u00e9, <br \/>Humili\u00e9, pi\u00e9tin\u00e9<br \/>Sous le fl\u00e9au public, <br \/>Par grand malheur s&rsquo;en va crever.\u00a0\u00bb<\/div>\n<div class=\"mdjAuteur\">Rossini\/Beaumarchais le barbier de S\u00e9ville<\/div>\n<div class=\"mdjComplements\">Dominique Baudis vient de mourir.<\/div>\n<div class=\"mdjComplements\">C&rsquo;\u00e9tait un homme de qualit\u00e9, il \u00e9tait maire de Toulouse quand j&rsquo;ai pass\u00e9 18 mois dans la ville rose \u00e0 partir de 1985, \u00e9l\u00e8ve de l&rsquo;Ecole Nationale du Cadastre.<\/div>\n<div class=\"mdjComplements\">Il v\u00e9cut un \u00e9pisode terrifiant o\u00f9 la calomnie <a href=\"http:\/\/www.ouest-france.fr\/dominique-baudis-un-homme-aux-nombreuses-vie-blesse-par-la-calomnie-2138606\">&lt;en 2003 lui attribua des crimes sordides&gt;.<\/a><\/div>\n<div class=\"mdjComplements\">Il ne fut totalement blanchi qu&rsquo;en 2005. Personne ne peut dire ce que cette terrible \u00e9preuve a eu pour cons\u00e9quence physique dans son corps et a pu entra\u00eener une mort pr\u00e9matur\u00e9e \u00e0 66 ans.<\/div>\n<div class=\"mdjComplements\">La calomnie est une abomination.<\/div>\n<div class=\"mdjComplements\">Je crois que jamais elle n&rsquo;a \u00e9t\u00e9 mieux d\u00e9crite que dans le Barbier de S\u00e9ville par Beaumarchais et Rossini :<\/div>\n<div class=\"mdjCiter\">\u00ab\u00a0La calomnie est un petit vent<\/div>\n<div class=\"mdjCiter\">Une petite brise tr\u00e8s gentille<\/div>\n<div class=\"mdjCiter\">Qui, imperceptible, subtile,<\/div>\n<div class=\"mdjCiter\">L\u00e9g\u00e8rement, doucement,<\/div>\n<table>\n<tr>\n<td>\n<div class=\"mdjCiter\">Commence, commence \u00e0 murmurer.<\/div>\n<div class=\"mdjCiter\"><em>Piano<\/em>, <em>piano<\/em>, terre \u00e0 terre,<\/div>\n<div class=\"mdjCiter\">\u00c0 voix basse, en sifflant,<\/div>\n<div class=\"mdjCiter\">Elle glisse, elle glisse<\/div>\n<div class=\"mdjCiter\">Elle r\u00f4de, elle r\u00f4de<\/div>\n<div class=\"mdjCiter\">Dans l&rsquo;oreille des gens<\/div>\n<div class=\"mdjCiter\">Elle s&rsquo;introduit, s&rsquo;introduit adroitement<\/div>\n<div class=\"mdjCiter\">Et les t\u00eates et les cervelles<\/div>\n<div class=\"mdjCiter\">\u00c9tourdit et fait gonfler.<\/div>\n<div class=\"mdjCiter\">En sortant de la bouche<\/div>\n<div class=\"mdjCiter\">Le tapage va croissant,<\/div>\n<div class=\"mdjCiter\">Il prend force peu \u00e0 peu,<\/div>\n<div class=\"mdjCiter\">Vole d\u00e9j\u00e0 de lieu en lieu,<\/div>\n<div class=\"mdjCiter\">Il ressemble au tonnerre, \u00e0 la temp\u00eate<\/div>\n<\/td>\n<td>\n<div class=\"mdjCiter\">Qui au c\u0153ur de la for\u00eat<\/div>\n<div class=\"mdjCiter\">Va sifflant, grondant,<\/div>\n<div class=\"mdjCiter\">Et vous glace d&rsquo;horreur.<\/div>\n<div class=\"mdjCiter\">\u00c0 la fin elle d\u00e9borde et \u00e9clate, se propage, redouble,<\/div>\n<div class=\"mdjCiter\">Et produit une explosion<\/div>\n<div class=\"mdjCiter\">Comme un coup de canon,<\/div>\n<div class=\"mdjCiter\">Comme un coup de canon,<\/div>\n<div class=\"mdjCiter\">Un s\u00e9isme, un orage,<\/div>\n<div class=\"mdjCiter\">Un tumulte g\u00e9n\u00e9ral<\/div>\n<div class=\"mdjCiter\">Qui fait retentir l&rsquo;air.<\/div>\n<div class=\"mdjCiter\">Et le pauvre calomni\u00e9,<\/div>\n<div class=\"mdjCiter\">Humili\u00e9, pi\u00e9tin\u00e9<\/div>\n<div class=\"mdjCiter\">Sous le fl\u00e9au public,<\/div>\n<div class=\"mdjCiter\">Par grand malheur s&rsquo;en va crever.\u00a0\u00bb<\/div>\n<\/td>\n<\/tr>\n<\/table>\n<div class=\"mdjComplements\"><a href=\"http:\/\/leblogdelavieillemarmotte.over-blog.com\/article-l-air-de-la-calomnie-dans-le-barbier-de-seville-beaumarchais-rossini-97801156.html\">\u00ab\u00a0Une page consacr\u00e9e \u00e0 cet air du Barbier de S\u00e9ville\u00a0\u00bb<\/a><\/div>\n","protected":false},"excerpt":{"rendered":"<p>Mardi 29\/04\/2014 \u00ab\u00a0La calomnie est un petit ventUne petite brise tr\u00e8s gentilleQui, imperceptible, subtile, L\u00e9g\u00e8rement, doucement, Commence, commence \u00e0 murmurer.[&#8230;]Et le pauvre calomni\u00e9, Humili\u00e9, pi\u00e9tin\u00e9Sous le fl\u00e9au public, Par grand malheur s&rsquo;en va crever.\u00a0\u00bb Rossini\/Beaumarchais le barbier de S\u00e9ville Dominique<\/p>\n","protected":false},"author":1,"featured_media":0,"comment_status":"closed","ping_status":"closed","sticky":false,"template":"","format":"standard","meta":{"footnotes":""},"categories":[1],"tags":[],"class_list":["post-682","post","type-post","status-publish","format-standard","hentry","category-motdujour"],"_links":{"self":[{"href":"https:\/\/lemotdujour.fr\/index.php?rest_route=\/wp\/v2\/posts\/682","targetHints":{"allow":["GET"]}}],"collection":[{"href":"https:\/\/lemotdujour.fr\/index.php?rest_route=\/wp\/v2\/posts"}],"about":[{"href":"https:\/\/lemotdujour.fr\/index.php?rest_route=\/wp\/v2\/types\/post"}],"author":[{"embeddable":true,"href":"https:\/\/lemotdujour.fr\/index.php?rest_route=\/wp\/v2\/users\/1"}],"replies":[{"embeddable":true,"href":"https:\/\/lemotdujour.fr\/index.php?rest_route=%2Fwp%2Fv2%2Fcomments&post=682"}],"version-history":[{"count":1,"href":"https:\/\/lemotdujour.fr\/index.php?rest_route=\/wp\/v2\/posts\/682\/revisions"}],"predecessor-version":[{"id":683,"href":"https:\/\/lemotdujour.fr\/index.php?rest_route=\/wp\/v2\/posts\/682\/revisions\/683"}],"wp:attachment":[{"href":"https:\/\/lemotdujour.fr\/index.php?rest_route=%2Fwp%2Fv2%2Fmedia&parent=682"}],"wp:term":[{"taxonomy":"category","embeddable":true,"href":"https:\/\/lemotdujour.fr\/index.php?rest_route=%2Fwp%2Fv2%2Fcategories&post=682"},{"taxonomy":"post_tag","embeddable":true,"href":"https:\/\/lemotdujour.fr\/index.php?rest_route=%2Fwp%2Fv2%2Ftags&post=682"}],"curies":[{"name":"wp","href":"https:\/\/api.w.org\/{rel}","templated":true}]}}