{"id":6815,"date":"2019-06-05T00:53:30","date_gmt":"2019-06-04T22:53:30","guid":{"rendered":"http:\/\/lemotdujour.fr\/?p=6815"},"modified":"2020-11-15T15:58:55","modified_gmt":"2020-11-15T14:58:55","slug":"mercredi-5-juin-2019","status":"publish","type":"post","link":"https:\/\/lemotdujour.fr\/?p=6815","title":{"rendered":"Mercredi 5 juin 2019"},"content":{"rendered":"<div class=\"mdjTexte\">\t\u00ab&nbsp;Le titulaire d\u2019une marque&nbsp;est un fils, en droite ligne, de ces putains alexandrines&nbsp;\u00bb<\/div>\n<div class=\"mdjAuteur\">\tMichel Serres<\/div>\n<p><span style=\"color: #777777; font-family: Arial;\">Nous avons tous, notamment avec nos enfants, \u00e9t\u00e9 confront\u00e9s \u00e0 la tyrannie des marques. Il faut des chaussures de telle marque, des v\u00eatements de telle autre sinon l&rsquo;enfant est ostracis\u00e9, exclu du groupe.<br \/>\n<\/span><\/p>\n<p><span style=\"color: #777777; font-family: Arial;\">Les marques permettent des marges consid\u00e9rables, surtout depuis que les soci\u00e9t\u00e9s qui les poss\u00e8dent ont trouv\u00e9 le filon d&rsquo;aller faire fabriquer le support de leur logo dans des pays de main d&rsquo;\u0153uvre peu ch\u00e8re et d&rsquo;un droit du travail particuli\u00e8rement accommodant pour les employeurs cupides.<br \/>\n<\/span><\/p>\n<p><span style=\"color: #777777; font-family: Arial;\">Mais d&rsquo;o\u00f9 vient cette appellation de \u00ab&nbsp;<strong>marque<\/strong>&nbsp;\u00bb.<br \/>\n<\/span><\/p>\n<p><span style=\"color: #777777; font-family: Arial;\">C&rsquo;est encore Michel Serres qui apporte son explication particuli\u00e8re. Il a dit lors de l&rsquo;\u00e9mission que j&rsquo;ai d\u00e9j\u00e0 \u00e9voqu\u00e9e deux fois ces derniers jours&nbsp;: \u00ab&nbsp;<span style=\"color: #0000ff;\"><a style=\"color: #0000ff;\" href=\"https:\/\/www.dailymotion.com\/video\/x79e7oa\"><span style=\"text-decoration: underline;\">Michel Serres \u2013 Questions Politiques du 26 mai 2019&nbsp;<\/span><\/a><\/span>\u00bb&nbsp;:<br \/>\n<\/span><\/p>\n<p style=\"margin-left: 28pt;\"><span style=\"color: #c00000; font-family: Arial;\">\u00ab&nbsp;Autant il est facile de trouver l&rsquo;origine du mot marque et sa fonction linguistique dans le droit de propri\u00e9t\u00e9, autant la date de son apparition historique sur le march\u00e9 restait, \u00e0 ma connaissance inconnue.<br \/>\n<\/span><\/p>\n<p style=\"margin-left: 28pt;\"><span style=\"color: #c00000; font-family: Arial;\">Sauf que, feuilletant un vieux grimoire de l&rsquo;\u00e9poque hell\u00e9nistique, je d\u00e9couvris que les putains d&rsquo;Alexandrie sculptaient en n\u00e9gatif leur nom et leur adresse sous les semelles de leurs sandales et les imprimaient ainsi en marchant sur le sable de la plage. Marchant, elles marquaient.&nbsp;[\u2026]&nbsp;Leurs clients les suivaient \u00e0 la trace.<br \/>\n<\/span><\/p>\n<p style=\"margin-left: 28pt;\"><span style=\"color: #c00000; font-family: Arial;\">La publicit\u00e9, rien de plus rationnel, fut invent\u00e9e par les filles publiques. Comment nommer le titulaire d&rsquo;une marque&nbsp;? Un fils, en droite ligne, de ces putains alexandrines.&nbsp;\u00bb<br \/>\n<\/span><\/p>\n<p><span style=\"color: #777777; font-family: Arial;\">Un peu de recherche a permis de constater qu&rsquo;il avait d\u00e9j\u00e0 rapport\u00e9 cette origine dans livre \u00ab&nbsp;<strong>Le mal propre<\/strong>&nbsp;\u00bb<br \/>\n<\/span><\/p>\n<p><img decoding=\"async\" class=\"alignleft\" src=\"https:\/\/lemotdujour.fr\/wp-content\/uploads\/2019\/06\/060319_2212_Mercredi5ju1.jpg\" alt=\"\" align=\"left\"><span style=\"color: #777777; font-family: Arial;\">Le mal propre commence ainsi&nbsp;:<br \/>\n<\/span><\/p>\n<p style=\"margin-left: 28pt;\"><span style=\"color: #c00000; font-family: Arial;\">\u00ab&nbsp;Le tigre pisse aux limites de sa niche. Le lion et le chien aussi bien. Comme ces mammif\u00e8res carnassiers, beaucoup d&rsquo;animaux, nos cousins, <em>marquent<\/em> leur territoire de leur urine, dure, puante&nbsp;; et de leurs abois ou de leurs chansons douces, comme pinsons et rossignols.<br \/>\n<\/span><\/p>\n<p style=\"margin-left: 28pt;\"><span style=\"color: #c00000; font-family: Arial;\">Marquer&nbsp;: ce verbe a pour origine la marque du pas, laiss\u00e9e sur la terre par le pied. Les putains d&rsquo;Alexandrie, jadis, avaient coutume, dit-on, de ciseler, en n\u00e9gatif, leurs initiales sous la semelle de leurs sandales, pour que, les lisant, imprim\u00e9es sur le sable de la plage, le client \u00e9ventuel reconnaisse la personne d\u00e9sir\u00e9e en m\u00eame temps que la direction de sa couche. Les pr\u00e9sidents des grandes marques reproduites par les publicitaires sur les affiches des villes jouiront sans doute, ensemble, d&rsquo;apprendre qu&rsquo;ils descendent en droite ligne, comme de bons fils, de ces putains-l\u00e0.<br \/>\n<\/span><\/p>\n<p style=\"margin-left: 28pt;\"><span style=\"color: #c00000; font-family: Arial;\">Ou de ces bestioles-l\u00e0, qui marquent de leurs d\u00e9jections les fronti\u00e8res de leur aire. De m\u00eame, certains v\u00e9g\u00e9taux diffusent alentour de petits jets invisibles d&rsquo;acide\u2026 Rien ne pousse \u00e0 l&rsquo;ombre glac\u00e9e des sapins.&nbsp;\u00bb<br \/>\n<\/span><\/p>\n<p><span style=\"color: #777777; font-family: Arial;\">Il y a donc selon lui deux origines aux \u00ab&nbsp;marques&nbsp;\u00bb.<br \/>\n<\/span><\/p>\n<ul>\n<li><span style=\"color: #777777; font-family: Arial;\">L&rsquo;instinct des mammif\u00e8res \u00ab&nbsp;de pisser&nbsp;\u00bb aux limites de leur territoire pour en \u00ab&nbsp;marquer&nbsp;\u00bb les limites et leur appropriation de ce territoire.<br \/>\n<\/span><\/li>\n<li><span style=\"color: #777777; font-family: Arial;\">La pratique des prostitu\u00e9es d&rsquo;Alexandrie d&rsquo;imprimer leur trace dans le sable afin que leurs clients puissent les retrouver.<br \/>\n<\/span><\/li>\n<\/ul>\n<p><span style=\"color: #777777; font-family: Arial;\">Je ne sais pas s&rsquo;il faut consid\u00e9rer ces explications comme la v\u00e9rit\u00e9 historique.<br \/>\n<\/span><\/p>\n<p><span style=\"color: #777777; font-family: Arial;\">Mais je dois avouer qu&rsquo;elles me plaisent beaucoup, tant il est vrai que \u00ab&nbsp;les marques&nbsp;\u00bb sont devenus une sorte de drogue qui cr\u00e9e l&rsquo;addiction \u00e0 une soci\u00e9t\u00e9 de surconsommation dont nous savions d\u00e9j\u00e0 qu&rsquo;elle \u00e9tait la ruine de l&rsquo;\u00e2me et dont nous comprenons aujourd&rsquo;hui qu&rsquo;elle est aussi une immense menace pour la survie de notre esp\u00e8ce sur la terre.<br \/>\n<\/span><\/p>\n<p><span style=\"color: #c00000; font-family: Arial;\">&lt;1248&gt;<\/span><\/p>\n","protected":false},"excerpt":{"rendered":"<p>\u00ab&nbsp;Le titulaire d\u2019une marque&nbsp;est un fils, en droite ligne, de ces putains alexandrines&nbsp;\u00bb Michel Serres Nous avons tous, notamment avec nos enfants, \u00e9t\u00e9 confront\u00e9s \u00e0 la tyrannie des marques. Il faut des chaussures de telle marque, des v\u00eatements de telle<\/p>\n","protected":false},"author":1,"featured_media":0,"comment_status":"open","ping_status":"closed","sticky":false,"template":"","format":"standard","meta":{"footnotes":""},"categories":[1],"tags":[10,17,23],"class_list":["post-6815","post","type-post","status-publish","format-standard","hentry","category-motdujour","tag-economie","tag-histoire","tag-humour"],"_links":{"self":[{"href":"https:\/\/lemotdujour.fr\/index.php?rest_route=\/wp\/v2\/posts\/6815","targetHints":{"allow":["GET"]}}],"collection":[{"href":"https:\/\/lemotdujour.fr\/index.php?rest_route=\/wp\/v2\/posts"}],"about":[{"href":"https:\/\/lemotdujour.fr\/index.php?rest_route=\/wp\/v2\/types\/post"}],"author":[{"embeddable":true,"href":"https:\/\/lemotdujour.fr\/index.php?rest_route=\/wp\/v2\/users\/1"}],"replies":[{"embeddable":true,"href":"https:\/\/lemotdujour.fr\/index.php?rest_route=%2Fwp%2Fv2%2Fcomments&post=6815"}],"version-history":[{"count":5,"href":"https:\/\/lemotdujour.fr\/index.php?rest_route=\/wp\/v2\/posts\/6815\/revisions"}],"predecessor-version":[{"id":10090,"href":"https:\/\/lemotdujour.fr\/index.php?rest_route=\/wp\/v2\/posts\/6815\/revisions\/10090"}],"wp:attachment":[{"href":"https:\/\/lemotdujour.fr\/index.php?rest_route=%2Fwp%2Fv2%2Fmedia&parent=6815"}],"wp:term":[{"taxonomy":"category","embeddable":true,"href":"https:\/\/lemotdujour.fr\/index.php?rest_route=%2Fwp%2Fv2%2Fcategories&post=6815"},{"taxonomy":"post_tag","embeddable":true,"href":"https:\/\/lemotdujour.fr\/index.php?rest_route=%2Fwp%2Fv2%2Ftags&post=6815"}],"curies":[{"name":"wp","href":"https:\/\/api.w.org\/{rel}","templated":true}]}}