{"id":6805,"date":"2019-06-04T02:05:29","date_gmt":"2019-06-04T00:05:29","guid":{"rendered":"http:\/\/lemotdujour.fr\/?p=6805"},"modified":"2020-11-15T16:00:23","modified_gmt":"2020-11-15T15:00:23","slug":"mardi-4-juin-2019","status":"publish","type":"post","link":"https:\/\/lemotdujour.fr\/?p=6805","title":{"rendered":"Mardi 4 juin 2019"},"content":{"rendered":"<div class=\"mdjTexte\">\t\u00ab&nbsp;Le massacre de la place de la porte de la Paix c\u00e9leste\u00bb<\/div>\n<div class=\"mdjAuteur\">\tEpisode fondamental de l\u2019Histoire de la R\u00e9publique Populaire de Chine<\/div>\n<p><span style=\"color: #777777; font-family: Arial;\">Le 4 juin 1989, le mur de Berlin n&rsquo;\u00e9tait pas encore tomb\u00e9, mais les pays communistes dans l&rsquo;Europe de l&rsquo;est \u00e9taient en pleine \u00e9bullition et Gorbatchev essayait vainement de r\u00e9former l&rsquo;Union sovi\u00e9tique.<br \/>\n<\/span><\/p>\n<p><span style=\"color: #777777; font-family: Arial;\">Je ne m&rsquo;en souvenais pas, mais le jour pr\u00e9c\u00e9dent, le 3 juin 1989, l&rsquo;aust\u00e8re et fanatique Ayatollah Khomeini venait de mourir.<br \/>\n<\/span><\/p>\n<p><span style=\"color: #777777; font-family: Arial;\">Et le 4 juin fut le jour du massacre de la place <strong>Tian&rsquo;anmen <\/strong>\u00e0 P\u00e9kin<br \/>\n<\/span><\/p>\n<p><span style=\"color: #777777; font-family: Arial;\">Or \u00ab&nbsp;<a href=\"https:\/\/fr.wikipedia.org\/wiki\/Tian%27anmen\"><span style=\"color: #0000ff;\">Tian&rsquo;anmen<\/span><\/a>&nbsp;\u00bb signifie \u00ab&nbsp;la porte de la Paix c\u00e9leste&nbsp;\u00bb. C&rsquo;est une porte monumentale de l&rsquo;avenue qui constitue l&rsquo;entr\u00e9e Sud de la Cit\u00e9 imp\u00e9riale. Elle borde au Nord la place qui porte son nom.<br \/>\n<\/span><\/p>\n<p><span style=\"color: #777777; font-family: Arial;\">Le 4 juin 1989,<strong> il y a 30 ans<\/strong>, fut donc le jour du massacre de la place de la porte de la Paix c\u00e9leste<br \/>\n<\/span><\/p>\n<p><span style=\"color: #777777; font-family: Arial;\">Associer \u00ab<strong>&nbsp;la paix c\u00e9leste<\/strong>&nbsp;\u00bb et \u00ab&nbsp;<strong>un massacre<\/strong>&nbsp;\u00bb constitue un oxymore dont la Chine communiste semble coutumi\u00e8re.<br \/>\n<\/span><\/p>\n<p><span style=\"color: #777777; font-family: Arial;\">J&rsquo;avais soulign\u00e9 lors du &lt;<span style=\"color: #0000ff;\"><a style=\"color: #0000ff;\" href=\"https:\/\/lemotdujour.fr\/?p=2099\">mot du jour du 24 mai 2013<\/a><\/span>&gt; l&rsquo;extraordinaire article 1 de la constitution de la Chine populaire&nbsp;:<br \/>\n<\/span><\/p>\n<p style=\"margin-left: 28pt;\"><span style=\"color: #c00000; font-family: Arial;\">\u00ab&nbsp;La R\u00e9publique populaire de Chine est un \u00c9tat socialiste de <strong>dictature d\u00e9mocratique<\/strong> populaire dirig\u00e9 par la classe ouvri\u00e8re et fond\u00e9 sur l&rsquo;alliance entre ouvriers et paysans.<br \/>\n<\/span><\/p>\n<p style=\"margin-left: 28pt;\"><span style=\"color: #c00000; font-family: Arial;\">Le syst\u00e8me socialiste est le syst\u00e8me fondamental de la R\u00e9publique populaire de Chine. Il est interdit \u00e0 toute organisation ou tout individu de porter atteinte au syst\u00e8me socialiste.&nbsp;\u00bb<br \/>\n<\/span><\/p>\n<p><span style=\"color: #777777; font-family: Arial;\">D&rsquo;ailleurs la seconde partie de cet article \u00ab&nbsp;<strong>Il est interdit \u00e0 toute organisation ou tout individu de porter atteinte au syst\u00e8me socialiste<\/strong>&nbsp;\u00bb semble lourd de sens et annonciateur de ce qui s&rsquo;est pass\u00e9 en juin 1989.<br \/>\n<\/span><\/p>\n<p><span style=\"color: #777777; font-family: Arial;\">En 1989, la Chine \u00e9tait au d\u00e9but de son extraordinaire d\u00e9veloppement \u00e9conomique qui l&rsquo;a amen\u00e9 \u00e0 son niveau d&rsquo;aujourd&rsquo;hui, \u00e0 savoir en rival des \u00c9tats-Unis d&rsquo;Am\u00e9rique. Tout le monde attribue cette \u00e9volution remarquable \u00e0 Deng Xiaoping qui est arriv\u00e9 \u00e0 \u00e9carter le successeur d\u00e9sign\u00e9 de Mao&nbsp;: Hua Guofeng. De mani\u00e8re officielle Deng Xiaoping sera le principal dirigeant chinois \u00e0 partir de d\u00e9cembre 1978<br \/>\n<\/span><\/p>\n<p><span style=\"color: #777777; font-family: Arial;\">Autour de Deng Xiaoping trois dirigeants vont jouer un r\u00f4le \u00e9minent dans toute cette affaire&nbsp;<strong>:<br \/>\n<\/strong><\/span><\/p>\n<ul>\n<li><span style=\"color: #777777; font-family: Arial;\"><strong>Hu Yaobang<\/strong> qui a \u00e9t\u00e9 le secr\u00e9taire g\u00e9n\u00e9ral du parti communiste chinois de 1980 \u00e0 1987. Mais il sera limog\u00e9 en 1987 de ses fonctions \u00e0 la t\u00eate du Parti \u00e0 la suite d\u00e9j\u00e0 de manifestations \u00e9tudiantes dont il aurait soutenu les revendications d\u00e9mocratiques. Il avait l&rsquo;image du r\u00e9formateur.<br \/>\n<\/span><\/li>\n<li><span style=\"color: #777777;\"><span style=\"font-family: Arial;\"><strong>Zhao Ziyang<\/strong> \u00e9tait Premier ministre de 1980 <\/span><span style=\"font-family: Verdana;\">\u00e0<\/span><span style=\"font-family: Arial;\"> 1987 puis il remplace Hu Yaobang comme Secr<\/span><span style=\"font-family: Verdana;\">\u00e9<\/span><span style=\"font-family: Arial;\">taire g<\/span><span style=\"font-family: Verdana;\">\u00e9<\/span><span style=\"font-family: Arial;\">n<\/span><span style=\"font-family: Verdana;\">\u00e9<\/span><span style=\"font-family: Arial;\">ral du Parti communiste chinois de 1987 \u00e0 1989.<br \/>\n<\/span><\/span><\/li>\n<li><span style=\"color: #777777; font-family: Arial;\"><strong>Li Peng<\/strong> qui a pris la place de <strong>Zhao Ziyang <\/strong>comme Premier ministre en 1987 et le restera jusqu&rsquo;en 1998.<br \/>\n<\/span><\/li>\n<\/ul>\n<p><span style=\"color: #777777; font-family: Arial;\">Ces 3 hommes sont des disciples et des proches collaborateurs de Deng Xiaoping, mais n&rsquo;auront pas toujours sa confiance<br \/>\n<\/span><\/p>\n<p><span style=\"color: #777777; font-family: Arial;\">En avril 1989, Deng Xiaoping ne se pr\u00e9sente plus au premier plan mais tire encore les ficelles. Au premier plan, il y a Zhao Ziyang le chef du Parti et Li Peng le premier ministre<strong>.<br \/>\n<\/strong><\/span><\/p>\n<p><span style=\"color: #777777; font-family: Arial;\">Et c&rsquo;est dans ce contexte que Hu Yaobang meurt le 15 avril 1989. Des manifestations spontan\u00e9es ont lieu dans tout le pays pour saluer son r\u00f4le de r\u00e9formateur et .demandent la r\u00e9habilitation politique de Hu Yaobang. Le 18, quelques milliers d&rsquo;\u00e9tudiants et de civils se rendent sur la place o\u00f9 ils organisent un sit-in devant le Grand Palais du Peuple (l&rsquo;assembl\u00e9e nationale). C&rsquo;est la premi\u00e8re grande manifestation.<br \/>\n<\/span><\/p>\n<p><span style=\"color: #777777; font-family: Arial;\">C&rsquo;est ainsi que commencent les \u00e9v\u00e8nements de Tian&rsquo;anmen.<strong><br \/>\n<\/strong><\/span><\/p>\n<p><span style=\"color: #777777; font-family: Arial;\">Ce sont des intellectuels, des ouvriers et des \u00e9tudiants qui vont manifester, faire des gr\u00e8ves de la faim et finalement m\u00eame \u00e9riger une statue de la libert\u00e9 \u00ab&nbsp;chinoise&nbsp;\u00bb. Ils d\u00e9noncent la corruption et demandent des r\u00e9formes politiques et d\u00e9mocratiques.<br \/>\n<\/span><\/p>\n<p><span style=\"color: #777777; font-family: Arial;\">Ces \u00e9v\u00e8nements vont durer du 16 avril jusqu&rsquo;au 4 juin. Ils vont durer aussi longtemps parce qu&rsquo;il y a d\u00e9saccord au sein du groupe des dirigeants Zhao Ziyang \u00e9tant \u00e0 la t\u00eate du groupe qui souhaite n\u00e9gocier et acc\u00e9der \u00e0 certaines r\u00e9formes, Li Peng \u00e0 la t\u00eate d&rsquo;un groupe qui veut tuer dans l&rsquo;\u0153uf toute \u00e9volution du r\u00e9gime et de remise en cause du r\u00f4le du Parti Communiste Chinois.<br \/>\n<\/span><\/p>\n<p><span style=\"color: #777777; font-family: Arial;\">Finalement c&rsquo;est le groupe de Li Peng avec le soutien de Deng Xiaoping qui va gagner, la ligne dure l&#8217;emporte, et apr\u00e8s l&rsquo;\u00e9tablissement de la Loi martiale en 19 mai, Zhao Ziyang est imm\u00e9diatement limog\u00e9 et plac\u00e9 en r\u00e9sidence surveill\u00e9e o\u00f9 il restera jusqu&rsquo;\u00e0 sa mort.<br \/>\n<\/span><\/p>\n<p><span style=\"color: #777777; font-family: Arial;\">Mais les manifestants restant mobilis\u00e9s, malgr\u00e9 la Loi martiale, le gouvernement chinois va envoyer l&rsquo;arm\u00e9e et r\u00e9primer le soul\u00e8vement dans le sang le 4 juin 1989 de triste m\u00e9moire.<br \/>\n<\/span><\/p>\n<p><span style=\"color: #777777; font-family: Arial;\">Les officiels chinois pr\u00e9tendront qu&rsquo;il y a eu 200 morts, d&rsquo;autres sources dont l&rsquo;Union Sovi\u00e9tique comme les \u00c9tats-Unis estiment ce massacre \u00e0 plus de 10&nbsp;000 morts.<br \/>\n<\/span><\/p>\n<p><span style=\"color: #777777; font-family: Arial;\">Tous ces \u00e9v\u00e8nements sont pr\u00e9cis\u00e9ment d\u00e9crits dans &lt;<a href=\"https:\/\/fr.wikipedia.org\/wiki\/Manifestations_de_la_place_Tian%27anmen\"><span style=\"color: #0000ff;\">Wikipedia<\/span>&gt;<\/a><br \/>\n<\/span><\/p>\n<p><span style=\"color: #777777; font-family: Arial;\">Il y a aussi ce documentaire <a href=\"https:\/\/www.youtube.com\/watch?v=ApD7PFkfGN8\"><span style=\"color: #0000ff;\">&lt;d&rsquo;Arte&gt;<\/span>&nbsp;<\/a>:<br \/>\n<\/span><\/p>\n<p><span style=\"color: #777777; font-family: Arial;\">Et puis dans une perspective contemporaine, il y a cette \u00e9mission du Grain \u00e0 moudre sur France Culture&nbsp;: \u00ab<span style=\"color: #0000ff;\">&nbsp;<\/span><a href=\"https:\/\/www.franceculture.fr\/emissions\/du-grain-a-moudre\/que-reste-t-il-de-tiananmen\"><span style=\"color: #0000ff;\">Que reste-t-il de Tiananmen ?<\/span>&nbsp;<\/a>\u00bb.<br \/>\n<\/span><\/p>\n<p><img loading=\"lazy\" decoding=\"async\" class=\"alignleft\" src=\"https:\/\/lemotdujour.fr\/wp-content\/uploads\/2019\/06\/060319_2004_Mardi4juin21.jpg\" alt=\"\" width=\"294\" height=\"443\" align=\"left\"><span style=\"color: #777777; font-family: Arial;\">Parmi les invit\u00e9s, il y avait la journaliste <strong>Laure Guilmer<\/strong> qui avait couvert ces \u00e9v\u00e8nements et qui est retourn\u00e9 en Chine en 2019 pour retrouver les \u00e9tudiants d\u00e9sormais cinquantenaires qu&rsquo;elle avait connus alors. Elle raconte combien il est difficile de les faire reparler de ce moment de leur vie, certains sont totalement dans le d\u00e9ni.<br \/>\n<\/span><\/p>\n<p><span style=\"color: #777777; font-family: Arial;\">Le gouvernement a d&rsquo;ailleurs poursuivi une vraie politique d&rsquo;occultation, d&rsquo;omerta et continue \u00e0 le faire.<br \/>\n<\/span><\/p>\n<p><span style=\"color: #777777; font-family: Arial;\">Comme l&rsquo;\u00e9crit le journal&nbsp;: \u00ab&nbsp;La Croix&nbsp;\u00bb &lt;<a href=\"https:\/\/www.la-croix.com\/Monde\/Asie-et-Oceanie\/Pekin-minimise-toujours-gestion-turbulences-Tian-An-Men-2019-06-02-1201026139\"><span style=\"color: #0000ff;\">P\u00e9kin minimise toujours la gestion des \u00ab turbulences \u00bb de Tian An Men<\/span><\/a>&gt;&nbsp;:<br \/>\n<\/span><\/p>\n<p style=\"margin-left: 28pt;\"><span style=\"color: #c00000; font-family: Arial;\">\u00ab Cet incident \u00e9tait une turbulence politique et le gouvernement central a pris les mesures pour mettre un terme \u00e0 ces turbulences, ce qui a \u00e9t\u00e9 la d\u00e9cision correcte \u00bb, a expliqu\u00e9 dimanche 2 juin \u00e0 Singapour le g\u00e9n\u00e9ral chinois Wei Fenghe \u00e0 une question d&rsquo;une journaliste portant sur la r\u00e9pression militaire le 4 juin 1989 \u00e0 P\u00e9kin. [\u2026]<br \/>\n<\/span><\/p>\n<p style=\"margin-left: 28pt;\"><span style=\"color: #c00000; font-family: Arial;\">P\u00e9kin n&rsquo;a jamais reconnu le nombre de victimes, parlant de \u00ab 200 ou 300 dont beaucoup de soldats \u00bb. Le nombre de victimes se chiffre beaucoup plus autour de \u00ab plusieurs milliers \u00bb, pas seulement sur la Place Tian An Men et \u00e0 P\u00e9kin mais dans des dizaines de villes chinoises o\u00f9 les \u00e9tudiants s&rsquo;\u00e9taient \u00e9galement soulev\u00e9s. [\u2026]<br \/>\n<\/span><\/p>\n<p style=\"margin-left: 28pt;\"><span style=\"color: #c00000; font-family: Arial;\">La m\u00e9moire de ces tragiques \u00e9v\u00e9nements est toujours port\u00e9e par de nombreux militants \u00e0 travers le monde et m\u00eame \u00e0 Hong Kong, seul endroit du territoire chinois o\u00f9 il est encore possible d&rsquo;\u00e9voquer \u00ab Tian An Men \u00bb et o\u00f9 les d\u00e9fenseurs de la d\u00e9mocratie se battent encore, convaincus de voir la v\u00e9rit\u00e9 triompher en citant le grand auteur chinois Lu Xun (1881-1936)\u2009: \u00ab <strong>Les mensonges \u00e9crits \u00e0 l&rsquo;encre ne peuvent camoufler les faits \u00e9crits dans le sang<\/strong>. \u00bb<br \/>\n<\/span><\/p>\n<p><span style=\"color: #777777; font-family: Arial;\">Cet \u00e9change entre le g\u00e9n\u00e9ral chinois et le journaliste ne sera pas \u00e9voqu\u00e9 dans les m\u00e9dias chinois en Chine.<br \/>\n<\/span><\/p>\n<p><span style=\"color: #777777; font-family: Arial;\">Depuis 1989, il n&rsquo;est pas possible de parler de ces \u00e9v\u00e8nements en Chine. Les moteurs de recherche chinois ne permettent pas d&rsquo;acc\u00e9der aux sites qui parlent du 4 juin ou des massacres de Tien an Men.<br \/>\n<\/span><\/p>\n<p><span style=\"color: #777777; font-family: Arial;\">Le &lt;<span style=\"color: #0000ff;\"><a style=\"color: #0000ff;\" href=\"http:\/\/www.lefigaro.fr\/flash-actu\/tiananmen-a-immunise-la-chine-contre-l-agitation-presse-officielle-20190603\">Figaro<\/a><\/span>&gt; rapporte&nbsp;:<br \/>\n<\/span><\/p>\n<p style=\"margin-left: 28pt;\"><span style=\"color: #c00000; font-family: Arial;\">\u00ab&nbsp;Dans un \u00e9ditorial, le quotidien de langue anglaise Global Times, tr\u00e8s proche du parti au pouvoir, estime que \u00abl&rsquo;incident\u00bb du 4 juin 1989 \u00abest devenu un \u00e9v\u00e9nement historique oubli\u00e9\u00bb et que cet oubli m\u00eame a permis \u00e0 la Chine de poursuivre son spectaculaire d\u00e9veloppement \u00e9conomique.<br \/>\n<\/span><\/p>\n<p style=\"margin-left: 28pt;\"><span style=\"color: #c00000; font-family: Arial;\">\u00abDepuis l&rsquo;incident, la Chine est parvenue \u00e0 devenir la deuxi\u00e8me \u00e9conomie mondiale, avec une am\u00e9lioration rapide du niveau de vie\u00bb, salue le journal, alors que l&rsquo;ensemble des autres m\u00e9dias gardaient le silence sur l&rsquo;anniversaire du massacre. \u00abEn vaccinant la soci\u00e9t\u00e9 chinoise, <strong>l&rsquo;incident de Tiananmen augmentera grandement l&rsquo;immunit\u00e9 de la Chine contre tout trouble politique \u00e0 l&rsquo;avenir<\/strong>\u00bb, estime le quotidien, dont l&rsquo;\u00e9ditorial ne figurait pas dans la version du journal en langue chinoise et n&rsquo;\u00e9tait pas non plus disponible en ligne.&nbsp;\u00bb<br \/>\n<\/span><\/p>\n<p><span style=\"color: #777777; font-family: Arial;\">Quelles conclusions tirer de ces \u00e9v\u00e8nements et de leurs suites&nbsp;?<br \/>\n<\/span><\/p>\n<ul>\n<li><span style=\"color: #777777; font-family: Arial;\">En Chine, le r\u00e9gime fort et sans remord mis en place par Deng Xiaoping a enterr\u00e9, l&rsquo;illusion de beaucoup d&rsquo;occidentaux qui pr\u00e9tendait que le d\u00e9veloppement du capitalisme se r\u00e9alisait en parall\u00e8le avec un d\u00e9veloppement des libert\u00e9s d\u00e9mocratiques. L&rsquo;\u00e9volution chinoise a d\u00e9montr\u00e9 exactement le contraire. Le d\u00e9veloppement a continu\u00e9 de plus belle et jamais la population chinoise n&rsquo;a \u00e9t\u00e9 aussi surveill\u00e9e et priv\u00e9e de libert\u00e9.<br \/>\n<\/span><\/li>\n<li><span style=\"color: #777777; font-family: Arial;\">Les dirigeants chinois ont explicitement propos\u00e9 ce \u00ab&nbsp;contrat&nbsp;\u00bb \u00e0 leurs citoyens&nbsp;: Vous pouvez vous enrichir autant que vous voulez, mais personne n&rsquo;a le droit de toucher \u00e0 l&rsquo;organisation politique et au r\u00f4le du Parti communiste.<br \/>\n<\/span><\/li>\n<li><span style=\"color: #777777; font-family: Arial;\">Seules des difficult\u00e9s \u00e9conomiques importantes pourront remettre en question \u00ab&nbsp;ce contrat&nbsp;\u00bb.<br \/>\n<\/span><\/li>\n<li><span style=\"color: #777777; font-family: Arial;\">Enfin, la Chine constitue un exemple parfait de la soumission qu&rsquo;on obtient quand on parvient \u00e0 transformer les citoyens, en simples consommateurs. M\u00eame si je doute que tous soient atteints par ce trouble du discernement qui est celui de se r\u00e9fugier dans la seule et exclusive consommation.<br \/>\n<\/span><\/li>\n<\/ul>\n<p><span style=\"color: #777777; font-family: Arial;\">En tout cas, la Chine n&rsquo;est en aucune fa\u00e7on, dans le contexte d&rsquo;aujourd&rsquo;hui, un \u00c9tat et une organisation politique d\u00e9sirables.<br \/>\n<\/span><\/p>\n<p><span style=\"color: #c00000; font-family: Arial;\">&lt;1246&gt;<\/span><\/p>\n","protected":false},"excerpt":{"rendered":"<p>\u00ab&nbsp;Le massacre de la place de la porte de la Paix c\u00e9leste\u00bb Episode fondamental de l\u2019Histoire de la R\u00e9publique Populaire de Chine Le 4 juin 1989, le mur de Berlin n&rsquo;\u00e9tait pas encore tomb\u00e9, mais les pays communistes dans l&rsquo;Europe<\/p>\n","protected":false},"author":1,"featured_media":0,"comment_status":"open","ping_status":"closed","sticky":false,"template":"","format":"standard","meta":{"footnotes":""},"categories":[1],"tags":[70,17,3],"class_list":["post-6805","post","type-post","status-publish","format-standard","hentry","category-motdujour","tag-chine","tag-histoire","tag-politique"],"_links":{"self":[{"href":"https:\/\/lemotdujour.fr\/index.php?rest_route=\/wp\/v2\/posts\/6805","targetHints":{"allow":["GET"]}}],"collection":[{"href":"https:\/\/lemotdujour.fr\/index.php?rest_route=\/wp\/v2\/posts"}],"about":[{"href":"https:\/\/lemotdujour.fr\/index.php?rest_route=\/wp\/v2\/types\/post"}],"author":[{"embeddable":true,"href":"https:\/\/lemotdujour.fr\/index.php?rest_route=\/wp\/v2\/users\/1"}],"replies":[{"embeddable":true,"href":"https:\/\/lemotdujour.fr\/index.php?rest_route=%2Fwp%2Fv2%2Fcomments&post=6805"}],"version-history":[{"count":5,"href":"https:\/\/lemotdujour.fr\/index.php?rest_route=\/wp\/v2\/posts\/6805\/revisions"}],"predecessor-version":[{"id":10091,"href":"https:\/\/lemotdujour.fr\/index.php?rest_route=\/wp\/v2\/posts\/6805\/revisions\/10091"}],"wp:attachment":[{"href":"https:\/\/lemotdujour.fr\/index.php?rest_route=%2Fwp%2Fv2%2Fmedia&parent=6805"}],"wp:term":[{"taxonomy":"category","embeddable":true,"href":"https:\/\/lemotdujour.fr\/index.php?rest_route=%2Fwp%2Fv2%2Fcategories&post=6805"},{"taxonomy":"post_tag","embeddable":true,"href":"https:\/\/lemotdujour.fr\/index.php?rest_route=%2Fwp%2Fv2%2Ftags&post=6805"}],"curies":[{"name":"wp","href":"https:\/\/api.w.org\/{rel}","templated":true}]}}