{"id":680,"date":"2014-04-28T02:00:00","date_gmt":"2014-04-27T22:00:00","guid":{"rendered":"http:\/\/lemotdujour.fr\/?p=680"},"modified":"2017-05-08T13:21:38","modified_gmt":"2017-05-08T11:21:38","slug":"lundi-28042014","status":"publish","type":"post","link":"https:\/\/lemotdujour.fr\/?p=680","title":{"rendered":"Lundi 28\/04\/2014"},"content":{"rendered":"<div class=\"mdjDate\">Lundi 28\/04\/2014<\/div>\n<div class=\"mdjTexte\">\u00abIl faut sauver les arm\u00e9niens.\u00bb<\/div>\n<div class=\"mdjAuteur\">Jean Jaur\u00e8s<\/div>\n<div class=\"mdjComplements\">La guerre de 1914-1918 va \u00eatre de plus en plus pr\u00e9sente dans les prochains mois et ann\u00e9es, dans les m\u00e9dias, les livres et probablement le mot du jour.<\/div>\n<div class=\"mdjComplements\">Je me suis int\u00e9ress\u00e9 \u00e0 deux \u00e9v\u00e9nements r\u00e9cents qui m&rsquo;ont fait d\u00e9couvrir la publication d&rsquo;un livre intitul\u00e9 \u00ab\u00a0Il faut sauver les arm\u00e9niens\u00a0\u00bb et qui rassemble plusieurs discours \u00e0 l&rsquo;Assembl\u00e9e nationale de Jaur\u00e8s \u00e0 partir de 1896.<\/div>\n<div class=\"mdjComplements\">Le premier \u00e9v\u00e8nement est le fait que le premier ministre turc Erdogan a adress\u00e9 ses condol\u00e9ances aux petits enfants des morts arm\u00e9niens, pour ce qu&rsquo;il n&rsquo;arrive pas encore \u00e0 appeler le g\u00e9nocide arm\u00e9nien, mais pour lesquels il parle de souffrance. Il l&rsquo;a fait le 24 avril, jour o\u00f9 les arm\u00e9niens comm\u00e9morent le g\u00e9nocide qui a commenc\u00e9 il y a 99 ans en 1915.<\/div>\n<div class=\"mdjComplements\">Le second est la visite \u00ab\u00a0compliqu\u00e9e\u00a0\u00bb du pr\u00e9sident de la r\u00e9publique dans la \u00ab\u00a0ville de Jaur\u00e8s\u00a0\u00bb Carmaux le 23 avril, officiellement en hommage \u00e0 Jaur\u00e8s \u00e0 l&rsquo;occasion du centenaire de sa mort.<\/div>\n<div class=\"mdjComplements\">Rappelons que Jean Jaur\u00e8s a \u00e9t\u00e9 assassin\u00e9 le 31 juillet 1914, au Caf\u00e9 du Croissant, rue Montmartre, vers 21 h 40 par un \u00e9tudiant nationaliste, Raoul Villain qui tire deux coups de feu par la fen\u00eatre ouverte du caf\u00e9 et abat Jaur\u00e8s \u00e0 bout portant. Rappelons que le lendemain, le 1er ao\u00fbt il y a mobilisation g\u00e9n\u00e9rale en France et l&rsquo;Allemagne d\u00e9clare la guerre \u00e0 la Russie, puis le 3 ao\u00fbt l&rsquo;Allemagne d\u00e9clare la guerre \u00e0 la Serbie et \u00e0 la France.<\/div>\n<div class=\"mdjComplements\">Ces deux faits m&rsquo;ont conduit \u00e0 d\u00e9couvrir le combat pr\u00e9coce de Jaur\u00e8s en faveur des arm\u00e9niens.<\/div>\n<div class=\"mdjComplements\">Ce livre rassemble plusieurs discours de Jean Jaur\u00e8s \u00e0 la tribune de la Chambre des d\u00e9put\u00e9s entre 1896 et 1897 concernant les massacres des Arm\u00e9niens de 1894-1896 ordonn\u00e9s par le sultan de l&rsquo;Empire ottoman, Abdul Hamid, dit le \u00ab\u00a0sultan rouge\u00a0\u00bb, et qui ont fait plus de 200 000 victimes.<\/div>\n<div class=\"mdjComplements\">Dans le premier discours du 3 novembre 1896. il stigmatise la responsabilit\u00e9 du sultan mais aussi celle des puissances europ\u00e9ennes, dont la Russie, et met en accusation le gouvernement de la R\u00e9publique fran\u00e7aise pour sa politique \u00e0 l&rsquo;\u00e9gard de l&rsquo;Empire ottoman. Jean Jaur\u00e8s initie alors de fait, le mouvement arm\u00e9nophile en France.<\/div>\n<div class=\"mdjComplements\">Dans son intervention du 22 f\u00e9vrier 1897. Il critique l&rsquo;attentisme du minist\u00e8re des Affaires \u00e9trang\u00e8res qui stimule les violences et d\u00e9montre que la d\u00e9mocratie implique de combattre la tyrannie m\u00eame hors de ses fronti\u00e8res.<\/div>\n<div class=\"mdjComplements\">Dans sa 3e interpellation du 15 mars 1897, il s&rsquo;\u00e9l\u00e8ve contre l&rsquo;impunit\u00e9 accord\u00e9e au sultan qui fait massacrer \u00e0 nouveau les Arm\u00e9niens, contre le choix de collaborer avec lui pour r\u00e9primer les populations de la Cr\u00e8te et contre la puissance financi\u00e8re des porteurs de bons ottomans qui confondent la politique avec leur int\u00e9r\u00eat personnel. Il faut n\u00e9anmoins noter dans la post-face de V. Duclert que c&rsquo;est la d\u00e9faite turque de Sarikamish face \u00e0 la Russie en janvier 1915 qui engendra un \u00a0\u00bb vaste proc\u00e8s collectif \u00a0\u00bb de trahison arm\u00e9nienne d\u00e9clenchant le G\u00e9nocide. L&rsquo;auteur ne dit pas que cette accusation de trahison \u00e9tait factice et que l&rsquo;intention g\u00e9nocidaire existait avant Sarikamish. Il cite aussi 1.2 million d&rsquo;Arm\u00e9niens extermin\u00e9s lors de ce G\u00e9nocide, alors qu&rsquo;il y en a eu 1.5 million.<\/div>\n<div class=\"mdjComplements\">Jean Jaur\u00e8s avait d\u00e9j\u00e0 compris que le processus g\u00e9nocidaire \u00e9tait enclench\u00e9.<\/div>\n<div class=\"mdjComplements\"><a href=\"http:\/\/livre.fnac.com\/a1902712\/Jean-Jaures-Il-faut-sauver-les-armeniens\">&lt;Le livre sur le site de la FNAC&gt;<\/a><\/div>\n<div class=\"mdjComplements\"><a href=\"http:\/\/minouchig.canalblog.com\/archives\/2008\/09\/17\/10619717.html\">&lt;Ici un site arm\u00e9nien consacr\u00e9 \u00e0 Jaur\u00e8s&gt;<\/a><\/div>\n<div class=\"mdjComplements\"><a href=\"http:\/\/www.imprescriptible.fr\/pedagogie\/jean-jaures.htm\">&lt;Et ici une page p\u00e9dagogique sur ce m\u00eame r\u00f4le de Jaur\u00e8s&gt;<\/a><\/div>\n<div class=\"mdjComplements\">Ce mot du jour nous rappelle que la France a connu des grands hommes politiques humanistes et visionnaires.<\/div>\n","protected":false},"excerpt":{"rendered":"<p>Lundi 28\/04\/2014 \u00abIl faut sauver les arm\u00e9niens.\u00bb Jean Jaur\u00e8s La guerre de 1914-1918 va \u00eatre de plus en plus pr\u00e9sente dans les prochains mois et ann\u00e9es, dans les m\u00e9dias, les livres et probablement le mot du jour. Je me suis<\/p>\n","protected":false},"author":1,"featured_media":0,"comment_status":"closed","ping_status":"closed","sticky":false,"template":"","format":"standard","meta":{"footnotes":""},"categories":[1],"tags":[],"class_list":["post-680","post","type-post","status-publish","format-standard","hentry","category-motdujour"],"_links":{"self":[{"href":"https:\/\/lemotdujour.fr\/index.php?rest_route=\/wp\/v2\/posts\/680","targetHints":{"allow":["GET"]}}],"collection":[{"href":"https:\/\/lemotdujour.fr\/index.php?rest_route=\/wp\/v2\/posts"}],"about":[{"href":"https:\/\/lemotdujour.fr\/index.php?rest_route=\/wp\/v2\/types\/post"}],"author":[{"embeddable":true,"href":"https:\/\/lemotdujour.fr\/index.php?rest_route=\/wp\/v2\/users\/1"}],"replies":[{"embeddable":true,"href":"https:\/\/lemotdujour.fr\/index.php?rest_route=%2Fwp%2Fv2%2Fcomments&post=680"}],"version-history":[{"count":1,"href":"https:\/\/lemotdujour.fr\/index.php?rest_route=\/wp\/v2\/posts\/680\/revisions"}],"predecessor-version":[{"id":681,"href":"https:\/\/lemotdujour.fr\/index.php?rest_route=\/wp\/v2\/posts\/680\/revisions\/681"}],"wp:attachment":[{"href":"https:\/\/lemotdujour.fr\/index.php?rest_route=%2Fwp%2Fv2%2Fmedia&parent=680"}],"wp:term":[{"taxonomy":"category","embeddable":true,"href":"https:\/\/lemotdujour.fr\/index.php?rest_route=%2Fwp%2Fv2%2Fcategories&post=680"},{"taxonomy":"post_tag","embeddable":true,"href":"https:\/\/lemotdujour.fr\/index.php?rest_route=%2Fwp%2Fv2%2Ftags&post=680"}],"curies":[{"name":"wp","href":"https:\/\/api.w.org\/{rel}","templated":true}]}}