{"id":6795,"date":"2019-06-03T00:24:12","date_gmt":"2019-06-02T22:24:12","guid":{"rendered":"http:\/\/lemotdujour.fr\/?p=6795"},"modified":"2020-11-15T16:01:39","modified_gmt":"2020-11-15T15:01:39","slug":"lundi-3-juin-2019","status":"publish","type":"post","link":"https:\/\/lemotdujour.fr\/?p=6795","title":{"rendered":"Lundi 3 juin 2019"},"content":{"rendered":"<div class=\"mdjTexte\">\t\u00ab&nbsp;Le moraliste espi\u00e8gle s\u2019en est all\u00e9 \u2026&nbsp;\u00bb<\/div>\n<div class=\"mdjAuteur\">\tMichel Serres est d\u00e9c\u00e9d\u00e9 samedi 1er juin \u00e0 19 heures<\/div>\n<p><span style=\"color: #777777; font-family: Arial;\">Je n&rsquo;imaginais pas lorsque je publiais le mot du jour, avant le long week-end de l&rsquo;ascension, dans lequel je partageais l&rsquo;\u00e9mission de France Inter \u00ab&nbsp;<a href=\"https:\/\/www.dailymotion.com\/video\/x79e7oa\"><span style=\"color: blue; text-decoration: underline;\"><span style=\"color: #0000ff; text-decoration: underline;\">Michel Serres \u2013 Questions Politiques du 26 mai 2019<\/span>&nbsp;<\/span><\/a>\u00bb, que lors du mot du jour suivant, il faudrait prendre cong\u00e9 de cet homme qui a \u00e9t\u00e9 si inspirant et m&rsquo;a donn\u00e9 tant de sources de r\u00e9flexions.<br \/>\n<\/span><\/p>\n<p><span style=\"color: #777777; font-family: Arial;\">Il est mort de vieillesse, je pense que c&rsquo;est cela qu&rsquo;il aurait dit<br \/>\n<\/span><\/p>\n<p><span style=\"color: #777777; font-family: Arial;\">Dans notre soci\u00e9t\u00e9 actuelle, on meurt de plus en plus vieux, mais selon ce que l&rsquo;on dit on meurt du cancer, d&rsquo;un infarctus ou de tout autre d\u00e9tail technique mais plus de vieillesse.<br \/>\n<\/span><\/p>\n<p><span style=\"color: #777777; font-family: Arial;\">Dans ce qui sera donc sa derni\u00e8re \u00e9mission de radio, il \u00e9tait visible que si son esprit \u00e9tait toujours aussi p\u00e9tillant et vivace, le corps \u00e9tait affaibli, malade.<br \/>\n<\/span><\/p>\n<p><img decoding=\"async\" class=\"alignleft\" src=\"https:\/\/lemotdujour.fr\/wp-content\/uploads\/2019\/06\/060219_1822_Lundi3juin21.jpg\" alt=\"\" align=\"left\"><span style=\"color: #777777; font-family: Arial;\">&lt;<span style=\"color: #0000ff;\"><a style=\"color: #0000ff;\" href=\"http:\/\/www.leparisien.fr\/societe\/michel-serres-un-philosophe-a-la-maternelle-23-03-2019-8038071.php\">Le Parisien du 23 mars 2019<\/a><\/span>&gt; rapporte une visite de Michel Serres dans une maternelle dans laquelle il \u00e9changeait avec de tous jeunes enfants.<br \/>\n<\/span><\/p>\n<p><span style=\"color: #777777; font-family: Arial;\">Un gar\u00e7on lui posa la question&nbsp;:<br \/>\n<\/span><\/p>\n<p style=\"margin-left: 28pt;\"><span style=\"color: #c00000; font-family: Arial;\">\u00ab C&rsquo;est quoi ton projet en ce moment ? \u00bb<br \/>\n<\/span><\/p>\n<p><span style=\"color: #c00000; font-family: Arial;\">\u00ab Peut-\u00eatre que je vais dispara\u00eetre dans quelque temps. Alors j&rsquo;essaye d&rsquo;\u00e9crire mon dernier livre \u00bb<span style=\"color: #777777;\">, r\u00e9pondit le philosophe.<br \/>\n<\/span><\/span><\/p>\n<p><span style=\"color: #777777; font-family: Arial;\">Une pluie d&rsquo;hommages lui a \u00e9t\u00e9 rendue ce week-end.<br \/>\n<\/span><\/p>\n<p><span style=\"color: #777777; font-family: Arial;\">Sur twitter\u2026<br \/>\n<\/span><\/p>\n<p><span style=\"color: #777777; font-family: Arial;\">Rappelons cependant cette anecdote qu&rsquo;il a racont\u00e9e dans l&rsquo;\u00e9mission \u00ab&nbsp;Questions Politiques&nbsp;\u00bb<br \/>\n<\/span><\/p>\n<p style=\"margin-left: 28pt;\"><span style=\"color: #c00000; font-family: Arial;\">\u00ab&nbsp;Derni\u00e8rement j&rsquo;ai fait des conf\u00e9rences, et j&rsquo;ai parl\u00e9 de bobards sur gazouillis et personne ne comprenait. Alors j&rsquo;ai dit \u00ab\u00a0pardon je parlais de fake news\u00a0\u00bb sur Twitter\u00a0\u00bb. Quand c&rsquo;est en anglais, tout le monde comprend. Les classes dominantes, les grandes entreprises et les publicitaires ne parlent qu&rsquo;anglais et c&rsquo;est terrible.&nbsp;\u00bb<br \/>\n<\/span><\/p>\n<p><span style=\"color: #777777; font-family: Arial;\">Donc sur Twitter, j&rsquo;ai aim\u00e9 Michel Field qui faisant r\u00e9f\u00e9rence \u00e0 un de ces derniers livres qui voulait d\u00e9montrer que \u00ab&nbsp;ce n&rsquo;\u00e9tait pas mieux avant&nbsp;\u00bb, a \u00e9crit&nbsp;:<br \/>\n<\/span><\/p>\n<p style=\"margin-left: 28pt;\"><span style=\"color: #c00000; font-family: Arial;\">\u00ab&nbsp;On est contraint de le contredire. Oui, Michel, c&rsquo;\u00e9tait mieux avant. Quand tu \u00e9tais l\u00e0.&nbsp;\u00bb<br \/>\n<\/span><\/p>\n<p><span style=\"color: #777777; font-family: Arial;\">Un autre a \u00e9crit&nbsp;:<br \/>\n<\/span><\/p>\n<p style=\"margin-left: 28pt;\"><span style=\"color: #c00000; font-family: Arial;\">\u00ab&nbsp;Nous vous avons tant aim\u00e9, Monsieur. Vous nous avez illumin\u00e9s en nous faisant croire que nous \u00e9tions intelligents.&nbsp;\u00bb.<br \/>\n<\/span><\/p>\n<p><span style=\"color: #777777; font-family: Arial;\">Mais tout le monde n&rsquo;\u00e9tait pas convaincu par le philosophe<br \/>\n<\/span><\/p>\n<p><span style=\"color: #777777; font-family: Arial;\">Ainsi j&rsquo;ai lu comme commentaire \u00e0 l&rsquo;\u00e9mission \u00ab&nbsp;Questions Politiques du 26 mai 2019&nbsp;\u00bb&nbsp;: \u00ab&nbsp;comme d&rsquo;habitude Michel Serres parle, pour ne rien dire&nbsp;\u00bb.<br \/>\n<\/span><\/p>\n<p><span style=\"color: #777777; font-family: Arial;\">M\u00eame dans &lt;<span style=\"color: #0000ff;\"><a style=\"color: #0000ff;\" href=\"https:\/\/www.lemonde.fr\/disparitions\/article\/2019\/06\/01\/le-philosophe-et-academicien-michel-serres-est-mort_5470322_3382.html\">Cet article d&rsquo;hommage<\/a><\/span>&gt; du Monde qui \u00e9crit de belles choses et reste globalement tr\u00e8s positif, on lit cependant&nbsp;:<br \/>\n<\/span><\/p>\n<p style=\"margin-left: 28pt;\"><span style=\"color: #c00000; font-family: Arial;\">\u00ab&nbsp;Michel Serres est, pour les \u00e9diteurs, une valeur s\u00fbre, entretenue par les articles amicaux d&rsquo;une pl\u00e9iade d&rsquo;anciens \u00e9l\u00e8ves. Du coup, le philosophe ne sait plus s&rsquo;arr\u00eater. C&rsquo;est dommage car, pour rester un genre \u00ab&nbsp;noble&nbsp;\u00bb, l&rsquo;essai suppose une exigence de rigueur qui, ici, tend \u00e0 se rel\u00e2cher au fil des ans. <em>Le Parasite,<\/em> ces deux textes curieusement \u00ab&nbsp;girardiens&nbsp;\u00bb que sont <em>Gen\u00e8se <\/em>et <em>Rome<\/em> (tous trois chez Grasset),<em><br \/>\n<\/em>puis des ouvrages comme <em>Les Cinq Sens<\/em>,<em> L&rsquo;Hermaphrodite<\/em>,<em> Statues<\/em>,<em> Le Contrat naturel <\/em>ou <em>Le Tiers-Instruit <\/em>(Grasset, Flammarion, Fran\u00e7ois Bourin) ne peuvent pas ne pas d\u00e9cevoir \u2013 surtout ceux qui se souviennent des d\u00e9buts du philosophe.&nbsp;\u00bb<br \/>\n<\/span><\/p>\n<p><span style=\"color: #777777; font-family: Arial;\">Et puis &lt;<span style=\"color: #0000ff;\"><a style=\"color: #0000ff;\" href=\"http:\/\/www.lefigaro.fr\/culture\/disparition-du-philosophe-michel-serres-a-88-ans-20190601\">Dans un autre article d&rsquo;hommage<\/a><\/span>&gt;, Le Figaro rapporte que deux intellectuels am\u00e9ricains Sokal et Bricmont, dans les ann\u00e9es 1990, critiqu\u00e8rent \u00ab&nbsp;f\u00e9rocement&nbsp;\u00bb Michel Serres dans un livre \u00ab&nbsp; <em>Impostures intellectuelles<\/em>&nbsp;\u00bb(Odile Jacob) dans lequel, ils contestent sa tendance \u00e0 utiliser des concepts scientifiques hors de leur contexte.<br \/>\n<\/span><\/p>\n<p><span style=\"color: #777777; font-family: Arial;\">Pour ma part, j&rsquo;ai toujours \u00e9t\u00e9 \u00e9bloui par ses fulgurances, son autre regard, sa capacit\u00e9 de porter un \u0153il totalement neuf sur des sujets quelquefois inattendus.<br \/>\n<\/span><\/p>\n<p><img decoding=\"async\" class=\"alignright\" src=\"https:\/\/lemotdujour.fr\/wp-content\/uploads\/2019\/06\/060219_1822_Lundi3juin22.jpg\" alt=\"\" align=\"left\"><span style=\"color: #777777; font-family: Arial;\">Ainsi, je me souviens d&rsquo;un jour o\u00f9 je l&rsquo;ai entendu parler du v\u00e9lo \u00e0 la radio.<br \/>\n<\/span><\/p>\n<p><span style=\"color: #777777; font-family: Arial;\">Il avait expliqu\u00e9 qu&rsquo;on lui avait demand\u00e9 d&rsquo;\u00e9crire un article sur le v\u00e9lo et la modernit\u00e9 du v\u00e9lo.<br \/>\n<\/span><\/p>\n<p><span style=\"color: #777777; font-family: Arial;\">D&rsquo;abord sceptique, il a brusquement eu une id\u00e9e ou disons une association d&rsquo;id\u00e9es.<br \/>\n<\/span><\/p>\n<p><span style=\"color: #777777; font-family: Arial;\">Vous pourrez trouver cet article publi\u00e9 dans \u00ab&nbsp;Le Hors-s\u00e9rie de Science et Vie, de mai-juin 2008&nbsp;\u00bb <span style=\"color: #0000ff;\"><a style=\"color: #0000ff;\" href=\"https:\/\/droitauvelo.org\/IMG\/jpg\/michel_serres_article.jpg\">&lt;ICI&gt;<\/a><\/span><br \/>\n<\/span><\/p>\n<p><span style=\"color: #777777; font-family: Arial;\">Et voil\u00e0 ce que donne ce plaidoyer de la bicyclette par le philosophe fac\u00e9tieux<br \/>\n<\/span><\/p>\n<p style=\"margin-left: 28pt;\"><span style=\"color: #c00000; font-family: Arial;\">\u00ab&nbsp;Le Cambrien &#8211; il y a 500 millions d&rsquo;ann\u00e9es &#8211; a vu \u00e9merger, chez les vivants monocellulaires mous, des <strong>parties dures<\/strong>, sortes de plaques de calcaire pluricellulaires. Des populations sont apparues, munies de toits dont la <strong>duret\u00e9<\/strong> mit \u00e0 l&rsquo;abri leurs parties douces&nbsp;: mollusques aux coques chantourn\u00e9es, arm\u00e9es d&rsquo;insectes couverts de chitine, sauriens et reptiles \u00e9maill\u00e9s d&rsquo;\u00e9cailles&#8230;<br \/>\n<\/span><\/p>\n<p style=\"margin-left: 28pt;\"><span style=\"color: #c00000; font-family: Arial;\">Des centaines de millions d&rsquo;ann\u00e9es apr\u00e8s \u00e9merg\u00e8rent des <strong>esp\u00e8ces douces<\/strong> dont l&rsquo;anatomie inversa exactement la duret\u00e9 pr\u00e9c\u00e9dente. Chair, poils, plumes, duvets,&#8230; toutes les parties souples sortirent lentement de ces coques cristallines ou de ces carapaces calcaires et devinrent parfois, \u00e0 l&rsquo;int\u00e9rieur, os, cartilages et squelettes. <strong>Ainsi notre corps sut, \u00e0 la longue, se faire doux dehors et dur dedans.<\/strong><br \/>\n<\/span><\/p>\n<p style=\"margin-left: 28pt;\"><span style=\"color: #c00000; font-family: Arial;\">Mais avec nos mains, nous ne pouvons encore fabriquer que <strong>du dur dehors et du doux dedans<\/strong>, \u00e0 l&rsquo;image de ces v\u00e9hicules d&rsquo;acier qui nous entourent. Tout se passe comme si nous ne parvenions \u00e0 modeler que des <strong>fossiles archa\u00efques<\/strong>&#8230;<br \/>\n<\/span><\/p>\n<p style=\"margin-left: 28pt;\"><span style=\"color: #c00000; font-family: Arial;\">Regardons passer wagons et locomotives, camions et automobiles, fonctionner grues et b\u00e9tonni\u00e8res, s&rsquo;\u00e9lever usines et fabriques&#8230; <strong>tous mous \u00e0 l&rsquo;int\u00e9rieur et d&rsquo;acier \u00e0 l&rsquo;ext\u00e9rieur<\/strong>. Nous voyons d\u00e9filer &#8211; s&rsquo;entrechoquer quelquefois mortellement &#8211; des millions de <strong>fossiles<\/strong>, rev\u00eatus de cuirasses comme des crustac\u00e9s, mollusques, arthropodes, insectes et sauriens&#8230;<br \/>\n<\/span><\/p>\n<p style=\"margin-left: 28pt;\"><span style=\"color: #c00000; font-family: Arial;\">Nos automobiles ressemblent \u00e0 la fois \u00e0 des animaux conserv\u00e9s ou fossiles et \u00e0 des armures de guerriers pr\u00e9historiques. <em>Quand saurons-nous produire des techniques douces \u00e0 l&rsquo;image de nos corps&nbsp;?<\/em><br \/>\n<\/span><\/p>\n<p style=\"margin-left: 28pt;\"><span style=\"color: #c00000; font-family: Arial;\"><strong>Le doux \u00e9mergera tout naturellement de nous lorsque nos techniques s&rsquo;ouvriront au monde au lieu de le combattre&#8230;<\/strong><br \/>\n<\/span><\/p>\n<p style=\"margin-left: 28pt;\"><span style=\"color: #c00000; font-family: Arial;\">Une exception \u00e0 cela. Nous avons su, <strong>une seule fois<\/strong>, fabriquer de nos mains une machine si souveraine qu&rsquo;on la nomma, d\u00e8s sa naissance, <strong>\u00ab&nbsp;la Petite Reine&nbsp;\u00bb<\/strong>.<br \/>\n<\/span><\/p>\n<p style=\"margin-left: 28pt;\"><span style=\"color: #c00000; font-family: Arial;\">Une machine qui, <strong>pour la premi\u00e8re fois<\/strong> dans l&rsquo;\u00e9volution compar\u00e9e de la vie et des techniques, ne nous prot\u00e8ge pas de sa cuirasse, mais <strong>mime au contraire l&rsquo;intimit\u00e9 des os<\/strong> en laissant notre chair d\u00e9border vers le monde&#8230;<br \/>\n<\/span><\/p>\n<p style=\"margin-left: 28pt;\"><span style=\"color: #c00000; font-family: Arial;\">Bras sur le guidon, mains serrant les freins ou les poign\u00e9es, cul sur selle, mes jambes se posent hors cadre. Mon corps entoure, surplombe, habille, environne ma <strong>bicyclette<\/strong>, ainsi devenue <strong>squelette interne<\/strong> de mon corps roulant.<br \/>\n<\/span><\/p>\n<p style=\"margin-left: 28pt;\"><span style=\"color: #c00000; font-family: Arial;\">Passant de l&rsquo;\u00e8re primaire au quaternaire, r\u00e9ellement moderne, <strong>le v\u00e9lo devance de millions d&rsquo;ann\u00e9es les autres v\u00e9hicules<\/strong>, inimaginablement archa\u00efques.&nbsp;\u00bb<br \/>\n<\/span><\/p>\n<p><span style=\"color: #777777; font-family: Arial;\">Je trouve cette mani\u00e8re de d\u00e9crire l&rsquo;\u00e9volution absolument d\u00e9routante et pourtant pleine de sens.<br \/>\n<\/span><\/p>\n<p><span style=\"color: #777777; font-family: Arial;\">Quand on se prom\u00e8ne en ville, on voit bien que la voiture n&rsquo;est pas le bon moyen de circuler. Elle pollue, elle fait du bruit. Et puis du point de vue de la bonne utilisation des ressources qui devrait \u00eatre la pr\u00e9occupation premi\u00e8re de toute personne qui r\u00e9fl\u00e9chit un peu, je dis bien un peu&nbsp;: comment expliquer qu&rsquo;il faut mettre en mouvement un engin de <strong>1,5 tonnes<\/strong> pour transporter un humain de <strong>75 kg<\/strong>. (Le SUV le plus vendu en France en 2017, le Peugeot 3008 p\u00e8se 1.480 kg)&nbsp;?<br \/>\n<\/span><\/p>\n<p><span style=\"color: #777777; font-family: Arial;\">L&rsquo;\u00e9crire simplement montre l&rsquo;aberration de la situation et de la solution mise en \u0153uvre pour r\u00e9soudre le probl\u00e8me de la mobilit\u00e9 humaine.<br \/>\n<\/span><\/p>\n<p><span style=\"color: #777777; font-family: Arial;\">Donc oui&nbsp;! Je trouve la mani\u00e8re avec laquelle Michel Serres compare la voiture et la bicyclette, particuli\u00e8rement inspirante.<br \/>\n<\/span><\/p>\n<p><img loading=\"lazy\" decoding=\"async\" class=\"alignleft\" src=\"https:\/\/lemotdujour.fr\/wp-content\/uploads\/2019\/06\/060219_1822_Lundi3juin23.jpg\" alt=\"\" width=\"317\" height=\"198\" align=\"left\"><span style=\"color: #777777; font-family: Arial;\">Le journal &lt;<span style=\"color: #0000ff;\"><a style=\"color: #0000ff;\" href=\"https:\/\/www.sudouest.fr\/2019\/06\/01\/place-du-philosophe-franglais-su-agen-les-derniers-mots-du-philosophe-agenais-michel-serres-6156657-3603.php\">Sud-Ouest<\/a><\/span>&gt; cite un auditeur qui \u00e9crit ce que j&rsquo;ai souvent ressenti \u00e0 l&rsquo;\u00e9coute de Michel Serres&nbsp;:<br \/>\n<\/span><\/p>\n<p><span style=\"color: #777777; font-family: Arial;\">\u00ab&nbsp;On se sent plus intelligent en vous \u00e9coutant&nbsp;\u00bb<br \/>\n<\/span><\/p>\n<p><span style=\"color: #777777; font-family: Arial;\">Ce \u00e0 quoi Michel Serres a r\u00e9pondu&nbsp;:<br \/>\n<\/span><\/p>\n<p style=\"margin-left: 28pt;\"><span style=\"color: #c00000; font-family: Arial;\">\u00ab&nbsp;C&rsquo;est le but de ma vie. Ce n&rsquo;est pas de rendre plus intelligents les gens, c&rsquo;est de d\u00e9couvrir qu&rsquo;ils sont intelligents, aider \u00e0 d\u00e9couvrir l&rsquo;activit\u00e9 d\u00e9licieuse et joyeuse de l&rsquo;exercice de l&rsquo;intelligence.&nbsp;\u00bb<br \/>\n<\/span><\/p>\n<p><span style=\"color: #777777; font-family: Arial;\">Lui qui \u00e9crivait&nbsp;:<br \/>\n<\/span><\/p>\n<p style=\"margin-left: 28pt;\"><span style=\"color: #c00000; font-family: Arial;\">\u00ab&nbsp;La seule autorit\u00e9 est celle qui grandit l&rsquo;autre, qui l&rsquo;\u00abaugmente \u00bb. Dans notre d\u00e9mocratie d\u00e9sormais horizontale si vous n&rsquo;\u00eates pas investi de cette autorit\u00e9, fond\u00e9e sur la comp\u00e9tence, inutile de devenir d\u00e9put\u00e9 professeur Pr\u00e9sident voire parent&nbsp;\u00bb<br \/>\n<\/span><\/p>\n<p><span style=\"color: #777777; font-family: Arial;\">Et aussi<br \/>\n<\/span><\/p>\n<p style=\"margin-left: 28pt;\"><span style=\"color: #c00000; font-family: Arial;\">\u00abCe qui m&rsquo;int\u00e9resse, c&rsquo;est l&rsquo;accouchement du monde qui vient\u00bb<br \/>\n<\/span><\/p>\n<p><span style=\"color: #777777; font-family: Arial;\">Alors bien s\u00fbt celles et ceux qui attendent une grande explication unique et simpliste du monde en sont pour leur frais.<br \/>\n<\/span><\/p>\n<p><span style=\"color: #777777; font-family: Arial;\">Dans le mot du jour du &lt;<a href=\"https:\/\/lemotdujour.fr\/?p=472\"><span style=\"color: #0000ff;\">Jeudi 16 mars 2017<\/span><\/a>&gt; il affirme que contrairement \u00e0 l&rsquo;all\u00e9gorie de la caverne de Platon <strong>\u00ab&nbsp;Il n&rsquo;y a pas qu&rsquo;une v\u00e9rit\u00e9. Il y a des milliards de v\u00e9rit\u00e9<\/strong>\u00bb<br \/>\n<\/span><\/p>\n<p><span style=\"color: #777777; font-family: Arial;\">Toutes ces r\u00e9flexions qui autorisent le doute, le doute f\u00e9cond.<br \/>\n<\/span><\/p>\n<p><span style=\"color: #777777; font-family: Arial;\">Et puis il y a bien s\u00fbr les milliers de papas ronchons qui disent que c&rsquo;\u00e9tait mieux avant et auxquels, il r\u00e9pond&nbsp;:<br \/>\n<\/span><\/p>\n<p style=\"margin-left: 28pt;\"><span style=\"color: #c00000; font-family: Arial;\">\u00abLes lamentations proph\u00e9tiques selon lesquelles nous allons perdre notre \u00e2me dans les laboratoires de biochimie ou devant les ordinateurs s&rsquo;accordent sur cette haute note: que nous f\u00fbmes heureux dans notre petite cabane! Quel bonheur: nous ne pouvions gu\u00e9rir les maladies infectieuses et les ann\u00e9es de grand vent, la famine tuait nos enfants ; nous ne parlions point aux \u00e9trangers de l&rsquo;autre c\u00f4t\u00e9 du ruisseau et n&rsquo;apprenions pas de sciences difficiles (\u2026) jamais la conscience de nos moyens ne s&rsquo;accompagna d&rsquo;un tel concert de regret de la part de ceux qui ne travaill\u00e8rent jamais sur ces moyens\u00bb.<br \/>\n<\/span><\/p>\n<p style=\"margin-left: 28pt;\"><span style=\"color: #c00000; font-family: Arial;\"><em>C&rsquo;\u00e9tait mieux avant<\/em> (Pommier, 2017).<br \/>\n<\/span><\/p>\n<p><span style=\"color: #777777; font-family: Arial;\"><strong>Il n&rsquo;ass\u00e9nait pas la v\u00e9rit\u00e9 mais nous permettait de r\u00e9fl\u00e9chir<\/strong>.<br \/>\n<\/span><\/p>\n<p><span style=\"color: #777777; font-family: Arial;\">Il ne pr\u00e9tendait pas poss\u00e9der la v\u00e9rit\u00e9. Il a dit \u00e0 plusieurs reprises dans l&rsquo;\u00e9mission \u00ab&nbsp;Questions Politiques&nbsp;\u00bb<br \/>\n<\/span><\/p>\n<p style=\"margin-left: 28pt;\"><span style=\"color: #c00000; font-family: Arial;\">\u00ab Je suis trop jeune et trop ignorant &#8230; \u00bb,<br \/>\n<\/span><\/p>\n<p><span style=\"color: #777777; font-family: Arial;\">Et il commen\u00e7ait souvent ses cours avec cette invite :<\/span><\/p>\n<p style=\"margin-left: 28pt;\"><span style=\"color: #c00000; font-family: Arial;\">\u00ab&nbsp;Mesdemoiselles, Messieurs, \u00e9coutez bien, car ce que vous allez entendre va changer votre vie\u2026&nbsp;\u00bb<\/span><\/p>\n<p><span style=\"color: #777777; font-family: Arial;\">Il fut aussi l&rsquo;invit\u00e9 de l&rsquo;\u00e9mission la Grande Librairie &lt;<a href=\"https:\/\/www.youtube.com\/watch?v=tC6kpiyDxb8\"><span style=\"color: #0000ff;\">du 28 f\u00e9vrier 2019<\/span><\/a>&gt; bouleversant.<br \/>\n<\/span><\/p>\n<p><span style=\"color: #777777; font-family: Arial;\">Il fut aussi interview\u00e9 en 2019 par L\u00e9a Salam\u00e9 pour \u00e9voquer sa vision de \u00ab<span style=\"color: #0000ff;\"> <a style=\"color: #0000ff;\" href=\"https:\/\/www.dailymotion.com\/video\/x79l15b\">l&rsquo;art d&rsquo;\u00eatre Fran\u00e7ais<\/a><\/span> \u00bb.<br \/>\n<\/span><\/p>\n<p><span style=\"color: #777777; font-family: Arial;\">Et sur Arte, l&rsquo;\u00e9mission \u00ab&nbsp;28 Minutes samedi&nbsp;\u00bb du <a href=\"https:\/\/www.arte.tv\/fr\/videos\/084764-019-A\/28-minutes-samedi\/\">&lt;<span style=\"color: #0000ff;\">18\/05\/2019<\/span>&gt;<\/a><br \/>\n<\/span><\/p>\n<p><span style=\"color: #c00000; font-family: Arial;\">&lt;1245&gt;<\/span><\/p>\n","protected":false},"excerpt":{"rendered":"<p>\u00ab&nbsp;Le moraliste espi\u00e8gle s\u2019en est all\u00e9 \u2026&nbsp;\u00bb Michel Serres est d\u00e9c\u00e9d\u00e9 samedi 1er juin \u00e0 19 heures Je n&rsquo;imaginais pas lorsque je publiais le mot du jour, avant le long week-end de l&rsquo;ascension, dans lequel je partageais l&rsquo;\u00e9mission de France<\/p>\n","protected":false},"author":1,"featured_media":0,"comment_status":"open","ping_status":"closed","sticky":false,"template":"","format":"standard","meta":{"footnotes":""},"categories":[1],"tags":[49,29,6],"class_list":["post-6795","post","type-post","status-publish","format-standard","hentry","category-motdujour","tag-futur","tag-hommage","tag-philosophie"],"_links":{"self":[{"href":"https:\/\/lemotdujour.fr\/index.php?rest_route=\/wp\/v2\/posts\/6795","targetHints":{"allow":["GET"]}}],"collection":[{"href":"https:\/\/lemotdujour.fr\/index.php?rest_route=\/wp\/v2\/posts"}],"about":[{"href":"https:\/\/lemotdujour.fr\/index.php?rest_route=\/wp\/v2\/types\/post"}],"author":[{"embeddable":true,"href":"https:\/\/lemotdujour.fr\/index.php?rest_route=\/wp\/v2\/users\/1"}],"replies":[{"embeddable":true,"href":"https:\/\/lemotdujour.fr\/index.php?rest_route=%2Fwp%2Fv2%2Fcomments&post=6795"}],"version-history":[{"count":7,"href":"https:\/\/lemotdujour.fr\/index.php?rest_route=\/wp\/v2\/posts\/6795\/revisions"}],"predecessor-version":[{"id":10092,"href":"https:\/\/lemotdujour.fr\/index.php?rest_route=\/wp\/v2\/posts\/6795\/revisions\/10092"}],"wp:attachment":[{"href":"https:\/\/lemotdujour.fr\/index.php?rest_route=%2Fwp%2Fv2%2Fmedia&parent=6795"}],"wp:term":[{"taxonomy":"category","embeddable":true,"href":"https:\/\/lemotdujour.fr\/index.php?rest_route=%2Fwp%2Fv2%2Fcategories&post=6795"},{"taxonomy":"post_tag","embeddable":true,"href":"https:\/\/lemotdujour.fr\/index.php?rest_route=%2Fwp%2Fv2%2Ftags&post=6795"}],"curies":[{"name":"wp","href":"https:\/\/api.w.org\/{rel}","templated":true}]}}