{"id":6786,"date":"2019-05-29T00:20:18","date_gmt":"2019-05-28T22:20:18","guid":{"rendered":"http:\/\/lemotdujour.fr\/?p=6786"},"modified":"2020-11-15T16:02:35","modified_gmt":"2020-11-15T15:02:35","slug":"mercredi-29-mai-2019","status":"publish","type":"post","link":"https:\/\/lemotdujour.fr\/?p=6786","title":{"rendered":"Mercredi 29 mai 2019"},"content":{"rendered":"<div class=\"mdjTexte\">\t\u00ab&nbsp;Les philosophes ne proposent pas un mod\u00e8le alternatif au mod\u00e8le capitaliste.&nbsp;\u00bb<\/div>\n<div class=\"mdjAuteur\">\tMichel Serres<\/div>\n<p><span style=\"color: #777777; font-family: Arial;\">Le dimanche sur France Inter, Ali Baddou anime une excellente \u00e9mission qui s&rsquo;appelle \u00ab&nbsp;<span style=\"color: #0000ff;\"><a style=\"color: #0000ff;\" href=\"https:\/\/www.franceinter.fr\/emissions\/questions-politiques\/questions-politiques-26-mai-2019\">Questions Politiques&nbsp;<\/a><\/span>\u00bb.<br \/>\n<\/span><\/p>\n<p><span style=\"color: #777777; font-family: Arial;\">Enfin, pour qu&rsquo;elle soit vraiment excellente il faut un invit\u00e9 qui ait des choses pertinentes \u00e0 dire.<br \/>\n<\/span><\/p>\n<p><span style=\"color: #777777; font-family: Arial;\">C&rsquo;est de plus en plus rare, dans le monde politique. Or, le monde politique est justement le domaine de cette \u00e9mission.<br \/>\n<\/span><\/p>\n<p><span style=\"color: #777777; font-family: Arial;\">Mais dimanche 26 mai 2019, \u00e9tait un jour de chance&nbsp;: en raison des \u00e9lections europ\u00e9ennes, il \u00e9tait interdit au service public de relayer des avis partisans.<br \/>\n<\/span><\/p>\n<p><span style=\"color: #777777; font-family: Arial;\">Ali Baddou n&rsquo;a donc pas invit\u00e9 un politique mais <strong>Michel Serres<\/strong>. Michel Serres est n\u00e9 le 1<sup>er<\/sup> septembre 1930 \u00e0 Agen. Il aura donc bient\u00f4t 89 ans et il est donc plus jeune qu&rsquo;Edgar Morin qui \u00e9tait au c\u0153ur du mot du jour de vendredi dernier.<br \/>\n<\/span><\/p>\n<p><img decoding=\"async\" class=\"alignleft\" src=\"https:\/\/lemotdujour.fr\/wp-content\/uploads\/2019\/05\/052819_2159_Mercredi29m1.png\" alt=\"\" align=\"left\"><span style=\"color: #777777; font-family: Arial;\">Vous pouvez voir la vid\u00e9o de cet entretien derri\u00e8re ce lien&nbsp;: \u00ab&nbsp;<a href=\"https:\/\/www.dailymotion.com\/video\/x79e7oa\"><span style=\"color: #0000ff;\">Michel Serres \u2013 Questions Politiques du 26 mai 2019<\/span>&nbsp;<\/a>\u00bb<br \/>\n<\/span><\/p>\n<p><span style=\"color: #777777; font-family: Arial;\">Michel Serres est probablement l&rsquo;auteur le plus souvent cit\u00e9 dans les mots du jour, celui d&rsquo;aujourd&rsquo;hui est le quatorzi\u00e8me pour lequel l&rsquo;exergue a \u00e9t\u00e9 \u00e9crit ou dit par lui.<br \/>\n<\/span><\/p>\n<p><span style=\"color: #777777; font-family: Arial;\">C&rsquo;est pour moi toujours un plaisir, un ravissement de l&rsquo;\u00e9couter.<br \/>\n<\/span><\/p>\n<p><span style=\"color: #777777; font-family: Arial;\">Et m\u00eame s&rsquo;il r\u00e9p\u00e8te des id\u00e9es, des histoires il arrive toujours un moment o\u00f9 il me surprend et me redonne mati\u00e8re \u00e0 penser.<br \/>\n<\/span><\/p>\n<p><span style=\"color: #777777; font-family: Arial;\">Il y a plus de deux ans, fin 2016, le navigateur <span style=\"color: #0000ff;\"><a style=\"color: #0000ff;\" href=\"https:\/\/fr.wikipedia.org\/wiki\/Thomas_Coville\">Thomas Coville<\/a><\/span> avait battu le record du tour du monde \u00e0 la voile en multicoque avec un temps de 49 j et quelques minutes\u2026.. Il est arriv\u00e9 le soir de No\u00ebl avec plus de 8 jours d&rsquo;avance sur son poursuivant. Michel Serres avait marqu\u00e9 son admiration pour ce navigateur, il faut savoir qu&rsquo;\u00e0 19 ans il est rentr\u00e9 dans la navale et il revendique toujours son \u00e9tat de marin.<br \/>\n<\/span><\/p>\n<p><span style=\"color: #777777; font-family: Arial;\">Il \u00e9tait donc invit\u00e9 le 2 janvier 2017 sur France Inter et avait parl\u00e9 de cette admiration devant l&rsquo;exploit de Thomas Coville.<br \/>\n<\/span><\/p>\n<p><span style=\"color: #777777; font-family: Arial;\">Mais il ne savait pas que Thomas Coville, r\u00e9ciproquement avait un immense respect pour le philosophe qu&rsquo;il est. Il avait emmen\u00e9 des \u00e9missions de Michel Serres qu&rsquo;il \u00e9coutait pendant son tour du monde.<br \/>\n<\/span><\/p>\n<p><span style=\"color: #777777; font-family: Arial;\">La journaliste, pendant l&rsquo;\u00e9mission, les a mis en relation et ils ont pu \u00e9changer par t\u00e9l\u00e9phone.<br \/>\n<\/span><\/p>\n<p><span style=\"color: #777777; font-family: Arial;\">Voici ce que cela a donn\u00e9&nbsp;:<br \/>\n<\/span><\/p>\n<p><span style=\"color: #777777; font-family: Arial;\">Thomas Coville :<br \/>\n<\/span><\/p>\n<p style=\"margin-left: 28pt;\"><span style=\"color: #c00000; font-family: Arial;\">\u00ab&nbsp;Vous \u00eates une des personnes qui depuis [&#8230;] mon adolescence, m&rsquo;ont inspir\u00e9 d&rsquo;aller jusqu&rsquo;au bout de mes r\u00eaves.&nbsp;\u00bb<br \/>\n<\/span><\/p>\n<p><span style=\"color: #777777; font-family: Arial;\">Michel Serres :<br \/>\n<\/span><\/p>\n<p style=\"margin-left: 28pt;\"><span style=\"color: #c00000; font-family: Arial;\">\u00ab&nbsp;Ne changez pas les r\u00f4les, c&rsquo;est moi qui vous doit l&rsquo;admiration !&nbsp;\u00bb<br \/>\n<\/span><\/p>\n<p><span style=\"color: #777777; font-family: Arial;\">Thomas Coville<br \/>\n<\/span><\/p>\n<p style=\"margin-left: 28pt;\"><span style=\"color: #c00000; font-family: Arial;\">\u00ab&nbsp;Non, non, non, non. Vous avez rempli votre r\u00f4le de philosophe.<br \/>\n<\/span><\/p>\n<p style=\"margin-left: 28pt;\"><span style=\"color: #c00000; font-family: Arial;\">Quand une nation donne plus la parole aux sportifs qu&rsquo;aux philosophes c&rsquo;est qu&rsquo;elle est en danger.<br \/>\n<\/span><\/p>\n<p style=\"margin-left: 28pt;\"><span style=\"color: #c00000; font-family: Arial;\">Moi je vous ai \u00e9cout\u00e9 comme philosophe, comme celui qui se permet, parce qu&rsquo;il a \u00e9tudi\u00e9, parce qu&rsquo;il est sage, de donner un sens, donner une voix &#8211; et apr\u00e8s \u00e0 ceux qui l&rsquo;\u00e9coutent d&rsquo;essayer de la transcrire en faits.<br \/>\n<\/span><\/p>\n<p style=\"margin-left: 28pt;\"><span style=\"color: #c00000; font-family: Arial;\">J&rsquo;ai finalement trouv\u00e9 dans le petit gar\u00e7on que j&rsquo;\u00e9tais une voix qui \u00e9tait un r\u00eave compl\u00e8tement fou, faire le tour du monde en solitaire en multicoque, mais c&rsquo;est parti d&rsquo;un monsieur qui vous dit \u00ab\u00a0\u00e9coutez cette petite voix, allez jusqu&rsquo;au bout de vos r\u00eaves et ce r\u00eave-l\u00e0 en alimentera un autre qui en fera faire un autre, etc.<br \/>\n<\/span><\/p>\n<p style=\"margin-left: 28pt;\"><span style=\"color: #c00000; font-family: Arial;\">Vous \u00eates l&rsquo;un de ceux qui m&rsquo;a inspir\u00e9 et m&rsquo;a fait aller jusqu&rsquo;au bout&nbsp;\u00bb<br \/>\n<\/span><\/p>\n<p><span style=\"color: #777777; font-family: Arial;\">C&rsquo;est &lt;<a href=\"https:\/\/www.franceinter.fr\/culture\/michel-serres-emu-aux-larmes-thomas-coville-admiratif\"><span style=\"color: #0000ff;\">ICI<\/span><\/a>&gt;.<br \/>\n<\/span><\/p>\n<p><span style=\"color: #777777; font-family: Arial;\">Je trouve cet hommage \u00e0 Michel Serres \u00e0 la fois touchant et particuli\u00e8rement juste.<br \/>\n<\/span><\/p>\n<p><span style=\"color: #777777; font-family: Arial;\">Mais ce n&rsquo;est pas de cette \u00e9mission de 2017 dont je voulais parler, mais de celle \u00ab&nbsp;<a href=\"https:\/\/www.dailymotion.com\/video\/x79e7oa\"><span style=\"color: #0000ff;\">du 26 mai 2019<\/span>&nbsp;<\/a>\u00bb<br \/>\n<\/span><\/p>\n<p><span style=\"color: #777777; font-family: Arial;\">Vous n&rsquo;avez qu&rsquo;\u00e0 l&rsquo;\u00e9couter.<br \/>\n<\/span><\/p>\n<p><span style=\"color: #777777; font-family: Arial;\">Je vais quand m\u00eame picorer quelques fulgurances, de ci de l\u00e0.<br \/>\n<\/span><\/p>\n<p><img decoding=\"async\" class=\"alignright\" src=\"https:\/\/lemotdujour.fr\/wp-content\/uploads\/2019\/05\/052819_2159_Mercredi29m2.jpg\" alt=\"\" align=\"left\"><span style=\"color: #777777; font-family: Arial;\">Michel Serres a publi\u00e9 en f\u00e9vrier 2019 un nouveau petit livre (96 pages, 80 g, 7 euros)&nbsp;: \u00ab&nbsp;<a href=\"https:\/\/www.decitre.fr\/livres\/morales-espiegles-9782746518834.html\"><span style=\"color: #0000ff;\">morales espi\u00e8gles<\/span>&nbsp;<\/a>\u00bb dans lequel il parle de rire, de chahut, de dialogue entre Petite Poucette et Grand papa ronchon.<br \/>\n<\/span><\/p>\n<p><span style=\"color: #777777; font-family: Arial;\">Dans l&rsquo;\u00e9mission, il oppose \u00ab&nbsp;<strong>le rire doux<\/strong>&nbsp;\u00bb celui qui moque sans volont\u00e9 de faire du mal, la farce, le canular et le \u00ab&nbsp;<strong>rire dur<\/strong>&nbsp;\u00bb celui qui peut tuer&nbsp;:<br \/>\n<\/span><\/p>\n<p style=\"margin-left: 28pt;\"><span style=\"color: #c00000; font-family: Arial;\">\u00ab&nbsp;J&rsquo;ai publi\u00e9 morales espi\u00e8gles pour une bonne raison. C&rsquo;est que quand on met les pieds dans la morale, on parait des donneurs de le\u00e7on. C&rsquo;est emmerdant comme la pluie et c&rsquo;est inefficace. S&rsquo;il y a une voie pour l&rsquo;enseignement de la morale, c&rsquo;est le rire. C&rsquo;est une vieille tradition. Moli\u00e8re corrigeait les m\u0153urs en riant. M\u00eame la commedia dell&rsquo;arte, c&rsquo;est vieux comme le monde. Par exemple, on vous dit&nbsp;: \u00ab&nbsp;ne soyez pas menteur&nbsp;\u00bb. \u00c7a va quoi\u2026Mais si vous regardez une com\u00e9die qui s&rsquo;appelle \u00ab&nbsp;<a href=\"http:\/\/www.cosmovisions.com\/textMenteur.htm\"><span style=\"color: #0000ff;\">le menteur<\/span><\/a><span style=\"color: #0000ff;\">&nbsp;<\/span>\u00bb vous riez de la premi\u00e8re r\u00e9plique \u00e0 la derni\u00e8re\u2026Il ment, on pose une question, il est oblig\u00e9 de mentir plus et encore plus, de sorte qu&rsquo;\u00e0 la fin tout est cul par-dessus t\u00eate.<br \/>\n<\/span><\/p>\n<p style=\"margin-left: 28pt;\"><span style=\"color: #c00000; font-family: Arial;\">Si vous \u00e9coutez cela, vous allez dire&nbsp;: \u00ab&nbsp;mais mon Dieu si je mens je vais m&#8217;embarquer dans une gal\u00e8re terrible&nbsp;\u00bb. Et l\u00e0, c&rsquo;est efficace. [\u2026]<br \/>\n<\/span><\/p>\n<p style=\"margin-left: 28pt;\"><span style=\"color: #c00000; font-family: Arial;\">Dans les r\u00e9seaux sociaux il peut y avoir une telle calomnie qui prend de l&rsquo;importance que celui qui en est victime peut prendre des d\u00e9cisions extr\u00eames qui est de se suicider. Le rire dur c&rsquo;est la calomnie, c&rsquo;est ultra critique. On rit ad hominem, sur la personne m\u00eame.<br \/>\n<\/span><\/p>\n<p style=\"margin-left: 28pt;\"><span style=\"color: #c00000; font-family: Arial;\">J&rsquo;ai parl\u00e9 du \u00ab&nbsp;menteur&nbsp;\u00bb, c&rsquo;est un fantoche, c&rsquo;est un personne de th\u00e9\u00e2tre, c&rsquo;est un acteur. Ce n&rsquo;est pas lui qui est en cause mais le personnage qu&rsquo;il repr\u00e9sente&nbsp;\u00bb<br \/>\n<\/span><\/p>\n<p><span style=\"color: #777777; font-family: Arial;\">Il dit aussi que nous avons toujours un peu d&rsquo;agressivit\u00e9 en nous, et il ajoute&nbsp;:<br \/>\n<\/span><\/p>\n<p style=\"margin-left: 28pt;\"><span style=\"color: #c00000; font-family: Arial;\">\u00ab&nbsp;La seule r\u00e8gle morale que je connaisse, transformer notre agressivit\u00e9 en action, en travail, en cr\u00e9ativit\u00e9.&nbsp;\u00bb<br \/>\n<\/span><\/p>\n<p><span style=\"color: #777777; font-family: Arial;\">Quand on l&#8217;emm\u00e8ne sur le terrain politique il explique que&nbsp;:<br \/>\n<\/span><\/p>\n<p style=\"margin-left: 28pt;\"><span style=\"color: #c00000; font-family: Arial;\">\u00ab&nbsp;Les institutions sont d\u00e9sadapt\u00e9es par rapport \u00e0 l&rsquo;\u00e9tat actuel du monde [\u2026]<br \/>\n<\/span><\/p>\n<p style=\"margin-left: 28pt;\"><span style=\"color: #c00000; font-family: Arial;\">Nous sommes en train de vivre une p\u00e9riode exceptionnelle de l&rsquo;Histoire.<br \/>\n<\/span><span style=\"color: #c00000; font-family: Arial;\">On a v\u00e9cu 70 ans de paix, l&rsquo;esp\u00e9rance de vie a cru jusqu&rsquo;\u00e0 80 ans, la population paysanne est pass\u00e9e de 75 \u00e0 2\u202f%&#8230; Par cons\u00e9quent, toutes les institutions que nous avons cr\u00e9\u00e9es l&rsquo;ont \u00e9t\u00e9 \u00e0 une \u00e9poque o\u00f9 le monde n&rsquo;\u00e9tait pas ce qu&rsquo;il est devenu. \u00c0 peu pr\u00e8s toutes sont obsol\u00e8tes.&nbsp;\u00bb<br \/>\n<\/span><\/p>\n<p><span style=\"color: #777777; font-family: Arial;\">Pour lui, le probl\u00e8me vient du fait qu&rsquo;on n&rsquo;a pas \u00ab&nbsp;r\u00e9invent\u00e9&nbsp;\u00bb ces institutions&nbsp;:<br \/>\n<\/span><\/p>\n<p style=\"margin-left: 28pt;\"><span style=\"color: #c00000; font-family: Arial;\">\u00ab&nbsp;Quand on a fait la R\u00e9volution de 89, on avait Rousseau derri\u00e8re. Aujourd&rsquo;hui, on n&rsquo;a personne, et c&rsquo;est la faute \u00e0 qui ? Aux philosophes. C&rsquo;est leur r\u00f4le de pr\u00e9voir ou d&rsquo;inventer une nouvelle forme de gouvernement ou d&rsquo;institutions, et ils ne l&rsquo;ont pas fait.&nbsp;\u00bb<br \/>\n<\/span><\/p>\n<p><span style=\"color: #777777; font-family: Arial;\">Le syst\u00e8me actuel lui semble d\u00e9sastreux.&nbsp;:<br \/>\n<\/span><\/p>\n<p style=\"margin-left: 28pt;\"><span style=\"color: #c00000; font-family: Arial;\">\u00ab&nbsp;L&rsquo;\u00e9conomie telle que le capitalisme l&rsquo;a mise en place est catastrophique, au moins du point de vue \u00e9cologique [\u2026] L&rsquo;\u00e9conomie est en train de d\u00e9truire la plan\u00e8te. [Mais] les philosophes ne proposent pas un mod\u00e8le alternatif au mod\u00e8le capitaliste&nbsp;\u00bb<br \/>\n<\/span><\/p>\n<p><span style=\"color: #777777; font-family: Arial;\">En revanche il est contre le catastrophisme, m\u00eame \u00e9clair\u00e9 parce qu&rsquo;il paralyse. Il veut bien dire \u00ab&nbsp;<span style=\"color: #c00000;\">Alerte<span style=\"color: #777777;\">&nbsp;\u00bb et m\u00eame \u00ab&nbsp;<span style=\"color: #c00000;\">Alerte rouge<span style=\"color: #777777;\">&nbsp;\u00bb. Mais il reste optimiste et croit \u00e0 l&rsquo;action.<br \/>\n<\/span><\/span><\/span><\/span><\/span><\/p>\n<p><span style=\"color: #777777; font-family: Arial;\">Il raconte aussi le d\u00e9but d&rsquo;internet et de la silicon valley qu&rsquo;il a vu na\u00eetre alors qu&rsquo;il \u00e9tait \u00e0 Stanford. Il raconte les espoirs qui naissaient alors pour un monde libertaire, un monde plus \u00e9galitaire. Mais c&rsquo;est l&rsquo;argent qui a tout g\u00e2ch\u00e9. Quand on est riche comme les Gafa, on a plus de go\u00fbt \u00e0 l&rsquo;\u00e9galit\u00e9.<br \/>\n<\/span><\/p>\n<p><img decoding=\"async\" class=\"alignleft\" src=\"https:\/\/lemotdujour.fr\/wp-content\/uploads\/2019\/05\/052819_2159_Mercredi29m3.png\" alt=\"\" align=\"left\"><span style=\"color: #777777; font-family: Arial;\">Pour lui la solution qui peut \u00eatre esquiss\u00e9 c&rsquo;est celle du droit, le droit est global et international.<br \/>\n<\/span><\/p>\n<p><span style=\"color: #777777; font-family: Arial;\">Il avait \u00e9crit un livre \u00ab<span style=\"color: #0000ff;\">&nbsp;<a style=\"color: #0000ff;\" href=\"https:\/\/www.editions-lepommier.fr\/le-contrat-naturel\">Le contrat Naturel&nbsp;<\/a><\/span>\u00bb il y a 30 ans dans lequel il pr\u00e9conisait de faire de la nature un sujet de droit.<br \/>\n<\/span><\/p>\n<p><span style=\"color: #777777; font-family: Arial;\">Il explique aussi qu&rsquo;il avait eu une discussion avec le secr\u00e9taire g\u00e9n\u00e9ral de l&rsquo;ONU qui lui expliquait qu&rsquo;il voudrait bien parler de l&rsquo;eau, des ressources, de la biodiversit\u00e9 mais que les repr\u00e9sentants des nations lui disent qu&rsquo;ils repr\u00e9sentent leurs \u00c9tats et leurs habitants pas la nature. D&rsquo;o\u00f9 cette id\u00e9e de faire de la nature un sujet de droit.<br \/>\n<\/span><\/p>\n<p><span style=\"color: #777777; font-family: Arial;\">Or, Michel Serres nous apprend qu&rsquo;aux \u00c9tats-Unis, le <a href=\"https:\/\/www.lemonde.fr\/planete\/article\/2019\/02\/22\/quand-la-nature-est-reconnue-sujet-de-droit-cela-permet-de-reguler-des-activites-industrielles_5426799_3244.html\">\u00ab<span style=\"color: #0000ff;\">&nbsp;Lac Eri\u00e9&nbsp;\u00bb est devenu sujet de droit<\/span><\/a>. Ainsi Michel Serres \u00e9tait un pr\u00e9curseur. Car cette \u00e9volution signifie que des \u00ab&nbsp;repr\u00e9sentants&nbsp;\u00bb ont pour ce lac \u00ab&nbsp;le droit d&rsquo;ester pour attaquer des utilisateurs abusifs&nbsp;\u00bb.<br \/>\n<\/span><\/p>\n<p><span style=\"color: #777777; font-family: Arial;\">Il conclut&nbsp;:<br \/>\n<\/span><\/p>\n<p style=\"margin-left: 28pt;\"><span style=\"color: #c00000; font-family: Arial;\">\u00ab&nbsp;Le &lsquo;contrat naturel&rsquo; est en train d&rsquo;arriver dans les m\u0153urs et les habitudes juridiques&nbsp;\u00bb.<br \/>\n<\/span><\/p>\n<p><span style=\"color: #777777; font-family: Arial;\">Mais je ne vais pas retracer tous les \u00e9changes, ce serait trop long.<br \/>\n<\/span><\/p>\n<p><span style=\"color: #777777; font-family: Arial;\">Devant les journalistes qui l&rsquo;assaillent de question et lui demandent des solutions \u00e0 tous les probl\u00e8mes, il r\u00e9pond humblement&nbsp;:<br \/>\n<\/span><\/p>\n<p style=\"margin-left: 28pt;\"><span style=\"color: #c00000; font-family: Arial;\">\u00ab&nbsp;Ne me posez pas des questions auxquelles je n&rsquo;ai pas de r\u00e9ponse&nbsp;\u00bb<br \/>\n<\/span><\/p>\n<p><span style=\"color: #777777; font-family: Arial;\">Regardez et \u00e9coutez&nbsp;: \u00ab&nbsp;<a href=\"https:\/\/www.dailymotion.com\/video\/x79e7oa\"><span style=\"color: #0000ff;\">Michel Serres \u2013 Questions Politiques du 26 mai 2019<\/span>&nbsp;<\/a>\u00bb<br \/>\n<\/span><\/p>\n<p><span style=\"color: #c00000; font-family: Arial;\">&lt;1244&gt;<\/span><\/p>\n","protected":false},"excerpt":{"rendered":"<p>\u00ab&nbsp;Les philosophes ne proposent pas un mod\u00e8le alternatif au mod\u00e8le capitaliste.&nbsp;\u00bb Michel Serres Le dimanche sur France Inter, Ali Baddou anime une excellente \u00e9mission qui s&rsquo;appelle \u00ab&nbsp;Questions Politiques&nbsp;\u00bb. Enfin, pour qu&rsquo;elle soit vraiment excellente il faut un invit\u00e9 qui ait<\/p>\n","protected":false},"author":1,"featured_media":0,"comment_status":"open","ping_status":"closed","sticky":false,"template":"","format":"standard","meta":{"footnotes":""},"categories":[1],"tags":[43,6,3],"class_list":["post-6786","post","type-post","status-publish","format-standard","hentry","category-motdujour","tag-ecologie","tag-philosophie","tag-politique"],"_links":{"self":[{"href":"https:\/\/lemotdujour.fr\/index.php?rest_route=\/wp\/v2\/posts\/6786","targetHints":{"allow":["GET"]}}],"collection":[{"href":"https:\/\/lemotdujour.fr\/index.php?rest_route=\/wp\/v2\/posts"}],"about":[{"href":"https:\/\/lemotdujour.fr\/index.php?rest_route=\/wp\/v2\/types\/post"}],"author":[{"embeddable":true,"href":"https:\/\/lemotdujour.fr\/index.php?rest_route=\/wp\/v2\/users\/1"}],"replies":[{"embeddable":true,"href":"https:\/\/lemotdujour.fr\/index.php?rest_route=%2Fwp%2Fv2%2Fcomments&post=6786"}],"version-history":[{"count":5,"href":"https:\/\/lemotdujour.fr\/index.php?rest_route=\/wp\/v2\/posts\/6786\/revisions"}],"predecessor-version":[{"id":10093,"href":"https:\/\/lemotdujour.fr\/index.php?rest_route=\/wp\/v2\/posts\/6786\/revisions\/10093"}],"wp:attachment":[{"href":"https:\/\/lemotdujour.fr\/index.php?rest_route=%2Fwp%2Fv2%2Fmedia&parent=6786"}],"wp:term":[{"taxonomy":"category","embeddable":true,"href":"https:\/\/lemotdujour.fr\/index.php?rest_route=%2Fwp%2Fv2%2Fcategories&post=6786"},{"taxonomy":"post_tag","embeddable":true,"href":"https:\/\/lemotdujour.fr\/index.php?rest_route=%2Fwp%2Fv2%2Ftags&post=6786"}],"curies":[{"name":"wp","href":"https:\/\/api.w.org\/{rel}","templated":true}]}}