{"id":678,"date":"2014-04-25T02:00:00","date_gmt":"2014-04-24T22:00:00","guid":{"rendered":"http:\/\/lemotdujour.fr\/?p=678"},"modified":"2017-05-08T13:21:38","modified_gmt":"2017-05-08T11:21:38","slug":"vendredi-25042014","status":"publish","type":"post","link":"https:\/\/lemotdujour.fr\/?p=678","title":{"rendered":"Vendredi 25\/04\/2014"},"content":{"rendered":"<div class=\"mdjDate\">Vendredi 25\/04\/2014<\/div>\n<div class=\"mdjTexte\">\u00abOn est quand m\u00eame dans un pays formidable\u00bb<\/div>\n<div class=\"mdjAuteur\">Guillaume Gibault<\/div>\n<div class=\"mdjComplements\">Le mot du jour aurait pu aussi s&rsquo;appeler \u00ab\u00a0le slip fran\u00e7ais\u00a0\u00bb.<\/div>\n<div class=\"mdjComplements\">Guillaume Gibault, qui est alors jeune dipl\u00f4m\u00e9 de 25 ans issu d&rsquo;<a href=\"https:\/\/fr.wikipedia.org\/wiki\/%C3%89cole_des_hautes_%C3%A9tudes_commerciales_de_Paris\">HEC<\/a>, fonde en 2011 le slip fran\u00e7ais apr\u00e8s qu&rsquo;un ami lui ait lanc\u00e9 un pari : produire des slips. Gibault accepte et d\u00e9cide, de lancer une premi\u00e8re commande de six-cents slips aupr\u00e8s d\u2019un fabricant fran\u00e7ais. La marque est lanc\u00e9e.<\/div>\n<div class=\"mdjComplements\">Le 11\/03\/2014, les matins de France Culture ont invit\u00e9 Pascal Lamy, l&rsquo;ancien directeur de l&rsquo;OMC, pour parler du livre qu&rsquo;il vient de faire para\u00eetre : <em>Quand la France s\u2019\u00e9veillera <\/em>(Odile Jacob, 13 mars).<\/div>\n<div class=\"mdjComplements\">A la fin de l&rsquo;\u00e9mission, l&rsquo;animateur passe une interview de Guillaume Gibault d&rsquo;o\u00f9 j&rsquo;ai tir\u00e9 le mot du jour.<\/div>\n<div class=\"mdjComplements\">Il dit en r\u00e9sum\u00e9 :<\/div>\n<div class=\"mdjCiter\">\u00ab\u00a0La marque \u00ab\u00a0le slip fran\u00e7ais\u00a0\u00bb c&rsquo;est le pari qu&rsquo;en France on est toujours capable de fabriquer en France de beaux sous-v\u00eatements<\/div>\n<div class=\"mdjCiter\">C&rsquo;est partie d&rsquo;une blague.<\/div>\n<div class=\"mdjCiter\">Mais il y a un vrai savoir-faire en France pour ce genre de produit.<\/div>\n<div class=\"mdjCiter\">On est quand m\u00eame dans un pays formidable, o\u00f9 j&rsquo;arrive \u00e0 aller dans l&rsquo;usine \u00e0 Lille en TGV en 1 heure.<\/div>\n<div class=\"mdjCiter\">On arrive \u00e0 grandir, on est connu dans le monde entier<\/div>\n<div class=\"mdjCiter\">On est accompagn\u00e9 par les banques<\/div>\n<div class=\"mdjCiter\">Il y a des tas de gens qui sont bien form\u00e9s<\/div>\n<div class=\"mdjCiter\">On a quand m\u00eame beaucoup d&rsquo;atout et notamment cet atout qui est la marque France\u00a0\u00bb<\/div>\n<div class=\"mdjComplements\">Et Pascal Lamy conclut, \u00e0 l&rsquo;issue de cet entretien : \u00ab\u00a0Il dit en 4 phrases ce que je dis en 170 pages.\u00a0\u00bb<\/div>\n<div class=\"mdjComplements\"><a href=\"http:\/\/www.franceculture.fr\/emission-les-matins-la-mondialisation-peut-%E2%80%93elle-encore-sauver-l%E2%80%99economie-europeenne-2014-03-11\">&lt;Ici l&rsquo;\u00e9mission du 11\/03\/2014 consacr\u00e9e au livre de Pascal Lamy&gt;<\/a><\/div>\n<div class=\"mdjComplements\">Et ici le site consacr\u00e9 au slip fran\u00e7ais : <a href=\"http:\/\/www.leslipfrancais.fr\/\">http:\/\/www.leslipfrancais.fr\/<\/a><\/div>\n<div class=\"mdjComplements\">J&rsquo;esp\u00e8re qu&rsquo;apr\u00e8s ce mot du jour vous n&rsquo;ach\u00e8terez plus que des slips fran\u00e7ais<\/div>\n","protected":false},"excerpt":{"rendered":"<p>Vendredi 25\/04\/2014 \u00abOn est quand m\u00eame dans un pays formidable\u00bb Guillaume Gibault Le mot du jour aurait pu aussi s&rsquo;appeler \u00ab\u00a0le slip fran\u00e7ais\u00a0\u00bb. Guillaume Gibault, qui est alors jeune dipl\u00f4m\u00e9 de 25 ans issu d&rsquo;HEC, fonde en 2011 le slip<\/p>\n","protected":false},"author":1,"featured_media":0,"comment_status":"closed","ping_status":"closed","sticky":false,"template":"","format":"standard","meta":{"footnotes":""},"categories":[1],"tags":[],"class_list":["post-678","post","type-post","status-publish","format-standard","hentry","category-motdujour"],"_links":{"self":[{"href":"https:\/\/lemotdujour.fr\/index.php?rest_route=\/wp\/v2\/posts\/678","targetHints":{"allow":["GET"]}}],"collection":[{"href":"https:\/\/lemotdujour.fr\/index.php?rest_route=\/wp\/v2\/posts"}],"about":[{"href":"https:\/\/lemotdujour.fr\/index.php?rest_route=\/wp\/v2\/types\/post"}],"author":[{"embeddable":true,"href":"https:\/\/lemotdujour.fr\/index.php?rest_route=\/wp\/v2\/users\/1"}],"replies":[{"embeddable":true,"href":"https:\/\/lemotdujour.fr\/index.php?rest_route=%2Fwp%2Fv2%2Fcomments&post=678"}],"version-history":[{"count":1,"href":"https:\/\/lemotdujour.fr\/index.php?rest_route=\/wp\/v2\/posts\/678\/revisions"}],"predecessor-version":[{"id":679,"href":"https:\/\/lemotdujour.fr\/index.php?rest_route=\/wp\/v2\/posts\/678\/revisions\/679"}],"wp:attachment":[{"href":"https:\/\/lemotdujour.fr\/index.php?rest_route=%2Fwp%2Fv2%2Fmedia&parent=678"}],"wp:term":[{"taxonomy":"category","embeddable":true,"href":"https:\/\/lemotdujour.fr\/index.php?rest_route=%2Fwp%2Fv2%2Fcategories&post=678"},{"taxonomy":"post_tag","embeddable":true,"href":"https:\/\/lemotdujour.fr\/index.php?rest_route=%2Fwp%2Fv2%2Ftags&post=678"}],"curies":[{"name":"wp","href":"https:\/\/api.w.org\/{rel}","templated":true}]}}