{"id":6761,"date":"2019-05-24T01:27:44","date_gmt":"2019-05-23T23:27:44","guid":{"rendered":"http:\/\/lemotdujour.fr\/?p=6761"},"modified":"2020-11-15T16:12:44","modified_gmt":"2020-11-15T15:12:44","slug":"vendredi-24-mai-2019","status":"publish","type":"post","link":"https:\/\/lemotdujour.fr\/?p=6761","title":{"rendered":"Vendredi 24 mai 2019"},"content":{"rendered":"<div class=\"mdjTexte\">\t\u00ab Il faut sauver notre baraque europ\u00e9enne ! &nbsp;\u00bb<\/div>\n<div class=\"mdjAuteur\">\tEdgar Morin.<\/div>\n<p><span style=\"color: #777777; font-family: Arial;\">Edgar Morin a 97 ans. C&rsquo;\u00e9tait un r\u00e9sistant.<br \/>\n<\/span><\/p>\n<p><img loading=\"lazy\" decoding=\"async\" class=\"alignleft\" src=\"https:\/\/lemotdujour.fr\/wp-content\/uploads\/2019\/05\/052319_1927_Vendredi24m1.jpg\" alt=\"\" width=\"274\" height=\"177\" align=\"left\"><span style=\"color: #777777; font-family: Arial;\">Il est sociologue, philosophe, th\u00e9oricien de la pens\u00e9e complexe.<br \/>\n<\/span><\/p>\n<p><span style=\"color: #777777; font-family: Arial;\">C&rsquo;est un sage.<br \/>\n<\/span><\/p>\n<p><span style=\"color: #777777; font-family: Arial;\">Le Point est all\u00e9 l&rsquo;interviewer \u00e0 Montpellier et a publi\u00e9 &lt;<a href=\"https:\/\/www.lepoint.fr\/elections-europeennes\/edgar-morin-il-faut-sauver-notre-baraque-europeenne-22-05-2019-2314459_2095.php\"><span style=\"color: #0000ff;\">cet entretien<\/span><\/a>&gt; le 22\/05\/2019<br \/>\n<\/span><\/p>\n<p><span style=\"color: #777777; font-family: Arial;\">A la question&nbsp;: L&rsquo;Europe est-elle en danger, il r\u00e9pond<br \/>\n<\/span><\/p>\n<p style=\"margin-left: 28pt;\"><span style=\"color: #c00000; font-family: Arial;\">\u00ab&nbsp; Je suis tellement pessimiste sur ce sujet, les craintes sont si fortes.<br \/>\nJ&rsquo;esp\u00e8re que ce scrutin ne va pas aggraver le risque, sinon d&rsquo;une dislocation, du moins d&rsquo;une fossilisation europ\u00e9enne.<br \/>\nL&rsquo;Europe est scl\u00e9ros\u00e9e. L&rsquo;Europe est trop bureaucratis\u00e9e.<br \/>\n<\/span><\/p>\n<p style=\"margin-left: 28pt;\"><span style=\"color: #c00000; font-family: Arial;\">L&rsquo;Europe est sous l&#8217;empire des puissances financi\u00e8res. Elle est soumise \u00e0 des forces centrifuges, les pays de l&rsquo;Est regardant ailleurs que ceux de l&rsquo;Ouest.<br \/>\n<\/span><\/p>\n<p style=\"margin-left: 28pt;\"><span style=\"color: #c00000; font-family: Arial;\">Elle est menac\u00e9e par des r\u00e9gimes n\u00e9o-autoritaires qui se sont d\u00e9j\u00e0 install\u00e9s \u00e0 ses fronti\u00e8res avec la Turquie et la Russie et \u00e0 l&rsquo;int\u00e9rieur d&rsquo;elle-m\u00eame avec la Hongrie.<br \/>\n<\/span><\/p>\n<p style=\"margin-left: 28pt;\"><span style=\"color: #c00000; font-family: Arial;\">D&rsquo;autres pays, dont la France, sont sous cette menace.<br \/>\n<\/span><\/p>\n<p style=\"margin-left: 28pt;\"><span style=\"color: #c00000; font-family: Arial;\">Notre Union europ\u00e9enne subit la pression de forces de dissolution. Bien entendu, il subsiste des structures \u00e9conomiques qui font en sorte que beaucoup de pays d\u00e9pendant de l&rsquo;\u00e9conomie europ\u00e9enne ne puissent faire s\u00e9cession. Mais, de toute fa\u00e7on, l&rsquo;Europe est en danger, et la plus imm\u00e9diate des menaces qui p\u00e8sent sur elle est que son Parlement se retrouve sous le contr\u00f4le d&rsquo;une majorit\u00e9 anti-europ\u00e9enne.<br \/>\n<\/span><\/p>\n<p style=\"margin-left: 28pt;\"><span style=\"color: #c00000; font-family: Arial;\">Il n&rsquo;est plus question d\u00e9sormais de revitalisation, de r\u00e9g\u00e9n\u00e9ration de l&rsquo;esprit europ\u00e9en.<br \/>\n<\/span><\/p>\n<p style=\"margin-left: 28pt;\"><span style=\"color: #c00000; font-family: Arial;\"><strong>Aujourd&rsquo;hui, il s&rsquo;agit de sauver la baraque !<\/strong> Que chacun vote selon sa conscience !<br \/>\n<\/span><\/p>\n<p><span style=\"color: #777777; font-family: Arial;\">Il fait remonter la crise europ\u00e9enne essentiellement \u00e0 la guerre de Yougoslavie en 1991. Apr\u00e8s la chute des dictatures communistes des pays de l&rsquo;est, une nouvelle guerre a d\u00e9chir\u00e9 les Balkans et donc l&rsquo;Europe. Et une fois de plus, les europ\u00e9ens ont \u00e9t\u00e9 incapables d&rsquo;y mettre fin sans que les Etats-Unis n&rsquo;interviennent comme en 1918, comme en 1945&nbsp;:<br \/>\n<\/span><\/p>\n<p style=\"margin-left: 28pt;\"><span style=\"color: #c00000; font-family: Arial;\"> \u00ab&nbsp;Mais, pour moi, le ver \u00e9tait dans le fruit, si je puis dire, bien avant : depuis la guerre en Yougoslavie en 1991.<br \/>\n<\/span><\/p>\n<p style=\"margin-left: 28pt;\"><span style=\"color: #c00000; font-family: Arial;\"> La Yougoslavie \u00e9tait un microcosme de l&rsquo;Europe. C&rsquo;\u00e9tait un pays multiculturel en voie d&rsquo;accomplissement. Sa population slave comptait des Serbes orthodoxes, des Croates catholiques, des Bosniaques en partie musulmans et une minorit\u00e9 juive.<br \/>\n<\/span><\/p>\n<p style=\"margin-left: 28pt;\"><span style=\"color: #c00000; font-family: Arial;\">Mais la crise du communisme a laiss\u00e9 se propager les nationalismes croates et serbes, lesquels ont provoqu\u00e9 une guerre fratricide \u00e9pouvantable.<br \/>\n<\/span><\/p>\n<p style=\"margin-left: 28pt;\"><span style=\"color: #c00000; font-family: Arial;\">L&rsquo;Allemagne a soutenu en sous-main les Croates, Mitterrand, tr\u00e8s maladroitement, les Serbes, les Bosniaques ont \u00e9t\u00e9 abandonn\u00e9s.<br \/>\n<\/span><\/p>\n<p style=\"margin-left: 28pt;\"><span style=\"color: #c00000; font-family: Arial;\">Qui a arr\u00eat\u00e9 la guerre ? Les Am\u00e9ricains.<br \/>\n<\/span><\/p>\n<p style=\"margin-left: 28pt;\"><span style=\"color: #c00000; font-family: Arial;\">De la m\u00eame mani\u00e8re que, plus tard, ils interviendront pour r\u00e9gler la question du Kosovo. D\u00e8s cette \u00e9poque-l\u00e0, l&rsquo;Europe a fait preuve d&rsquo;impuissance politique diplomatique et militaire. La coh\u00e9sion des nations a eu pour stimulant le danger d&rsquo;un ennemi ext\u00e9rieur. L&rsquo;Europe a trouv\u00e9 son ennemi \u00e0 l&rsquo;int\u00e9rieur d&rsquo;elle-m\u00eame. Il n&rsquo;y a pas eu d&rsquo;organisme europ\u00e9en, seulement un squelette auquel il manque la chair.<br \/>\n<\/span><\/p>\n<p style=\"margin-left: 28pt;\"><span style=\"color: #c00000; font-family: Arial;\">La trag\u00e9die est que l&rsquo;Europe aura de plus en plus un destin commun dans un monde domin\u00e9 par d&rsquo;\u00e9normes puissances, mais qu&rsquo;elle est de moins en moins capable de l&rsquo;assumer.&nbsp;\u00bb<br \/>\n<\/span><\/p>\n<p><span style=\"color: #777777; font-family: Arial;\">Nous sommes vraiment au centre d&rsquo;une trag\u00e9die.<br \/>\n<\/span><\/p>\n<p><span style=\"color: #777777; font-family: Arial;\">Les Etats comme la France, mais aussi l&rsquo;Allemagne n&rsquo;ont plus l&rsquo;envergure pour ma\u00eetriser leurs destins. D&rsquo;une part le monde de demain appartient aux empires, c&rsquo;est-\u00e0-dire aux entit\u00e9s humaines qui se d\u00e9ploient sur de grands espaces, avec une population importante et un pouvoir f\u00e9d\u00e9rateur ou m\u00eame pour la Chine un pouvoir central fort. En face de ces puissances, seule une Europe parlant d&rsquo;une voix homog\u00e8ne et d\u00e9cid\u00e9e peut s&rsquo;imposer et rester ma\u00eetre de son destin.<br \/>\n<\/span><\/p>\n<p><span style=\"color: #777777; font-family: Arial;\">Et de mani\u00e8re encore plus essentielle, le d\u00e9fi climatique, le d\u00e9fi du vivant et de la biodiversit\u00e9, le d\u00e9fi de l&rsquo;\u00e9nergie et des ressources ne peuvent \u00eatre raisonnablement ma\u00eetris\u00e9s qu&rsquo;\u00e0 l&rsquo;\u00e9chelle de l&rsquo;Union europ\u00e9enne.<br \/>\n<\/span><\/p>\n<p><span style=\"color: #777777; font-family: Arial;\">Mais nous sommes si loin du but, tellement occup\u00e9 par nos querelles intestines qu&rsquo;il appara\u00eet que nous passions \u00e0 c\u00f4t\u00e9 de l&rsquo;essentiel.<br \/>\n<\/span><\/p>\n<p><span style=\"color: #777777; font-family: Arial;\">Edgar Morin est, je crois comme nous tous, d\u00e9sabus\u00e9 par le vide de la campagne europ\u00e9enne.<br \/>\n<\/span><\/p>\n<p style=\"margin-left: 28pt;\"><span style=\"color: #c00000; font-family: Arial;\">\u00ab&nbsp;Je ne suis pas certain que l&rsquo;on puisse parler de campagne. J&rsquo;observe tous ces jeux avec une certaine inqui\u00e9tude. Et ce qui aggrave mon inqui\u00e9tude est que l&rsquo;impasse europ\u00e9enne actuelle n&rsquo;est qu&rsquo;un aspect d&rsquo;une crise plus globale, plan\u00e9taire. Il est dommage que nous n&rsquo;ayons pas r\u00e9ussi \u00e0 cr\u00e9er un mod\u00e8le qui, tout en sauvegardant les nations, parvienne \u00e0 les conf\u00e9d\u00e9rer, voire \u00e0 les f\u00e9d\u00e9rer.<br \/>\n<\/span><\/p>\n<p style=\"margin-left: 28pt;\"><span style=\"color: #c00000; font-family: Arial;\">[La multiplication des listes] est un aspect d&rsquo;une d\u00e9composition de la pens\u00e9e politique plus g\u00e9n\u00e9rale. Nous avons perdu l&rsquo;id\u00e9e d&rsquo;une nouvelle voie politique qui aurait permis \u00e0 l&rsquo;Europe de surmonter sa crise et de mettre en place un mod\u00e8le cr\u00e9atif. La pluralit\u00e9 de toutes ces listes montre que, faute d&rsquo;une pens\u00e9e commune qui relie, les candidats se dispersent sur des questions de clans et de personnes. &nbsp;\u00bb<br \/>\n<\/span><\/p>\n<p><span style=\"color: #777777; font-family: Arial;\">Comme souvent au cours de ces derni\u00e8res ann\u00e9es, Edgar Morin fait appel \u00e0 la c\u00e9l\u00e8bre phrase de H\u00f6lderlin qu&rsquo;il aime r\u00e9p\u00e9ter&nbsp;:<br \/>\n<\/span><\/p>\n<p style=\"margin-left: 28pt;\"><span style=\"color: #c00000; font-family: Arial;\">\u00ab&nbsp;Mais, comme le dit le po\u00e8te et philosophe allemand Friedrich H\u00f6lderlin, \u00ab <strong>l\u00e0 o\u00f9 cro\u00eet le p\u00e9ril cro\u00eet aussi ce qui sauve<\/strong> \u00bb. Peut-\u00eatre qu&rsquo;au bord de l&rsquo;ab\u00eeme il y aura un sursaut, je n&rsquo;en sais rien, j&rsquo;ai peur que non. Mais c&rsquo;est l\u00e0 le seul espoir qu&rsquo;il nous reste \u00e0 nous, Europ\u00e9ens d\u00e9sabus\u00e9s.&nbsp;\u00bb<br \/>\n<\/span><\/p>\n<p><span style=\"color: #777777; font-family: Arial;\">En Europe, entre les nations comme au niveau de notre quotidien, je suis persuad\u00e9 que la solution ne pourra pas venir principalement de l&rsquo;esprit de comp\u00e9tition, mais de notre capacit\u00e9 \u00e0 coop\u00e9rer, \u00e0 r\u00e9aliser des choses ensembles non pour des destins individualistes mais pour des objectifs qui nous d\u00e9passent, sont plus grands et plus importants que nos egos.<br \/>\n<\/span><\/p>\n<p><span style=\"color: #777777; font-family: Arial;\">Et bien s\u00fbr, malgr\u00e9 la vacuit\u00e9 de la campagne, il faut aller voter ce dimanche.<br \/>\n<\/span><\/p>\n<p><span style=\"color: maroon; font-family: Arial;\">&lt;1242&gt;<\/span><\/p>\n","protected":false},"excerpt":{"rendered":"<p>\u00ab Il faut sauver notre baraque europ\u00e9enne ! &nbsp;\u00bb Edgar Morin. Edgar Morin a 97 ans. C&rsquo;\u00e9tait un r\u00e9sistant. Il est sociologue, philosophe, th\u00e9oricien de la pens\u00e9e complexe. C&rsquo;est un sage. Le Point est all\u00e9 l&rsquo;interviewer \u00e0 Montpellier et a<\/p>\n","protected":false},"author":1,"featured_media":0,"comment_status":"open","ping_status":"closed","sticky":false,"template":"","format":"standard","meta":{"footnotes":""},"categories":[1],"tags":[50,49,3],"class_list":["post-6761","post","type-post","status-publish","format-standard","hentry","category-motdujour","tag-europe","tag-futur","tag-politique"],"_links":{"self":[{"href":"https:\/\/lemotdujour.fr\/index.php?rest_route=\/wp\/v2\/posts\/6761","targetHints":{"allow":["GET"]}}],"collection":[{"href":"https:\/\/lemotdujour.fr\/index.php?rest_route=\/wp\/v2\/posts"}],"about":[{"href":"https:\/\/lemotdujour.fr\/index.php?rest_route=\/wp\/v2\/types\/post"}],"author":[{"embeddable":true,"href":"https:\/\/lemotdujour.fr\/index.php?rest_route=\/wp\/v2\/users\/1"}],"replies":[{"embeddable":true,"href":"https:\/\/lemotdujour.fr\/index.php?rest_route=%2Fwp%2Fv2%2Fcomments&post=6761"}],"version-history":[{"count":4,"href":"https:\/\/lemotdujour.fr\/index.php?rest_route=\/wp\/v2\/posts\/6761\/revisions"}],"predecessor-version":[{"id":10096,"href":"https:\/\/lemotdujour.fr\/index.php?rest_route=\/wp\/v2\/posts\/6761\/revisions\/10096"}],"wp:attachment":[{"href":"https:\/\/lemotdujour.fr\/index.php?rest_route=%2Fwp%2Fv2%2Fmedia&parent=6761"}],"wp:term":[{"taxonomy":"category","embeddable":true,"href":"https:\/\/lemotdujour.fr\/index.php?rest_route=%2Fwp%2Fv2%2Fcategories&post=6761"},{"taxonomy":"post_tag","embeddable":true,"href":"https:\/\/lemotdujour.fr\/index.php?rest_route=%2Fwp%2Fv2%2Ftags&post=6761"}],"curies":[{"name":"wp","href":"https:\/\/api.w.org\/{rel}","templated":true}]}}