{"id":6749,"date":"2019-05-23T01:46:49","date_gmt":"2019-05-22T23:46:49","guid":{"rendered":"http:\/\/lemotdujour.fr\/?p=6749"},"modified":"2020-11-15T16:13:36","modified_gmt":"2020-11-15T15:13:36","slug":"jeudi-23-mai-2019","status":"publish","type":"post","link":"https:\/\/lemotdujour.fr\/?p=6749","title":{"rendered":"Jeudi 23 mai 2019"},"content":{"rendered":"<div class=\"mdjTexte\">\t\u00ab&nbsp;Les europ\u00e9ennes\u00bb<\/div>\n<div class=\"mdjAuteur\">\t\u00c9lections auxquelles nous sommes appel\u00e9s dimanche prochain<\/div>\n<p><span style=\"color: #777777; font-family: Arial;\">Hier soir, je n&rsquo;avais pas de mot du jour pour ce jeudi et j&rsquo;ai commis l&rsquo;erreur de vouloir regarder le d\u00e9bat des europ\u00e9ennes sur la 2.<br \/>\n<\/span><\/p>\n<p><img decoding=\"async\" class=\"alignleft\" src=\"https:\/\/lemotdujour.fr\/wp-content\/uploads\/2019\/05\/052219_2146_Jeudi23mai21.jpg\" alt=\"\" align=\"left\"><span style=\"color: #777777; font-family: Arial;\">Je crois que ce chat, au moment de la photo, \u00e9tait en train de regarder quelque chose d&rsquo;analogue.<br \/>\n<\/span><\/p>\n<p><span style=\"color: #777777; font-family: Arial;\"> En tout cas, ce d\u00e9bat ne m&rsquo;a donn\u00e9 aucune inspiration d&rsquo;un mot du jour.<br \/>\n<\/span><\/p>\n<p><span style=\"color: #777777; font-family: Arial;\">Alors je me retourne vers un article des Echos&nbsp;: \u00ab<span style=\"color: #0000ff;\">&nbsp;<\/span><a href=\"https:\/\/www.lesechos.fr\/elections\/europeennes\/elections-europeennes-tout-savoir-sur-le-scrutin-en-sept-points-1019569\"><span style=\"color: #0000ff;\">tout savoir sur le scrutin en 7 points<\/span>&nbsp;<\/a>\u00bb<br \/>\n<\/span><\/p>\n<p><span style=\"color: #777777; font-family: Arial;\">On apprend que&nbsp; 400 millions d&rsquo;\u00e9lecteurs sont appel\u00e9s aux urnes, et c&rsquo;est ainsi la deuxi\u00e8me plus grande \u00e9lection au monde apr\u00e8s l&rsquo;Inde en nombre d&rsquo;\u00e9lecteurs.<br \/>\n<\/span><\/p>\n<p><span style=\"color: #777777; font-family: Arial;\">On parle bien s\u00fbr des d\u00e9mocraties, la Chine ne joue pas dans cette cour.<br \/>\n<\/span><\/p>\n<p><span style=\"color: #777777; font-family: Arial;\">Ce scrutin est le neuvi\u00e8me de l&rsquo;Histoire de l&rsquo;Union europ\u00e9enne.<br \/>\n<\/span><\/p>\n<p><span style=\"color: #777777; font-family: Arial;\">Dans tous les pays, les eurod\u00e9put\u00e9s sont \u00e9lus \u00e0 la proportionnelle sur un scrutin de liste.<br \/>\n<\/span><\/p>\n<p><span style=\"color: #777777; font-family: Arial;\">Dans beaucoup de pays c&rsquo;est la r\u00e8gle pour les principales \u00e9lections. Mais pas en France o\u00f9 nous connaissons surtout le scrutin majoritaire \u00e0 2 tours. Ni en Grande Bretagne o\u00f9 le scrutin majoritaire \u00e0 1 tour constitue la r\u00e8gle.<br \/>\n<\/span><\/p>\n<p><span style=\"color: #777777; font-family: Arial;\">Ce qui signifie donc que nous fran\u00e7ais sommes assez mal pr\u00e9par\u00e9s \u00e0 ce type de scrutin.<br \/>\n<\/span><\/p>\n<p><span style=\"color: #777777; font-family: Arial;\">Nous avons un syst\u00e8me que j&rsquo;ai d\u00e9j\u00e0 d\u00e9crit au moment des derni\u00e8res \u00e9lections pr\u00e9sidentielles, qui par la combinaison de trois \u00e9l\u00e9ments&nbsp;: le scrutin majoritaire \u00e0 2 tours, l&rsquo;omnipotence du pr\u00e9sident de la r\u00e9publique et l&rsquo;ordre des \u00e9lections, c&rsquo;est-\u00e0-dire d&rsquo;abord l&rsquo;\u00e9lection pr\u00e9sidentielle puis l&rsquo;\u00e9lection l\u00e9gislative r\u00e9alise ce tour de passe-passe qu&rsquo;un parti qui repr\u00e9sente 24% des voix peut obtenir un pouvoir majoritaire qui n&rsquo;a besoin de tenir nul compte des 76 % du reste du pays.<br \/>\n<\/span><\/p>\n<p><span style=\"color: #777777; font-family: Arial;\">Ce n&rsquo;est absolument pas envisageable dans le cadre d&rsquo;un scrutin proportionnel qui oblige \u00e0 des alliances et \u00e0 des compromis avec d&rsquo;autres partis.<br \/>\n<\/span><\/p>\n<p><span style=\"color: #777777; font-family: Arial;\">C&rsquo;est pourquoi la notion de \u00ab&nbsp;vote utile&nbsp;\u00bb (pour \u00e9viter un second tour dont on ne veut pas) ou la comp\u00e9tition pour savoir quelle est la liste qui arrive en t\u00eate, alors que les deux premi\u00e8res listes selon les derniers sondages devraient obtenir \u00e0 une unit\u00e9 pr\u00e8s le m\u00eame nombre de d\u00e9put\u00e9s, n&rsquo;a pas beaucoup de sens.<br \/>\n<\/span><\/p>\n<p><span style=\"color: #777777; font-family: Arial;\">Il pourrait cependant \u00eatre question de vote utile si l&rsquo;on consid\u00e8re que le vote devient inutile s&rsquo;il n&rsquo;y a pas de doute qu&rsquo;aucun parlementaire ne sera \u00e9lu sur la liste sur laquelle il s&rsquo;est port\u00e9. Ainsi en France, il faut 5% des votes exprim\u00e9s pour avoir des parlementaires.<br \/>\n<\/span><\/p>\n<p><span style=\"color: #777777; font-family: Arial;\">Le journal des Echos publie une carte qui montre que si la France n&rsquo;est pas la seule \u00e0 donner ce seuil d&rsquo;autres pays ont des seuils plus faibles. Et l&rsquo;Allemagne, le Danemark, les Pays-bas, l&rsquo;Espagne et le Portugal ne disposent d&rsquo;aucun seuil.<br \/>\n<\/span><\/p>\n<p><img loading=\"lazy\" decoding=\"async\" class=\"aligncenter\" src=\"https:\/\/lemotdujour.fr\/wp-content\/uploads\/2019\/05\/052219_2146_Jeudi23mai22.jpg\" alt=\"\" width=\"499\" height=\"582\"><span style=\"color: #777777; font-family: Arial;\"><br \/>\n<\/span><\/p>\n<p><span style=\"color: #777777; font-family: Arial;\">En France, nous voterons le dimanche 26 mai, comme 20 autres pays.<br \/>\n<\/span><\/p>\n<p><span style=\"color: #777777; font-family: Arial;\">Mais certains peuples voteront avant, les Pays bas et le Royaume Uni commenceront aujourd&rsquo;hui le jeudi 23 mai. Le 24 mai viendront le tour de la R\u00e9publique Tch\u00e8que et de l&rsquo;Irlande. Le 25 mai ce sera la Slovaquie et quelques autres.<br \/>\n<\/span><\/p>\n<p><span style=\"color: #777777; font-family: Arial;\">On apprend aussi que seule l&rsquo;Estonie permet de voter en ligne.<br \/>\n<\/span><\/p>\n<p><span style=\"color: #777777; font-family: Arial;\">Parmi les autres informations que m&rsquo;a apport\u00e9es cet article j&rsquo;ai appris que si la France et quatorze autres pays permettent \u00e0 des candidats ayant 18 ans \u00e0 se pr\u00e9senter, il faut avoir 25 ans en Gr\u00e8ce et en Italie.<br \/>\n<\/span><\/p>\n<p><span style=\"color: #777777; font-family: Arial;\">Le Parlement compte aujourd&rsquo;hui 751 si\u00e8ges, qui ont \u00e9t\u00e9 r\u00e9partis selon un principe de proportionnalit\u00e9 d\u00e9gressive, selon la population des pays. Mais les plus petits pays ont \u00e9t\u00e9 favoris\u00e9s afin de ne pas \u00eatre repr\u00e9sent\u00e9s par moins de 6 \u00e9lus.<br \/>\n<\/span><\/p>\n<p style=\"margin-left: 28pt;\"><span style=\"color: #c00000; font-family: Arial;\">\u00ab&nbsp;Le Brexit, lorsqu&rsquo;il aura lieu (s&rsquo;il a bien lieu), va modifier cette r\u00e9partition. Exit les 73 si\u00e8ges allou\u00e9s au Royaume-Uni : 27 d&rsquo;entre eux seront redistribu\u00e9s \u00e0 14 pays pour refl\u00e9ter des changements d\u00e9mographiques. Les 46 autres si\u00e8ges seront gard\u00e9s en r\u00e9serve en cas d&rsquo;int\u00e9gration de nouveaux pays dans l&rsquo;UE.<br \/>\n<\/span><\/p>\n<p style=\"margin-left: 28pt;\"><span style=\"color: #c00000; font-family: Arial;\">Et en attendant le Brexit, ces 27 si\u00e8ges redistribu\u00e9s seront donc allou\u00e9s \u00e0 des d\u00e9put\u00e9s\u2026 en suspens . Ces derniers seront bien \u00e9lus mais ils ne pourront occuper leur si\u00e8ge que lors du d\u00e9part de leur pr\u00e9d\u00e9cesseur britannique.&nbsp;\u00bb<br \/>\n<\/span><\/p>\n<p><span style=\"color: #777777; font-family: Arial;\">Le plus important reste cependant que pour agir au Parlement europ\u00e9en il faut appartenir \u00e0 un groupe politique. . Pour former un groupe, il faut compter au moins 25 membres, qui ont \u00e9t\u00e9 \u00e9lus dans au minimum sept pays. C&rsquo;est ce qui a longtemps pos\u00e9 probl\u00e8me au Front National qui a su coaliser 25 membres pour un groupe mais pas dans 7 pays.<br \/>\n<\/span><\/p>\n<p><span style=\"color: #777777; font-family: Arial;\">Depuis longtemps c&rsquo;est la coalition du Parti populaire europ\u00e9en (PPE), de droite, et du Parti Socialiste europ\u00e9en (PSE) de gauche qui a dirig\u00e9 le parlement.<br \/>\n<\/span><\/p>\n<p><span style=\"color: #777777; font-family: Arial;\">Le PPE est le lieu d&rsquo;accueil du CDU-CSU allemand et des RPR, UMP, les r\u00e9publicains fran\u00e7ais, mais non des conservateurs anglais. Le PSE dont le nom de groupe est \u00ab&nbsp;Alliance progressistes et d\u00e9mocrates&nbsp;\u00bb accueille le PS fran\u00e7ais, le SPD allemand et les autres partis socialistes europ\u00e9ens.<br \/>\n<\/span><\/p>\n<p><span style=\"color: #777777; font-family: Arial;\">Un autre sch\u00e9ma publi\u00e9 par les Echos pr\u00e9sente le Parlement actuel.<br \/>\n<\/span><\/p>\n<p><img decoding=\"async\" src=\"https:\/\/lemotdujour.fr\/wp-content\/uploads\/2019\/05\/052219_2146_Jeudi23mai23.jpg\" alt=\"\"><span style=\"color: #777777; font-family: Arial;\"><br \/>\n<\/span><\/p>\n<p><span style=\"color: #777777; font-family: Arial;\">A priori les \u00e9lus macronistes auraient l&rsquo;intention de si\u00e9ger avec l&rsquo;Alliance d\u00e9mocrates et lib\u00e9raux.<br \/>\n<\/span><\/p>\n<p><span style=\"color: #777777; font-family: Arial;\">On constate tout de suite la modestie du positionnement.<br \/>\n<\/span><\/p>\n<p><span style=\"color: #777777; font-family: Arial;\">Cela n&rsquo;a rien \u00e0 voir avec la 5\u00e8me R\u00e9publique.<br \/>\n<\/span><\/p>\n<p><span style=\"color: #777777; font-family: Arial;\">On constate ainsi mieux pourquoi le fait de savoir qui de LREM ou de RN recueille 1 % de plus que l&rsquo;autre est d\u00e9risoire. Ce n&rsquo;est pas ainsi que la France pourra influer sur le Parlement europ\u00e9en.<br \/>\n<\/span><\/p>\n<p><span style=\"color: #777777; font-family: Arial;\">Le Point a publi\u00e9 un article&nbsp;: <a href=\"https:\/\/www.lepoint.fr\/politique\/emmanuel-berretta\/pourquoi-la-france-a-deja-perdu-les-europeennes-13-05-2019-2312170_1897.php\"><span style=\"color: #0000ff;\">&lt;Pourquoi la France a d\u00e9j\u00e0 perdu les europ\u00e9ennes&gt;<\/span><\/a><br \/>\n<\/span><\/p>\n<p><span style=\"color: maroon; font-family: Arial;\">&lt;1241&gt;<\/span><\/p>\n","protected":false},"excerpt":{"rendered":"<p>\u00ab&nbsp;Les europ\u00e9ennes\u00bb \u00c9lections auxquelles nous sommes appel\u00e9s dimanche prochain Hier soir, je n&rsquo;avais pas de mot du jour pour ce jeudi et j&rsquo;ai commis l&rsquo;erreur de vouloir regarder le d\u00e9bat des europ\u00e9ennes sur la 2. Je crois que ce chat,<\/p>\n","protected":false},"author":1,"featured_media":0,"comment_status":"open","ping_status":"closed","sticky":false,"template":"","format":"standard","meta":{"footnotes":""},"categories":[1],"tags":[141,50,15],"class_list":["post-6749","post","type-post","status-publish","format-standard","hentry","category-motdujour","tag-elections","tag-europe","tag-france"],"_links":{"self":[{"href":"https:\/\/lemotdujour.fr\/index.php?rest_route=\/wp\/v2\/posts\/6749","targetHints":{"allow":["GET"]}}],"collection":[{"href":"https:\/\/lemotdujour.fr\/index.php?rest_route=\/wp\/v2\/posts"}],"about":[{"href":"https:\/\/lemotdujour.fr\/index.php?rest_route=\/wp\/v2\/types\/post"}],"author":[{"embeddable":true,"href":"https:\/\/lemotdujour.fr\/index.php?rest_route=\/wp\/v2\/users\/1"}],"replies":[{"embeddable":true,"href":"https:\/\/lemotdujour.fr\/index.php?rest_route=%2Fwp%2Fv2%2Fcomments&post=6749"}],"version-history":[{"count":6,"href":"https:\/\/lemotdujour.fr\/index.php?rest_route=\/wp\/v2\/posts\/6749\/revisions"}],"predecessor-version":[{"id":10097,"href":"https:\/\/lemotdujour.fr\/index.php?rest_route=\/wp\/v2\/posts\/6749\/revisions\/10097"}],"wp:attachment":[{"href":"https:\/\/lemotdujour.fr\/index.php?rest_route=%2Fwp%2Fv2%2Fmedia&parent=6749"}],"wp:term":[{"taxonomy":"category","embeddable":true,"href":"https:\/\/lemotdujour.fr\/index.php?rest_route=%2Fwp%2Fv2%2Fcategories&post=6749"},{"taxonomy":"post_tag","embeddable":true,"href":"https:\/\/lemotdujour.fr\/index.php?rest_route=%2Fwp%2Fv2%2Ftags&post=6749"}],"curies":[{"name":"wp","href":"https:\/\/api.w.org\/{rel}","templated":true}]}}