{"id":6736,"date":"2019-05-22T02:45:04","date_gmt":"2019-05-22T00:45:04","guid":{"rendered":"http:\/\/lemotdujour.fr\/?p=6736"},"modified":"2020-11-15T16:18:15","modified_gmt":"2020-11-15T15:18:15","slug":"mercredi-22-mai-2019","status":"publish","type":"post","link":"https:\/\/lemotdujour.fr\/?p=6736","title":{"rendered":"Mercredi 22 mai 2019"},"content":{"rendered":"<div class=\"mdjTexte\">\t\u00ab&nbsp;Si bien que s\u2019il existe une \u00e9thique en tant qu\u2019\u00eatre humain.C\u2019est d\u2019\u00eatre digne de ce don sublime d\u2019\u00eatre vivant.&nbsp;\u00bb<\/div>\n<div class=\"mdjAuteur\">\tAlain Damasio<\/div>\n<p><span style=\"color: #777777; font-family: Arial;\">Le 13 mai 2019, Michelle a \u00e9crit \u00e0 Annie et \u00e0 moi un courriel, dans lequel, sans autre pr\u00e9cision elle a \u00e9crit&nbsp;:<br \/>\n<\/span><\/p>\n<p style=\"margin-left: 28pt;\"><span style=\"color: #c00000; font-family: Arial;\">\u00abJ&rsquo;ai envie de partager ce texte d&rsquo;Alain Damasio.<br \/>\nBel aujourd&rsquo;hui&nbsp;\u00bb<br \/>\n<\/span><\/p>\n<p><span style=\"color: #777777; font-family: Arial;\">Voici ce texte&nbsp;:<br \/>\n<\/span><\/p>\n<p style=\"margin-left: 28pt;\"><span style=\"color: #c00000; font-family: Arial; text-decoration: underline;\"><strong><em>\u00ab&nbsp;Celle qui bruisse<br \/>\n<\/em><\/strong><\/span><\/p>\n<p style=\"margin-left: 28pt;\"><span style=\"color: #c00000; font-family: Arial;\">Le vivant n&rsquo;est pas une propri\u00e9t\u00e9, un bien qu&rsquo;on pourrait acqu\u00e9rir ou prot\u00e9ger.<br \/>\n<\/span><span style=\"color: #c00000; font-family: Arial;\">C&rsquo;est un milieu, c&rsquo;est un chant qui nous traverse dans lequel nous sommes immerg\u00e9s, fondus ou \u00e9lectris\u00e9s.<br \/>\n<\/span><span style=\"color: #c00000; font-family: Arial;\">Si bien que s&rsquo;il existe une \u00e9thique en tant qu&rsquo;\u00eatre humain.<br \/>\n<\/span><span style=\"color: #c00000; font-family: Arial;\">C&rsquo;est d&rsquo;\u00eatre digne de ce don sublime d&rsquo;\u00eatre vivant.<br \/>\n<\/span><span style=\"color: #c00000; font-family: Arial;\">Et d&rsquo;en incarner, d&rsquo;en d\u00e9ployer autant que faire se peut les puissances.<br \/>\n<\/span><span style=\"color: #c00000; font-family: Arial;\">Qu&rsquo;est-ce qu&rsquo;une puissance ?<br \/>\n<\/span><span style=\"color: #c00000; font-family: Arial;\">Une puissance de vie&nbsp;!<br \/>\n<\/span><span style=\"color: #c00000; font-family: Arial;\">C&rsquo;est le volume de liens, de relations qu&rsquo;un \u00eatre est capable de tisser et d&rsquo;entrelacer sans se porter atteinte.<br \/>\n<\/span><span style=\"color: #c00000; font-family: Arial;\">Ou encore c&rsquo;est la gamme chromatique des affects dont nous sommes capables<br \/>\n<\/span><span style=\"color: #c00000; font-family: Arial;\">Vivre revient alors \u00e0 accroitre notre capacit\u00e9 \u00e0 \u00eatre affect\u00e9.<br \/>\n<\/span><span style=\"color: #c00000; font-family: Arial;\">Donc notre spectre ou notre amplitude \u00e0 \u00eatre touch\u00e9, chang\u00e9, \u00e9mu.<br \/>\n<\/span><span style=\"color: #c00000; font-family: Arial;\">Contracter une sensation, contempler, habiter un instant ou un lieu.<br \/>\n<\/span><span style=\"color: #c00000; font-family: Arial;\">Ce sont des liens \u00e9lus.<br \/>\n<\/span><\/p>\n<p style=\"margin-left: 28pt;\"><span style=\"color: #c00000; font-family: Arial;\">A l&rsquo;inverse, faire face \u00e0 des stimulus et y r\u00e9pondre sans cesse pollue notre disponibilit\u00e9.<br \/>\n<\/span><span style=\"color: #c00000; font-family: Arial;\">L&rsquo;\u00e9conomie de l&rsquo;attention ne nous affecte pas, elle nous infecte.<br \/>\n<\/span><span style=\"color: #c00000; font-family: Arial;\">Elle encrasse ces filtres subtils sans lesquels il n&rsquo;est pas de discrimination saine entre les liens qui lib\u00e8rent et ceux qui ali\u00e8nent.<br \/>\n<\/span><span style=\"color: #c00000; font-family: Arial;\">Nos puissances de vivre rel\u00e8vent d&rsquo;un art du lien qui est d\u00e9j\u00e0 en soi une politique.<br \/>\n<\/span><span style=\"color: #c00000; font-family: Arial;\">Celle de l&rsquo;\u00e9coute et de l&rsquo;accueil, de l&rsquo;hospitalit\u00e9 au neuf qui surgit<br \/>\n<\/span><span style=\"color: #c00000; font-family: Arial;\">Si bien qu&rsquo;il devient crucial d&rsquo;aller \u00e0 la rencontre.<br \/>\n<\/span><span style=\"color: #c00000; font-family: Arial;\">A la rencontre aussi bien d&rsquo;un enfant, d&rsquo;un groupe, d&rsquo;une femme que de choses plus \u00e9tranges\u2026<br \/>\n<\/span><span style=\"color: #c00000; font-family: Arial;\">Comme rencontrer une musique qui trouble, un livre intranquille, un chat qui ne s&rsquo;apprivoise pas, une falaise.<br \/>\n<\/span><span style=\"color: #c00000; font-family: Arial;\">C\u00f4toyer un arbousier en novembre.<br \/>\n<\/span><span style=\"color: #c00000; font-family: Arial;\">Epouser la logique d&rsquo;une machine.<br \/>\n<\/span><span style=\"color: #c00000; font-family: Arial;\">Rencontrer une lumi\u00e8re, la mer, un jeu vid\u00e9o, une heure de la journ\u00e9e, la neige.<br \/>\n<\/span><span style=\"color: #c00000; font-family: Arial;\">Faire terreau pour que les liens vivent.<br \/>\n<\/span><span style=\"color: #c00000; font-family: Arial;\">Des liens amicaux ou amoureux.<br \/>\n<\/span><span style=\"color: #c00000; font-family: Arial;\">Collectifs et communautaires bien s\u00fbr.<br \/>\n<\/span><\/p>\n<p style=\"margin-left: 28pt;\"><span style=\"color: #c00000; font-family: Arial;\">Mais au-del\u00e0, et avec plus d&rsquo;attention encore, les liens avec le dehors, le pas de chez nous.<br \/>\n<\/span><span style=\"color: #c00000; font-family: Arial;\">L&rsquo;autre soi&nbsp;!<br \/>\n<\/span><span style=\"color: #c00000; font-family: Arial;\">Avec l&rsquo;\u00e9tranger d&rsquo;o\u00f9 qu&rsquo;il vienne.<br \/>\n<\/span><span style=\"color: #c00000; font-family: Arial;\">Et plus loin encore, hors de l&rsquo;humain qui nous rassure, les liens avec la for\u00eat, le maquis, la terre,<br \/>\navec le v\u00e9g\u00e9tal comme avec l&rsquo;animal, les autres esp\u00e8ces et les autres formes de vie.<br \/>\n<\/span><\/p>\n<p style=\"margin-left: 28pt;\"><span style=\"color: #c00000; font-family: Arial;\">Se composer avec, les accepter, nouer avec elles, s&#8217;emberlificoter.<br \/>\n<\/span><span style=\"color: #c00000; font-family: Arial;\">C&rsquo;est un alliage et c&rsquo;est une alliance.<br \/>\n<\/span><span style=\"color: #c00000; font-family: Arial;\">Peut-\u00eatre n&rsquo;est-il qu&rsquo;une seule r\u00e9volte au fond&nbsp;: contre les parties mortes en nous.<br \/>\n<\/span><span style=\"color: #c00000; font-family: Arial;\">Cette mort active dans nos perceptions satur\u00e9es de pens\u00e9es qu&rsquo;on m\u00e9canise.<br \/>\n<\/span><span style=\"color: #c00000; font-family: Arial;\">Nos sensations \u00e9teintes.<br \/>\n<\/span><span style=\"color: #c00000; font-family: Arial;\">\u00catre du vif.<br \/>\n<\/span><span style=\"color: #c00000; font-family: Arial;\">Relever du vif.<br \/>\n<\/span><\/p>\n<p style=\"margin-left: 28pt;\"><span style=\"color: #c00000; font-family: Arial;\">Devenir moins celui qui br\u00fble que celle qui bruisse<br \/>\n<\/span><span style=\"color: #c00000; font-family: Arial;\">Amener au point de fusion et de puissance<br \/>\n<\/span><span style=\"color: #c00000; font-family: Arial;\">Pour en offrir l&rsquo;incandescence \u00e0 ceux qu&rsquo;on aime.&nbsp;\u00bb<br \/>\n<\/span><\/p>\n<p><span style=\"color: #777777; font-family: Arial;\">&lt;<a href=\"https:\/\/fr.wikipedia.org\/wiki\/Alain_Damasio\"><span style=\"color: #0000ff;\">Alain Damasio<\/span><\/a>&gt; est n\u00e9 le 1er ao\u00fbt 1969 \u00e0 Lyon. C&rsquo;est un \u00e9crivain de science-fiction.<br \/>\n<\/span><\/p>\n<p><span style=\"color: #777777; font-family: Arial;\">Je ne le connaissais pas, avant de faire des recherches sur lui, apr\u00e8s le message de Michelle.<br \/>\n<\/span><\/p>\n<p><span style=\"color: #777777; font-family: Arial;\">Il est connu pour son ouvrage &lt;<span style=\"color: #0000ff;\"><a style=\"color: #0000ff;\" href=\"https:\/\/lavolte.net\/livres\/la-horde-du-contrevent\/\">La Horde du Contrevent<\/a><\/span>&gt;, qui remporte le grand prix de l&rsquo;Imaginaire en 2006.<br \/>\n<\/span><\/p>\n<p><span style=\"color: #777777; font-family: Arial;\">Il vient de publier un nouveau roman \u00ab&nbsp;<a href=\"https:\/\/lavolte.net\/livres\/les-furtifs-alain-damasio\/\"><span style=\"color: #0000ff;\">Les furtifs<\/span><\/a>\u00bb, c&rsquo;est la raison pour laquelle Augustin Trapenard l&rsquo;a invit\u00e9 dans son \u00e9mission &lt;<span style=\"color: #0000ff;\"><a style=\"color: #0000ff;\" href=\"https:\/\/www.franceinter.fr\/emissions\/boomerang\/boomerang-13-mai-2019\">Boomerang du 13 mai 2019<\/a><\/span>&gt;.<br \/>\n<\/span><\/p>\n<p><span style=\"color: #777777; font-family: Arial;\">Augustin Trapenard pr\u00e9sente ce dernier opus ainsi&nbsp;:<br \/>\n<\/span><\/p>\n<p style=\"margin-left: 28pt;\"><span style=\"color: #c00000; font-family: Arial;\">\u00ab&nbsp; Un roman plus ambitieux que jamais, \u00ab&nbsp;Les furtifs&nbsp;\u00bb. \u00c0 travers le portrait futuriste et gla\u00e7ant d&rsquo;une soci\u00e9t\u00e9 r\u00e9gie par la finance, l&rsquo;hyper connexion, et l&rsquo;auto ali\u00e9nation c&rsquo;est d&rsquo;aujourd&rsquo;hui qu&rsquo;il nous parle. [\u2026] il dresse le portrait d&rsquo;une soci\u00e9t\u00e9 dans laquelle la finance et la technologie ont pris le pas sur l&rsquo;humain et le vivant.&nbsp;\u00bb<br \/>\n<\/span><\/p>\n<p><img loading=\"lazy\" decoding=\"async\" class=\"alignleft\" src=\"https:\/\/lemotdujour.fr\/wp-content\/uploads\/2019\/05\/052019_2044_Mercredi22m1.jpg\" alt=\"\" width=\"330\" height=\"220\" align=\"left\"><span style=\"color: #777777; font-family: Arial;\">Il parle bien s\u00fbr de son livre qui d\u00e9crit un monde dans lequel la finance ach\u00e8te tout et o\u00f9 les humains sont enferm\u00e9s dans les traces qu&rsquo;ils laissent sur la toile. Il a invent\u00e9 un concept : \u00ab<strong>Le techno-cocon<\/strong>\u00bb et il ajoute que le techno-cocon est une prison. La technique num\u00e9rique nous entoure comme un cocon qui nous capture. <\/span><\/p>\n<p><span style=\"color: #777777; font-family: Arial;\">Il imagine aussi que nos grandes villes qui sont endett\u00e9es font faillite et sont rachet\u00e9es par des multinationales. Ainsi Nestl\u00e9 a fait de Lyon <strong>NestLyon<\/strong>, Paris est devenu <strong>Paris-LVMH,<\/strong> et <strong>Orange<\/strong>, la ville o\u00f9 d\u00e9bute l\u2019histoire, s\u2019appelle toujours Orange\u2026 parce que l\u2019op\u00e9rateur t\u00e9l\u00e9phonique l\u2019a rachet\u00e9e. <\/span><\/p>\n<p><span style=\"color: #777777; font-family: Arial;\">Dans ces \u00ab villes lib\u00e9r\u00e9es \u00bb, l\u2019imp\u00f4t, \u00ab optionnel \u00bb, permet d\u2019acqu\u00e9rir des niveaux de citoyennet\u00e9 : standard, premium ou privil\u00e8ge. Certaines avenues, certains parcs sont r\u00e9serv\u00e9s aux citoyens privil\u00e8ge. La consommation et la publicit\u00e9 sont partout ; les individus, connect\u00e9s, \u00ab bagu\u00e9s \u00bb comme des pigeons et tra\u00e7ables en permanence. Ceux qui sortent des rails voient leur note personnelle d\u00e9grad\u00e9e, ou un drone les taser. Les milices priv\u00e9es pourchassent l\u2019enseignement gratuit des \u00ab proferrants \u00bb, au motif qu\u2019il viole le droit commercial.<br \/>\n<\/span><\/p>\n<p><span style=\"color: #777777; font-family: Arial;\">Vous pouvez aussi lire <span style=\"color: #0000ff;\"><a style=\"color: #0000ff;\" href=\"https:\/\/www.en-attendant-nadeau.fr\/2019\/05\/07\/hypermondes-damasio\/\">&lt;cet article&gt;<\/a> <\/span>sur le livre les Furtifs et \u00e9couter cette autre \u00e9mission de France Culture : <span style=\"color: #0000ff;\">&lt;<a style=\"color: #0000ff;\" href=\"https:\/\/www.franceculture.fr\/emissions\/la-methode-scientifique\/la-methode-scientifique-emission-du-jeudi-18-avril-2019\">La M\u00e9thode scientifique du 18\/04\/2019<\/a>&gt;<\/span>.<\/span><\/p>\n<p><span style=\"color: #777777; font-family: Arial;\">Et \u00e0 la fin de l&rsquo;\u00e9mission, Augustin Trapenard offre une carte blanche de 3 minutes \u00e0 Alain Damasio qui remplit ce temps par ce texte qu&rsquo;il lit, texte in\u00e9dit qu&rsquo;a envoy\u00e9 Michelle pour que nous puissions le partager<br \/>\n<\/span><\/p>\n<p><span style=\"color: #777777; font-family: Arial;\">J&rsquo;ai choisi comme exergue de ce mot du jour l&rsquo;extrait suivant&nbsp;:<br \/>\n<\/span><\/p>\n<p style=\"margin-left: 28pt;\"><span style=\"color: #c00000; font-family: Arial;\">\u00ab&nbsp;Si bien que s&rsquo;il existe une \u00e9thique en tant qu&rsquo;\u00eatre humain.<br \/>\n<\/span><span style=\"color: #c00000; font-family: Arial;\">C&rsquo;est d&rsquo;\u00eatre digne de ce don sublime d&rsquo;\u00eatre vivant.&nbsp;\u00bb<br \/>\n<\/span><\/p>\n<p><span style=\"color: #777777; font-family: Arial;\">Mais j&rsquo;ai beaucoup h\u00e9sit\u00e9.<br \/>\n<\/span><\/p>\n<p><span style=\"color: #777777; font-family: Arial;\">Que pensez-vous de ?<br \/>\n<\/span><\/p>\n<p style=\"margin-left: 28pt;\"><span style=\"color: #c00000; font-family: Arial;\"> \u00ab&nbsp;Vivre revient alors \u00e0 accroitre notre capacit\u00e9 \u00e0 \u00eatre affect\u00e9.<br \/>\n<\/span><span style=\"color: #c00000; font-family: Arial;\">Donc notre spectre ou notre amplitude \u00e0 \u00eatre touch\u00e9, chang\u00e9, \u00e9mu.&nbsp;\u00bb<br \/>\n<\/span><\/p>\n<p><span style=\"color: #777777; font-family: Arial;\">Ou encore&nbsp;:<br \/>\n<\/span><\/p>\n<p style=\"margin-left: 28pt;\"><span style=\"color: #c00000; font-family: Arial;\">\u00ab&nbsp;L&rsquo;\u00e9conomie de l&rsquo;attention ne nous affecte pas, elle nous infecte.<br \/>\n<\/span><span style=\"color: #c00000; font-family: Arial;\">Elle encrasse ces filtres subtils sans lesquels il n&rsquo;est pas de discrimination saine entre les liens qui lib\u00e8rent et ceux qui ali\u00e8nent.&nbsp;\u00bb<br \/>\n<\/span><\/p>\n<p><span style=\"color: #777777; font-family: Arial;\">Et cette fin remarquable :<br \/>\n<\/span><\/p>\n<p style=\"margin-left: 28pt;\"><span style=\"color: #c00000; font-family: Arial;\"> \u00ab&nbsp;Devenir moins celui qui br\u00fble que celle qui bruisse<br \/>\n<\/span><span style=\"color: #c00000; font-family: Arial;\">Amener au point de fusion et de puissance<br \/>\n<\/span><span style=\"color: #c00000; font-family: Arial;\">Pour en offrir l&rsquo;incandescence \u00e0 ceux qu&rsquo;on aime.&nbsp;\u00bb<br \/>\n<\/span><\/p>\n<p><span style=\"color: #777777; font-family: Arial;\">Merci \u00e0 Alain Damasio pour ce texte incandescent. <\/span><\/p>\n<p><span style=\"color: #777777; font-family: Arial;\">Merci \u00e0 Michelle pour ce partage.<br \/>\n<\/span><\/p>\n<p><span style=\"color: #800000; font-family: Arial;\">&lt;1240&gt;<\/span><\/p>\n","protected":false},"excerpt":{"rendered":"<p>\u00ab&nbsp;Si bien que s\u2019il existe une \u00e9thique en tant qu\u2019\u00eatre humain.C\u2019est d\u2019\u00eatre digne de ce don sublime d\u2019\u00eatre vivant.&nbsp;\u00bb Alain Damasio Le 13 mai 2019, Michelle a \u00e9crit \u00e0 Annie et \u00e0 moi un courriel, dans lequel, sans autre pr\u00e9cision<\/p>\n","protected":false},"author":1,"featured_media":0,"comment_status":"open","ping_status":"closed","sticky":false,"template":"","format":"standard","meta":{"footnotes":""},"categories":[1],"tags":[140,9,32],"class_list":["post-6736","post","type-post","status-publish","format-standard","hentry","category-motdujour","tag-biodiversite","tag-litterature","tag-numerique"],"_links":{"self":[{"href":"https:\/\/lemotdujour.fr\/index.php?rest_route=\/wp\/v2\/posts\/6736","targetHints":{"allow":["GET"]}}],"collection":[{"href":"https:\/\/lemotdujour.fr\/index.php?rest_route=\/wp\/v2\/posts"}],"about":[{"href":"https:\/\/lemotdujour.fr\/index.php?rest_route=\/wp\/v2\/types\/post"}],"author":[{"embeddable":true,"href":"https:\/\/lemotdujour.fr\/index.php?rest_route=\/wp\/v2\/users\/1"}],"replies":[{"embeddable":true,"href":"https:\/\/lemotdujour.fr\/index.php?rest_route=%2Fwp%2Fv2%2Fcomments&post=6736"}],"version-history":[{"count":8,"href":"https:\/\/lemotdujour.fr\/index.php?rest_route=\/wp\/v2\/posts\/6736\/revisions"}],"predecessor-version":[{"id":10098,"href":"https:\/\/lemotdujour.fr\/index.php?rest_route=\/wp\/v2\/posts\/6736\/revisions\/10098"}],"wp:attachment":[{"href":"https:\/\/lemotdujour.fr\/index.php?rest_route=%2Fwp%2Fv2%2Fmedia&parent=6736"}],"wp:term":[{"taxonomy":"category","embeddable":true,"href":"https:\/\/lemotdujour.fr\/index.php?rest_route=%2Fwp%2Fv2%2Fcategories&post=6736"},{"taxonomy":"post_tag","embeddable":true,"href":"https:\/\/lemotdujour.fr\/index.php?rest_route=%2Fwp%2Fv2%2Ftags&post=6736"}],"curies":[{"name":"wp","href":"https:\/\/api.w.org\/{rel}","templated":true}]}}