{"id":6721,"date":"2019-05-20T00:59:47","date_gmt":"2019-05-19T22:59:47","guid":{"rendered":"http:\/\/lemotdujour.fr\/?p=6721"},"modified":"2020-11-15T16:21:35","modified_gmt":"2020-11-15T15:21:35","slug":"lundi-20-mai-2019","status":"publish","type":"post","link":"https:\/\/lemotdujour.fr\/?p=6721","title":{"rendered":"Lundi 20 mai 2019"},"content":{"rendered":"<div class=\"mdjTexte\">\t\u00ab&nbsp;Les animaux vont dispara\u00eetre, il n\u2019en restera plus bient\u00f4t&nbsp;\u00bb<\/div>\n<div class=\"mdjAuteur\">\tMichel Simon, en 1965<\/div>\n<p><span style=\"color: #777777; font-family: Arial;\">Le lundi 6 mai 2019, a eu lieu \u00e0 Paris le &lt;<a href=\"https:\/\/www.rtl.fr\/actu\/debats-societe\/biodiversite-le-sommet-de-paris-tentera-d-eviter-la-6e-extinction-de-masse-7797569037\"><span style=\"color: #0000ff;\">sommet mondial pour la biodiversit\u00e9<\/span><\/a>&gt;&nbsp;:<br \/>\n<\/span><\/p>\n<p style=\"margin-left: 28pt;\"><span style=\"color: #c00000; font-family: Arial;\">\u00ab&nbsp;Le rapport qui sera adopt\u00e9 ce lundi 6 mai apr\u00e8s-midi par 130 \u00c9tats \u00e0 Paris sur la biodiversit\u00e9 sera sans appel : \u00ab\u00a0<strong>Une grande partie de la nature est d\u00e9j\u00e0 perdue<\/strong>, et ce qui reste continue \u00e0 d\u00e9cliner\u00a0\u00bb. Selon les chercheurs, ce sera la sixi\u00e8me extinction de masse de l&rsquo;Histoire&#8230; et la premi\u00e8re due \u00e0 l&rsquo;Homme. Une extinction de masse, c&rsquo;est quand l&rsquo;essentiel de esp\u00e8ces qui vivent sur terre disparaissent en peu de temps.&nbsp;\u00bb<br \/>\n<\/span><\/p>\n<p><span style=\"color: #777777; font-family: Arial;\">L&rsquo;INA a publi\u00e9 une archive qui date de 1965, il y a 54 ans&nbsp;!<br \/>\n<\/span><\/p>\n<p><span style=\"color: #777777; font-family: Arial;\">C&rsquo;est un extrait d&rsquo;une interview du grand acteur Michel Simon que tout le monde pense fran\u00e7ais mais qui est suisse.<br \/>\n<\/span><\/p>\n<p><span style=\"color: #777777; font-family: Arial;\">Vous la trouverez <a href=\"https:\/\/www.youtube.com\/watch?v=3WngdT6iJuY&amp;feature=youtu.be\"><span style=\"color: #0000ff;\">&lt;ici&gt;<\/span><\/a><br \/>\n<\/span><\/p>\n<p><span style=\"color: #777777; font-family: Arial;\">Et voici ce que dit Michel Simon&nbsp;:<br \/>\n<\/span><\/p>\n<p style=\"margin-left: 28pt;\"><span style=\"color: #c00000; font-family: Arial;\">\u00ab&nbsp;C&rsquo;est tragique [\u2026]<br \/>\n<\/span><span style=\"color: #c00000; font-family: Arial;\">Je n&rsquo;envisage pas l&rsquo;avenir. Ce n&rsquo;est pas pensable.<br \/>\n<\/span><\/p>\n<p style=\"margin-left: 28pt;\"><span style=\"color: #c00000; font-family: Arial;\">Cette prolif\u00e9ration de l&rsquo;\u00eatre humain qui est pire que celle du rat. [\u2026]<br \/>\n<\/span><\/p>\n<p style=\"margin-left: 28pt;\"><span style=\"color: #c00000; font-family: Arial;\">Les b\u00eates sont merveilleuses parce qu&rsquo;elles sont en contact direct avec la nature.<br \/>\n<\/span><span style=\"color: #c00000; font-family: Arial;\">Ce qui aurait pu peut \u00eatre sauver l&rsquo;humanit\u00e9 c&rsquo;est peut-\u00eatre la femme, parce qu&rsquo;elle est encore en contact avec la nature.<br \/>\n<\/span><span style=\"color: #c00000; font-family: Arial;\">Elle \u00e9chappe aux lois, aux imb\u00e9cilit\u00e9s \u00e9mises par les anormaux.<br \/>\n<\/span><span style=\"color: #c00000; font-family: Arial;\">Elle est encore en contact avec la nature mais elle n&rsquo;a pas voix au chapitre. [\u2026]<br \/>\n<\/span><\/p>\n<p style=\"margin-left: 28pt;\"><span style=\"color: #c00000; font-family: Arial;\">Les animaux vont dispara\u00eetre il n&rsquo;en restera plus bient\u00f4t.<br \/>\n<\/span><span style=\"color: #c00000; font-family: Arial;\">En Afrique c&rsquo;est l&rsquo;h\u00e9catombe permanente.<br \/>\n<\/span><span style=\"color: #c00000; font-family: Arial;\">Ici quand je suis venu, j&rsquo;avais une trentaine de nids d&rsquo;hirondelles.<br \/>\n<\/span><\/p>\n<p style=\"margin-left: 28pt;\"><span style=\"color: #c00000; font-family: Arial;\">L&rsquo;ann\u00e9e derni\u00e8re j&rsquo;ai eu deux nids d&rsquo;hirondelles et pour la premi\u00e8re fois j&rsquo;ai ramass\u00e9 une hirondelle qui \u00e9tait tomb\u00e9e de son nid, qui \u00e9tait si pauvrement aliment\u00e9e. Gr\u00e2ce aux progr\u00e8s de la science, la science chimique qui assassine la terre, qui assassine l&rsquo;insecte, qui assassine l&rsquo;oiseau, qui tue toute vie, qui assassine l&rsquo;homme, on s&rsquo;en apercevra peut \u00eatre trop tard.<br \/>\n<\/span><span style=\"color: #c00000; font-family: Arial;\">Gr\u00e2ce \u00e0 cela, il n&rsquo;y a plus d&rsquo;oiseaux.<br \/>\n<\/span><span style=\"color: #c00000; font-family: Arial;\">Dans ce parc, quand je suis arriv\u00e9 en 1933, c&rsquo;\u00e9tait merveilleux.<br \/>\n<\/span><span style=\"color: #c00000; font-family: Arial;\">Le printemps, c&rsquo;\u00e9tait une orgie de chants d&rsquo;oiseaux.<br \/>\n<\/span><span style=\"color: #c00000; font-family: Arial;\">C&rsquo;\u00e9tait quelque chose de merveilleux.<br \/>\n<\/span><span style=\"color: #c00000; font-family: Arial;\">Aujourd&rsquo;hui il n&rsquo;y en a plus.<br \/>\n<\/span><\/p>\n<p style=\"margin-left: 28pt;\"><span style=\"color: #c00000; font-family: Arial;\">[\u2026] Je ramasse chaque printemps des oiseaux morts [\u2026] qui ont mang\u00e9 des insectes empoisonn\u00e9s et qui meurent&nbsp;!&nbsp;\u00bb<br \/>\n<\/span><\/p>\n<p><span style=\"color: #777777; font-family: Arial;\">C&rsquo;\u00e9tait visionnaire, lucide et tr\u00e8s dur.<br \/>\n<\/span><\/p>\n<p><span style=\"color: #777777; font-family: Arial;\">En 1965, probablement que ce n&rsquo;\u00e9tait pas entendable et que les gens ne croyaient pas ce qu&rsquo;il entendait.<br \/>\n<\/span><\/p>\n<p><span style=\"color: #777777; font-family: Arial;\">Aujourd&rsquo;hui, nous savons qu&rsquo;il avait raison.<br \/>\n<\/span><\/p>\n<p><span style=\"color: #777777; font-family: Arial;\">Homo sapiens, peut-il penser qu&rsquo;il a la moindre chance de survivre sur une plan\u00e8te dont il serait devenu le quasi seul animal vivant&nbsp;?<br \/>\n<\/span><\/p>\n<p><span style=\"color: #777777; font-family: Arial;\">Les insecticides, le r\u00e9chauffement climatique et ce qu&rsquo;il faut bien appeler la pr\u00e9dation de la terre par homo sapiens r\u00e9duit de plus en plus la biodiversit\u00e9 n\u00e9cessaire \u00e0 la vie sur terre.<br \/>\n<\/span><\/p>\n<p><span style=\"color: #777777; font-family: Arial;\">Je ne sais pas si les humains sont trop nombreux sur terre, en tout cas ils ne peuvent pas prendre davantage de place sur notre plan\u00e8te et il faut qu&rsquo;ils se pr\u00e9occupent de la place laiss\u00e9e aux autres esp\u00e8ces vivantes.<br \/>\n<\/span><\/p>\n<p><span style=\"color: #777777; font-family: Arial;\">Exactement le contraire que ce que fait le pr\u00e9sident br\u00e9silien Jair Bolsonaro en &lt;<a href=\"https:\/\/www.rtl.be\/info\/monde\/international\/bresil-amazonie-pantanal-alerte-sur-des-sanctuaires-de-la-biodiversite-1120831.aspx\"><span style=\"color: #0000ff;\">Amazonie<\/span><\/a>&gt;, ou le pr\u00e9sident turc Erdogan &lt;<span style=\"color: #0000ff;\"><a style=\"color: #0000ff;\" href=\"https:\/\/fr.news.yahoo.com\/mort-d-apos-ouvriers-d%C3%A9forestation-144720294.html\">en cr\u00e9ant le plus grand a\u00e9roport du monde<\/a><\/span>&gt; ou encore la Chine avec son projet &lt;<a href=\"http:\/\/www.journaldelenvironnement.net\/article\/nouvelle-route-de-la-soie-le-commerce-au-detriment-de-l-environnement,91705\"><span style=\"color: #0000ff;\">de la nouvelle route de la soie<\/span><\/a>&gt;. Ce ne sont que quelques exemples dans un monde qui continue \u00e0 croire qu\u2019homo sapiens peut aller au bout de sa qu\u00eate \u00e9conomique sans limite.<br \/>\n<\/span><\/p>\n<p><span style=\"color: maroon; font-family: Arial;\">&lt;1238&gt;<\/span><\/p>\n","protected":false},"excerpt":{"rendered":"<p>\u00ab&nbsp;Les animaux vont dispara\u00eetre, il n\u2019en restera plus bient\u00f4t&nbsp;\u00bb Michel Simon, en 1965 Le lundi 6 mai 2019, a eu lieu \u00e0 Paris le &lt;sommet mondial pour la biodiversit\u00e9&gt;&nbsp;: \u00ab&nbsp;Le rapport qui sera adopt\u00e9 ce lundi 6 mai apr\u00e8s-midi par<\/p>\n","protected":false},"author":1,"featured_media":0,"comment_status":"open","ping_status":"closed","sticky":false,"template":"","format":"standard","meta":{"footnotes":""},"categories":[1],"tags":[140,43,48],"class_list":["post-6721","post","type-post","status-publish","format-standard","hentry","category-motdujour","tag-biodiversite","tag-ecologie","tag-nature"],"_links":{"self":[{"href":"https:\/\/lemotdujour.fr\/index.php?rest_route=\/wp\/v2\/posts\/6721","targetHints":{"allow":["GET"]}}],"collection":[{"href":"https:\/\/lemotdujour.fr\/index.php?rest_route=\/wp\/v2\/posts"}],"about":[{"href":"https:\/\/lemotdujour.fr\/index.php?rest_route=\/wp\/v2\/types\/post"}],"author":[{"embeddable":true,"href":"https:\/\/lemotdujour.fr\/index.php?rest_route=\/wp\/v2\/users\/1"}],"replies":[{"embeddable":true,"href":"https:\/\/lemotdujour.fr\/index.php?rest_route=%2Fwp%2Fv2%2Fcomments&post=6721"}],"version-history":[{"count":4,"href":"https:\/\/lemotdujour.fr\/index.php?rest_route=\/wp\/v2\/posts\/6721\/revisions"}],"predecessor-version":[{"id":10100,"href":"https:\/\/lemotdujour.fr\/index.php?rest_route=\/wp\/v2\/posts\/6721\/revisions\/10100"}],"wp:attachment":[{"href":"https:\/\/lemotdujour.fr\/index.php?rest_route=%2Fwp%2Fv2%2Fmedia&parent=6721"}],"wp:term":[{"taxonomy":"category","embeddable":true,"href":"https:\/\/lemotdujour.fr\/index.php?rest_route=%2Fwp%2Fv2%2Fcategories&post=6721"},{"taxonomy":"post_tag","embeddable":true,"href":"https:\/\/lemotdujour.fr\/index.php?rest_route=%2Fwp%2Fv2%2Ftags&post=6721"}],"curies":[{"name":"wp","href":"https:\/\/api.w.org\/{rel}","templated":true}]}}