{"id":672,"date":"2014-04-22T02:00:00","date_gmt":"2014-04-21T22:00:00","guid":{"rendered":"http:\/\/lemotdujour.fr\/?p=672"},"modified":"2017-05-08T13:21:35","modified_gmt":"2017-05-08T11:21:35","slug":"mardi-22042014","status":"publish","type":"post","link":"https:\/\/lemotdujour.fr\/?p=672","title":{"rendered":"Mardi 22\/04\/2014"},"content":{"rendered":"<div class=\"mdjDate\">Mardi 22\/04\/2014<\/div>\n<div class=\"mdjTexte\">\u00ab\u00a0On me mit, pendant trois mois environ, \u00e0 un r\u00e9gime sp\u00e9cial <br \/>pour stimuler mon imagination.\u00a0\u00bb<\/div>\n<div class=\"mdjAuteur\">Germaine Tillion<\/div>\n<div class=\"mdjComplements\">C&rsquo;est ainsi que cette immense Dame (1907-2008) parlait de la torture qu&rsquo;elle venait de subir dans une lettre qu&rsquo;elle a \u00e9crite \u00e0 la Gestapo et que Slate.fr vient de publier.<\/div>\n<div class=\"mdjComplements\">La France a d\u00e9cid\u00e9 de transf\u00e9rer les cendres de Germaine Tillion au Panth\u00e9on.<\/div>\n<div class=\"mdjComplements\">Si l&rsquo;actualit\u00e9 avait d\u00fb dicter l&rsquo;agenda, le mot du jour aurait d\u00fb \u00eatre \u00ab\u00a0conflit d&rsquo;int\u00e9r\u00eat\u00a0\u00bb et il eut fallu faire un d\u00e9veloppement sur cette incapacit\u00e9 d&rsquo;une grande partie de nos \u00e9lites qui pr\u00f4nent une vie frugale pour l&rsquo;ensemble des fran\u00e7ais \u00e0 se l&rsquo;appliquer \u00e0 soi-m\u00eame, voire m\u00eame \u00e0 comprendre ce que signifie le concept du conflit d&rsquo;int\u00e9r\u00eat.<\/div>\n<div class=\"mdjComplements\">Mais la lecture de l&rsquo;article de Slate.fr, me conduit \u00e0 pr\u00e9f\u00e9rer parler d&rsquo;une figure lumineuse : Germaine Tillion \u00e9tait d&rsquo;abord ethnologue et entre 1934 et 1940, dans le cadre de sa th\u00e8se, elle a effectu\u00e9 quatre s\u00e9jours en Alg\u00e9rie pour \u00e9tudier l&rsquo;ethnie berb\u00e8re des Chaouis pr\u00e9sente dans l&rsquo;Aur\u00e8s.<\/div>\n<div class=\"mdjComplements\">Puis, de retour en France au moment de l\u2019armistice de 1940, son premier acte de r\u00e9sistance est de donner les papiers de sa famille \u00e0 une famille juive qui sera ainsi prot\u00e9g\u00e9e jusqu&rsquo;\u00e0 la fin de la guerre. Elle devient, de 1941 \u00e0 1942, chef de la fili\u00e8re d&rsquo;\u00e9vasion de prisonniers de guerre fond\u00e9e par le colonel Hauet.<\/div>\n<div class=\"mdjComplements\">Arr\u00eat\u00e9e le 13 ao\u00fbt 1942, Germaine Tillion est d\u00e9port\u00e9e le 21 octobre 1943 \u00e0 Ravensbr\u00fcck. Elle perd sa m\u00e8re, r\u00e9sistante comme elle, d\u00e9port\u00e9e en 1944 et gaz\u00e9e en mars 1945. Avant sa d\u00e9portation en Allemagne et pendant sa d\u00e9tention en France elle a \u00e9crit cette lettre pleine d&rsquo;ironie, d&rsquo;intelligence et de courage.<\/div>\n<div class=\"mdjComplements\">Apr\u00e8s la guerre elle s&rsquo;engagera dans plusieurs combats politiques notamment contre la torture en Alg\u00e9rie et l&rsquo;\u00e9mancipation des femmes.<\/div>\n<div class=\"mdjComplements\"><a href=\"http:\/\/fr.wikipedia.org\/wiki\/Germaine_Tillion\">Wikip\u00e9dia<\/a> rapporte un propos tenu \u00e0 la fin de sa vie, elle a quand m\u00eame v\u00e9cu jusqu&rsquo;\u00e0 100 ans : \u00ab\u00a0<strong>Au terme de mon parcours je me rends compte combien l&rsquo;homme est fragile et mall\u00e9able. Rien n&rsquo;est jamais acquis. Notre devoir de vigilance doit \u00eatre absolu. Le mal peut revenir \u00e0 tout moment, il couve partout et nous devons agir au moment o\u00f9 il est encore temps d&#8217;emp\u00eacher le pire.\u00a0<\/strong>\u00bb<\/div>\n<div class=\"mdjComplements\">Voici le d\u00e9but de cette lettre \u00e9tonnante<\/div>\n<div class=\"mdjCiter\">Fresnes, 3 janvier 1943<\/div>\n<div class=\"mdjCiter\">Messieurs,<\/div>\n<div class=\"mdjCiter\">J\u2019ai \u00e9t\u00e9 arr\u00eat\u00e9e le 13 ao\u00fbt 1942, vous le savez, parce que je me trouvais dans une zone d\u2019arrestation. Ne sachant encore au juste de quoi m\u2019inculper et esp\u00e9rant que je pourrais sugg\u00e9rer moi-m\u00eame une id\u00e9e, on me mit, pendant trois mois environ, \u00e0 un r\u00e9gime sp\u00e9cial pour stimuler mon imagination. Malheureusement, ce r\u00e9gime acheva de m\u2019abrutir et mon commissaire dut se rabattre sur son propre g\u00e9nie, qui enfanta les cinq accusations suivantes, dont quatre sont graves et une vraie:<\/div>\n<div class=\"mdjCiter\">1. Assistance sociale. J&rsquo;ai en effet fond\u00e9 et dirig\u00e9 personnellement pendant un an un service dont le but \u00e9tait de venir en aide \u00e0 tous les prisonniers de nos colonies rel\u00e2ch\u00e9s imm\u00e9diatement apr\u00e8s l&rsquo;armistice. Des appuis officiels sont venus, et mon organisation a fini par prendre une telle ampleur que je devais cesser de la diriger ou renoncer \u00e0 mes travaux scientifiques, ce qui ne se pouvait pas. J&rsquo;ai eu la chance de pouvoir confier mes \u00e9quipes de visites d&rsquo;h\u00f4pitaux et de confection de colis dans de tr\u00e8s bonnes mains (un commandant de l&rsquo;arm\u00e9e coloniale) en juillet 1941. \u00c0 partir de cette date, je me suis consacr\u00e9e exclusivement \u00e0 mon \u0153uvre d&rsquo;ethnologie berb\u00e8re, mais sans renoncer \u00e0 venir en aide (\u00e0 titre strictement priv\u00e9 et personnel) aux malheureux que le hasard mettait sur mon chemin. Je demande donc: En quoi cela est-il contraire aux lois de l&rsquo;occupation ou \u00e0 une loi quelconque?<\/div>\n<div class=\"mdjCiter\">\u00a02. Espionnage. Je nie formellement avoir jamais fait quoi que ce soit pouvant \u00eatre qualifi\u00e9 ainsi. Depuis mon retour \u00e0 Paris, je ne suis pas sortie une fois des limites du d\u00e9partement de la Seine, fait que la police allemande ne conteste pas<\/div>\n<div class=\"mdjComplements\"><a href=\"http:\/\/www.slate.fr\/france\/86193\/germaine-tillion-gestapo-lettre-resistance\">&lt;Voici la lettre int\u00e9grale publi\u00e9e par Slate&gt;<\/a><\/div>\n<div class=\"mdjComplements\"><a href=\"http:\/\/www.germaine-tillion.org\/\">&lt;Et ici un site qui lui est compl\u00e8tement consacr\u00e9&gt;<\/a><\/div>\n<div class=\"mdjComplements\">Nous ne pouvons que nous incliner devant le courage, l&rsquo;intelligence, la lucidit\u00e9 et le choix des beaux et des bons combats.<\/div>\n","protected":false},"excerpt":{"rendered":"<p>Mardi 22\/04\/2014 \u00ab\u00a0On me mit, pendant trois mois environ, \u00e0 un r\u00e9gime sp\u00e9cial pour stimuler mon imagination.\u00a0\u00bb Germaine Tillion C&rsquo;est ainsi que cette immense Dame (1907-2008) parlait de la torture qu&rsquo;elle venait de subir dans une lettre qu&rsquo;elle a \u00e9crite<\/p>\n","protected":false},"author":1,"featured_media":0,"comment_status":"closed","ping_status":"closed","sticky":false,"template":"","format":"standard","meta":{"footnotes":""},"categories":[1],"tags":[],"class_list":["post-672","post","type-post","status-publish","format-standard","hentry","category-motdujour"],"_links":{"self":[{"href":"https:\/\/lemotdujour.fr\/index.php?rest_route=\/wp\/v2\/posts\/672","targetHints":{"allow":["GET"]}}],"collection":[{"href":"https:\/\/lemotdujour.fr\/index.php?rest_route=\/wp\/v2\/posts"}],"about":[{"href":"https:\/\/lemotdujour.fr\/index.php?rest_route=\/wp\/v2\/types\/post"}],"author":[{"embeddable":true,"href":"https:\/\/lemotdujour.fr\/index.php?rest_route=\/wp\/v2\/users\/1"}],"replies":[{"embeddable":true,"href":"https:\/\/lemotdujour.fr\/index.php?rest_route=%2Fwp%2Fv2%2Fcomments&post=672"}],"version-history":[{"count":1,"href":"https:\/\/lemotdujour.fr\/index.php?rest_route=\/wp\/v2\/posts\/672\/revisions"}],"predecessor-version":[{"id":673,"href":"https:\/\/lemotdujour.fr\/index.php?rest_route=\/wp\/v2\/posts\/672\/revisions\/673"}],"wp:attachment":[{"href":"https:\/\/lemotdujour.fr\/index.php?rest_route=%2Fwp%2Fv2%2Fmedia&parent=672"}],"wp:term":[{"taxonomy":"category","embeddable":true,"href":"https:\/\/lemotdujour.fr\/index.php?rest_route=%2Fwp%2Fv2%2Fcategories&post=672"},{"taxonomy":"post_tag","embeddable":true,"href":"https:\/\/lemotdujour.fr\/index.php?rest_route=%2Fwp%2Fv2%2Ftags&post=672"}],"curies":[{"name":"wp","href":"https:\/\/api.w.org\/{rel}","templated":true}]}}