{"id":6710,"date":"2019-05-17T00:13:03","date_gmt":"2019-05-16T22:13:03","guid":{"rendered":"http:\/\/lemotdujour.fr\/?p=6710"},"modified":"2020-11-15T16:22:44","modified_gmt":"2020-11-15T15:22:44","slug":"vendredi-17-mai-2019","status":"publish","type":"post","link":"https:\/\/lemotdujour.fr\/?p=6710","title":{"rendered":"Vendredi 17 mai 2019"},"content":{"rendered":"<div class=\"mdjTexte\">\t\u00ab&nbsp;Attale, La Tante Bouch\u00e8re&nbsp;\u00bb<\/div>\n<div class=\"mdjAuteur\">\tMarie-Fran\u00e7oise Seyler<\/div>\n<p><span style=\"color: #777777; font-family: Arial;\">Les vacances sont, au moins pour moi, un moment privil\u00e9gi\u00e9 pour lire.<br \/>\n<\/span><\/p>\n<p><span style=\"color: #777777; font-family: Arial;\">Et parmi ces lectures, il y eut d&rsquo;abord \u00ab&nbsp;<a href=\"https:\/\/www.chez-mon-libraire.fr\/livre\/9782343170510-attale-la-tante-bouchere-marie-francoise-seyler\/\"><span style=\"color: #0000ff;\">Attale, La Tante Bouch\u00e8re&nbsp;<\/span><\/a>\u00bb.<br \/>\n<\/span><\/p>\n<p><img decoding=\"async\" class=\"alignleft\" src=\"https:\/\/lemotdujour.fr\/wp-content\/uploads\/2019\/05\/051619_2115_Vendredi17m1.jpg\" alt=\"\" align=\"left\"><span style=\"color: #777777; font-family: Arial;\">J&rsquo;ai d\u00e9j\u00e0 parl\u00e9 de notre amie Fran\u00e7oise lors du &lt;<span style=\"color: #0000ff;\"><a style=\"color: #0000ff;\" href=\"https:\/\/lemotdujour.fr\/?p=5550\">mot du jour du 22 octobre 2018<\/a><\/span>&gt;.<br \/>\n<\/span><\/p>\n<p><span style=\"color: #777777; font-family: Arial;\">Car nous l&rsquo;appelions Fran\u00e7oise, alors que son pr\u00e9nom de l&rsquo;\u00e9tat civil \u00e9tait Marie-Fran\u00e7oise. Nous savons qu&rsquo;\u00e0 cette \u00e9poque les parents aimaient particuli\u00e8rement donner le pr\u00e9nom Marie, parfois en y ajoutant un autre pr\u00e9nom pour permettre de distinguer entre toutes les Marie.<br \/>\n<\/span><\/p>\n<p><span style=\"color: #777777; font-family: Arial;\">Nous avons, Annie et moi, eu la gr\u00e2ce de la compter parmi nos amis.<br \/>\n<\/span><\/p>\n<p><span style=\"color: #777777; font-family: Arial;\">Nous avons aussi eu la gr\u00e2ce de lui dire \u00ab&nbsp;Adieu&nbsp;\u00bb avant qu&rsquo;elle ne quitte la communaut\u00e9 des vivants. Car nous savions alors, elle comme nous, que nous ne nous reverrions pas vivants.<br \/>\n<\/span><\/p>\n<p><span style=\"color: #777777; font-family: Arial;\">Mais elle avait \u00e9crit un dernier roman, avant de poser la plume, d&rsquo;arr\u00eater de gambader, se coucher et ne plus se relever.<br \/>\n<\/span><\/p>\n<p><span style=\"color: #777777; font-family: Arial;\">Ce livre est un petit bijou.<br \/>\n<\/span><\/p>\n<p><span style=\"color: #777777; font-family: Arial;\">Il raconte la vie d&rsquo;une jeune orpheline qui devient femme dans le monde rural autour et pendant la seconde guerre mondiale. Dans cette r\u00e9gion que je connais bien puisque c&rsquo;est l\u00e0 o\u00f9 je suis n\u00e9.<br \/>\n<\/span><\/p>\n<p><span style=\"color: #777777; font-family: Arial;\">Mais je n&rsquo;ai pas cette connaissance intime de la ruralit\u00e9, des choses de la terre et des plantes qu&rsquo;avait Fran\u00e7oise.<br \/>\n<\/span><\/p>\n<p><span style=\"color: #777777; font-family: Arial;\">Dans une langue simple mais pr\u00e9cise, elle d\u00e9crit les combats de cette jeune fille, protestante au milieu d&rsquo;un village catholique, femme dans un monde d&rsquo;hommes, dans un monde en \u00e9bullition et tr\u00e8s dur. S&rsquo;il existe de pr\u00e9cieux moments d&#8217;empathie, ils sont rares.<br \/>\n<\/span><\/p>\n<p><span style=\"color: #777777; font-family: Arial;\">Tr\u00e8s rapidement, elle perd sa m\u00e8re et son p\u00e8re ne supporte pas d&rsquo;\u00eatre seul. Peu \u00e0 peu, Attale se rend compte qu&rsquo;elle ne peut plus faire confiance et elle devient encore plus solitaire. Mais elle garde tout au long de sa vie, malgr\u00e9 les vents contraires, une force int\u00e9rieure et une libert\u00e9 qui irradie le roman.<br \/>\n<\/span><\/p>\n<p><span style=\"color: #777777; font-family: Arial;\">J&rsquo;ai lu avec gratitude ce dernier cadeau de Fran\u00e7oise.<br \/>\n<\/span><\/p>\n<p><span style=\"color: #777777; font-family: Arial;\">Martine apr\u00e8s l&rsquo;avoir lu, m&rsquo;a fait ce retour&nbsp;:<br \/>\n<\/span><\/p>\n<p style=\"margin-left: 28pt;\"><span style=\"color: #c00000; font-family: Arial;\">\u00ab&nbsp;Je viens de finir la lecture de ce beau roman qui relate le parcours de cette femme c\u00e9libataire, Attale , courageuse qui affronte sa vie difficile mais \u00e0 laquelle elle tient tellement !<br \/>\n<\/span><span style=\"color: #c00000; font-family: Arial;\">C&rsquo;est une femme qui sert encore d&rsquo;exemple&nbsp; aujourd&rsquo;hui, pers\u00e9v\u00e9rante et bouleversante avec ce v\u00e9cu grav\u00e9 dans sa chair mais qui ne l&#8217;emp\u00eachera jamais d&rsquo;avancer.&nbsp;\u00bb<br \/>\n<\/span><\/p>\n<p><span style=\"color: #777777; font-family: Arial;\">Monique qui l&rsquo;a lu \u00e9galement a eu ces mots&nbsp;:<br \/>\n<\/span><\/p>\n<p style=\"margin-left: 28pt;\"><span style=\"color: #c00000; font-family: Arial;\">\u00ab&nbsp;Il m&rsquo;a rappel\u00e9 entre autre, bien des souvenirs que nous a racont\u00e9s Pauline ma belle maman, lors de l&rsquo;\u00e9vacuation en Charente \u2026.<br \/>\n<\/span><span style=\"color: #c00000; font-family: Arial;\">Puis le retour en Lorraine qui fut tr\u00e8s d\u00e9cevant\u2026 habitat saccag\u00e9 \u2026 vols \u2026 Il fallait tout refaire \u2026<br \/>\n<\/span><span style=\"color: #c00000; font-family: Arial;\">Enfin il n&rsquo;y a pas que \u00e7a dans le roman \u2026 les souffrances psychologiques d&rsquo;Attale avec ce p\u00e8re \u2026abuseur \u2026 mais aussi taiseux \u2026<br \/>\n<\/span><span style=\"color: #c00000; font-family: Arial;\">Puis&nbsp; la perte de Zac son ami\u2026 Un tr\u00e8s beau livre qui touche le fond du c\u0153ur.&nbsp;\u00bb<br \/>\n<\/span><\/p>\n<p><span style=\"color: #777777; font-family: Arial;\">C&rsquo;est un roman du terroir, un roman de vie et de combat \u00e9crit par une \u00e9crivaine qui nous parle de choses qu&rsquo;elle conna\u00eet, qu&rsquo;elle a v\u00e9cu et compris.<br \/>\n<\/span><\/p>\n<p><img loading=\"lazy\" decoding=\"async\" class=\"alignnone\" src=\"https:\/\/lemotdujour.fr\/wp-content\/uploads\/2019\/05\/051619_2115_Vendredi17m2.jpg\" alt=\"\" width=\"184\" height=\"238\"><span style=\"color: #777777; font-family: Arial;\"><br \/>\n<\/span><\/p>\n<p><span style=\"color: #777777; font-family: Arial;\">Je dirai simplement&nbsp;: Merci Fran\u00e7oise.<br \/>\n<\/span><\/p>\n<p><span style=\"color: maroon; font-family: Arial;\">&lt;1237&gt;<\/span><\/p>\n","protected":false},"excerpt":{"rendered":"<p>\u00ab&nbsp;Attale, La Tante Bouch\u00e8re&nbsp;\u00bb Marie-Fran\u00e7oise Seyler Les vacances sont, au moins pour moi, un moment privil\u00e9gi\u00e9 pour lire. Et parmi ces lectures, il y eut d&rsquo;abord \u00ab&nbsp;Attale, La Tante Bouch\u00e8re&nbsp;\u00bb. J&rsquo;ai d\u00e9j\u00e0 parl\u00e9 de notre amie Fran\u00e7oise lors du &lt;mot<\/p>\n","protected":false},"author":1,"featured_media":0,"comment_status":"open","ping_status":"closed","sticky":false,"template":"","format":"standard","meta":{"footnotes":""},"categories":[1],"tags":[36,9,19],"class_list":["post-6710","post","type-post","status-publish","format-standard","hentry","category-motdujour","tag-feminisme","tag-litterature","tag-personnel"],"_links":{"self":[{"href":"https:\/\/lemotdujour.fr\/index.php?rest_route=\/wp\/v2\/posts\/6710","targetHints":{"allow":["GET"]}}],"collection":[{"href":"https:\/\/lemotdujour.fr\/index.php?rest_route=\/wp\/v2\/posts"}],"about":[{"href":"https:\/\/lemotdujour.fr\/index.php?rest_route=\/wp\/v2\/types\/post"}],"author":[{"embeddable":true,"href":"https:\/\/lemotdujour.fr\/index.php?rest_route=\/wp\/v2\/users\/1"}],"replies":[{"embeddable":true,"href":"https:\/\/lemotdujour.fr\/index.php?rest_route=%2Fwp%2Fv2%2Fcomments&post=6710"}],"version-history":[{"count":7,"href":"https:\/\/lemotdujour.fr\/index.php?rest_route=\/wp\/v2\/posts\/6710\/revisions"}],"predecessor-version":[{"id":10102,"href":"https:\/\/lemotdujour.fr\/index.php?rest_route=\/wp\/v2\/posts\/6710\/revisions\/10102"}],"wp:attachment":[{"href":"https:\/\/lemotdujour.fr\/index.php?rest_route=%2Fwp%2Fv2%2Fmedia&parent=6710"}],"wp:term":[{"taxonomy":"category","embeddable":true,"href":"https:\/\/lemotdujour.fr\/index.php?rest_route=%2Fwp%2Fv2%2Fcategories&post=6710"},{"taxonomy":"post_tag","embeddable":true,"href":"https:\/\/lemotdujour.fr\/index.php?rest_route=%2Fwp%2Fv2%2Ftags&post=6710"}],"curies":[{"name":"wp","href":"https:\/\/api.w.org\/{rel}","templated":true}]}}