{"id":6700,"date":"2019-05-16T00:08:14","date_gmt":"2019-05-15T22:08:14","guid":{"rendered":"http:\/\/lemotdujour.fr\/?p=6700"},"modified":"2020-11-15T16:24:25","modified_gmt":"2020-11-15T15:24:25","slug":"jeudi-16-mai-2019","status":"publish","type":"post","link":"https:\/\/lemotdujour.fr\/?p=6700","title":{"rendered":"Jeudi 16 mai 2019"},"content":{"rendered":"<div class=\"mdjTexte\">\t\u00ab&nbsp;La 10\u00e8me symphonie&nbsp;\u00bb<\/div>\n<div class=\"mdjAuteur\">\tDimitri Chostakovich<\/div>\n<p><span style=\"color: #777777; font-family: Arial;\">J&rsquo;ai d\u00e9j\u00e0 \u00e9voqu\u00e9 Dimitri Chostakovitch et une de ses grandes \u0153uvres :&nbsp; l&rsquo;op\u00e9ra \u00ab<strong>Lady Macbeth du district de Mzensk<\/strong>\u00bb. <\/span><\/p>\n<p><span style=\"color: #777777; font-family: Arial;\">C&rsquo;\u00e9tait le mot du jour du <span style=\"color: #0000ff;\"><a style=\"color: #0000ff;\" href=\"https:\/\/lemotdujour.fr\/?p=1596\">lundi 1 f\u00e9vrier 2016<\/a><\/span><span style=\"color: #0070c0;\">.<br \/>\n<\/span><\/span><\/p>\n<p><span style=\"color: #777777; font-family: Arial;\">Je racontais ses d\u00e9m\u00eal\u00e9s avec le pouvoir stalinien et Staline lui-m\u00eame.<br \/>\n<\/span><\/p>\n<p><img loading=\"lazy\" decoding=\"async\" class=\"wp-image-6706 alignright\" src=\"https:\/\/lemotdujour.fr\/wp-content\/uploads\/2019\/05\/Dmitri-Shostakovich-Images.jpg\" alt=\"\" width=\"275\" height=\"233\" srcset=\"https:\/\/lemotdujour.fr\/wp-content\/uploads\/2019\/05\/Dmitri-Shostakovich-Images.jpg 500w, https:\/\/lemotdujour.fr\/wp-content\/uploads\/2019\/05\/Dmitri-Shostakovich-Images-300x254.jpg 300w\" sizes=\"auto, (max-width: 275px) 100vw, 275px\" \/><\/p>\n<p><span style=\"color: #777777; font-family: Arial;\">Pendant la guerre, la composition de la <strong>7<sup>\u00e8me<\/sup> Symphonie \u00ab&nbsp;L\u00e9ningrad&nbsp;\u00bb<\/strong> puis de la <strong>\u00ab&nbsp;Huiti\u00e8me&nbsp;\u00bb,<\/strong> deux \u0153uvres \u00e9piques et c\u00e9l\u00e9brant l&rsquo;h\u00e9ro\u00efsme et le courage du peuple sovi\u00e9tique l&rsquo;avait fait rentrer en gr\u00e2ce aupr\u00e8s du dictateur et de ses affid\u00e9s.<br \/>\n<\/span><\/p>\n<p><span style=\"color: #777777; font-family: Arial;\">Il finit ce cycle des symphonies de guerre, par sa <strong>neuvi\u00e8me<\/strong> cr\u00e9\u00e9e le 5 novembre 1945 \u00e0 Leningrad. Staline voulait une musique flamboyante c\u00e9l\u00e9brant la victoire de l&rsquo;arm\u00e9e rouge et une \u0153uvre d\u00e9di\u00e9e \u00e0 sa gloire personnelle. Mais Chostakovitch fit tout autre chose, une \u0153uvre l\u00e9g\u00e8re, traduisant un soulagement de la fin de la guerre et de la souffrance. Une musique manifestement non militariste.<br \/>\n<\/span><\/p>\n<p><span style=\"color: #777777; font-family: Arial;\">Chostakovitch fut de nouveau \u00e9cart\u00e9 de tout poste officiel, on ne joua plus ses \u0153uvres et il craignait toujours d&rsquo;\u00eatre envoy\u00e9 au goulag.<br \/>\n<\/span><\/p>\n<p><span style=\"color: #777777; font-family: Arial;\">Artistiquement, il fut condamn\u00e9 pour \u00abformalisme\u00bb par Jdanov, pr\u00e9sident de l&rsquo;Union des Compositeurs<br \/>\n<\/span><\/p>\n<p><span style=\"color: #777777; font-family: Arial;\">Et il fallut attendre la mort de Staline, pour qu&rsquo;enfin il puisse faire ex\u00e9cuter ce chef d&rsquo;\u0153uvre qu&rsquo;est la dixi\u00e8me symphonie.<br \/>\n<\/span><\/p>\n<p><span style=\"color: #777777; font-family: Arial;\">La dixi\u00e8me symphonie se compose de quatre mouvements.<br \/>\n<\/span><\/p>\n<p><span style=\"color: #777777; font-family: Arial;\">Le plus connu est le deuxi\u00e8me mouvement. Une course \u00e0 l&rsquo;abime qui ne s&rsquo;arr\u00eate pas d&rsquo;une violence sans pareil. Il dure entre 4 et 5 minutes.<br \/>\n<\/span><\/p>\n<p><span style=\"color: #777777; font-family: Arial;\">Voici par exemple une interpr\u00e9tation de ce mouvement par l&rsquo;orchestre du Concert Gebouw d&rsquo;Amsterdam sou la direction d&rsquo;Andris Nelson&nbsp;: <a href=\"https:\/\/www.youtube.com\/watch?v=_bMPfTup10w\"><span style=\"color: #0000ff;\">&lt;C&rsquo;est Ici&gt;<\/span><\/a><br \/>\n<\/span><\/p>\n<p><span style=\"color: #777777; font-family: Arial;\">Mais cette version par un remarquable chef et un orchestre superlatif est bien trop sage \u00e0 mon go\u00fbt.<br \/>\n<\/span><\/p>\n<p><span style=\"color: #777777; font-family: Arial;\">Beaucoup plus mal enregistr\u00e9, voici une version plus convaincante dans l&rsquo;esprit par &lt;<span style=\"color: #0000ff;\"><a style=\"color: #0000ff;\" href=\"https:\/\/www.youtube.com\/watch?v=2ZbJOE9zNjw\">Gustavo Dudamel dirigeant le Sim\u00f3n Bolivar Youth Orchestra of Venezuela<\/a><\/span>&gt;<br \/>\n<\/span><\/p>\n<p><span style=\"color: #777777; font-family: Arial;\">Peut-\u00eatre que certains seront sensibles \u00e0 cette <a href=\"https:\/\/www.youtube.com\/watch?v=NXCNYzAyALk\"><span style=\"color: #0000ff;\">&lt;version pr\u00e9sent\u00e9e comme du heavy m\u00e9tal&gt;<\/span>.<\/a> Ce n&rsquo;est absolument pas mon cas.<br \/>\n<\/span><\/p>\n<p><span style=\"color: #777777; font-family: Arial;\">A tout prendre, je pr\u00e9f\u00e8re cette version dans\u00e9e par &lt;<span style=\"color: #0000ff;\"><a style=\"color: #0000ff;\" href=\"https:\/\/www.youtube.com\/watch?v=F1hpRwha0qs\">Beyonce<\/a><\/span>&gt;. Au moins elle n&rsquo;abime pas la musique du chef d&rsquo;\u0153uvre de Chostakovitch. Bien que selon moi, cette danse n&rsquo;apporte rien \u00e0 la musique qui se suffit \u00e0 elle-m\u00eame.<br \/>\n<\/span><\/p>\n<p><span style=\"color: #777777; font-family: Arial;\">Si vous voulez entendre cette musique dans sa d\u00e9mesure et sa violence, il faut \u00e9couter <a href=\"https:\/\/www.youtube.com\/watch?v=JC-pqRMasPQ\"><span style=\"color: #0000ff;\">&lt;cet enregistrement de Karajan&gt;<\/span><\/a> au sommet de son art avec son orchestre berlinois.<br \/>\n<\/span><\/p>\n<p><span style=\"color: #777777; font-family: Arial;\">Ce mouvement est un cri de col\u00e8re et de rage contre Staline.<br \/>\n<\/span><\/p>\n<p><span style=\"color: #777777; font-family: Arial;\">Dans ses M\u00e9moires, Chostakovitch a \u00e9crit :<br \/>\n<\/span><\/p>\n<p style=\"margin-left: 28pt;\"><span style=\"color: #c00000; font-family: Arial;\">\u00ab&nbsp;Il est difficile de dessiner l&rsquo;image d&rsquo;un homme politique mais ici j&rsquo;ai rendu son d\u00fb \u00e0 Staline&nbsp;; avec moi il a trouv\u00e9 chaussure \u00e0 son pied. On ne peut gu\u00e8re me reprocher d&rsquo;\u00e9viter un ph\u00e9nom\u00e8ne repoussant de notre r\u00e9alit\u00e9&nbsp;\u00bb.<br \/>\n<\/span><\/p>\n<p><span style=\"color: #777777; font-family: Arial;\">Il a dit aussi que c&rsquo;\u00e9tait un <span style=\"color: #c00000;\">\u00ab&nbsp;portrait au vitriol de Staline&nbsp;\u00bb.<span style=\"color: #777777;\"> Pour approfondir vous pourrez lire &lt;<a href=\"https:\/\/www.symphozik.info\/chostakovitch-et-staline,11,dossier.html\"><span style=\"color: #0000ff;\">cet article<\/span><\/a>&gt;<br \/>\n<\/span><\/span><\/span><\/p>\n<p><span style=\"color: #777777; font-family: Arial;\">Mais cette symphonie ne se r\u00e9sume pas \u00e0 son deuxi\u00e8me mouvement, elle s&rsquo;ouvre par un long premier mouvement qui s&rsquo;apparente \u00e0 une marche fun\u00e8bre, peut-\u00eatre en l&rsquo;honneur des victimes du dictateur. Elle s&rsquo;ach\u00e8ve de mani\u00e8re tonitruante comme un chant de victoire apr\u00e8s nous avoir bouscul\u00e9s dans tous les m\u00e9andres de l&rsquo;\u00e9motion.<br \/>\n<\/span><\/p>\n<p><a href=\"http:\/\/www.auditorium-lyon.com\/Programmation-18-19\/Concerts\/Symphonique\/Orchestre-national-de-Lyon\/Mozart-Chostakovitch\"><span style=\"font-family: Arial;\"><span style=\"color: #0000ff;\">Samedi 27 avril,<\/span><\/span><\/a><span style=\"color: #777777; font-family: Arial;\"> nous sommes all\u00e9s, avec Annie, \u00e0 l&rsquo;auditorium de Lyon pour \u00e9couter une interpr\u00e9tation de ce monument.<br \/>\n<\/span><\/p>\n<p><img decoding=\"async\" class=\"alignleft\" src=\"https:\/\/lemotdujour.fr\/wp-content\/uploads\/2019\/05\/051519_2103_Jeudi16mai21.jpg\" alt=\"\" align=\"left\"><span style=\"color: #777777; font-family: Arial;\">Je ne savais rien du chef qui allait diriger.<br \/>\n<\/span><\/p>\n<p><span style=\"color: #777777; font-family: Arial;\">Quand j&rsquo;ai commenc\u00e9 \u00e0 lire le programme je compris que le chef d&rsquo;orchestre \u00e9tait particuli\u00e8rement jeune&nbsp;: 23 ans.<br \/>\n<\/span><\/p>\n<p><span style=\"color: #777777; font-family: Arial;\">J&rsquo;\u00e9tais un peu inquiet&nbsp;: n&rsquo;\u00e9tait-ce pas un peu jeune pour s&rsquo;attaquer \u00e0 une telle \u0153uvre&nbsp;?<br \/>\n<\/span><\/p>\n<p><span style=\"color: #777777; font-family: Arial;\">Je demandais par texto \u00e0 mon ami Bertrand&nbsp;: \u00abConnais-tu Klaus M\u00e4kel\u00e4&nbsp;?\u00bb<br \/>\n<\/span><\/p>\n<p><span style=\"color: #777777; font-family: Arial;\">La r\u00e9ponse fut n\u00e9gative.<br \/>\n<\/span><\/p>\n<p><span style=\"color: #777777; font-family: Arial;\">J&rsquo;\u00e9tais un peu rassur\u00e9, il venait d&rsquo;\u00eatre nomm\u00e9 directeur de l&rsquo;Orchestre Philharmonique d&rsquo;Oslo. Les norv\u00e9giens sont des gens s\u00e9rieux et l&rsquo;Orchestre Philharmonique d&rsquo;Oslo a toujours accueilli des directeurs qui allaient devenir les meilleurs par la suite.<br \/>\n<\/span><\/p>\n<p><span style=\"color: #777777; font-family: Arial;\">Et\u2026<br \/>\n<\/span><\/p>\n<p><span style=\"color: #777777; font-family: Arial;\">Ce fut une r\u00e9v\u00e9lation. Ce jeune chef finlandais est remarquable et je pus renvoyer un message \u00e0 Bertrand&nbsp;:<br \/>\n<\/span><\/p>\n<p><span style=\"color: #777777; font-family: Arial;\">\u00ab&nbsp;<span style=\"color: #c00000;\">Tu en entendras parler c&rsquo;est un chef exceptionnel. Surtout \u00e0 son \u00e2ge<span style=\"color: #777777;\">&nbsp;\u00bb<br \/>\n<\/span><\/span><\/span><\/p>\n<p><span style=\"color: #777777; font-family: Arial;\">Une interpr\u00e9tation \u00e9bouriffante, ma\u00eetris\u00e9e et profond\u00e9ment v\u00e9cue.<br \/>\n<\/span><\/p>\n<p><span style=\"color: #777777; font-family: Arial;\">Depuis je me suis int\u00e9ress\u00e9 \u00e0 ce jeune chef qui est aussi un violoncelliste de tr\u00e8s haut niveau.<br \/>\n<\/span><\/p>\n<p><span style=\"color: #777777; font-family: Arial;\">Il dispose bien s\u00fbr d&rsquo;un site&nbsp;: &lt;<a href=\"https:\/\/www.klausmakela.com\"><span style=\"color: #0000ff;\">Klaus M\u00e4kel\u00e4<\/span><\/a>&gt;<br \/>\n<\/span><\/p>\n<p><span style=\"color: #777777; font-family: Arial;\">On y lit cette critique de Classique News du 14\/12\/2018, apr\u00e8s un concert avec l&rsquo;orchestre du Capitole de Toulouse&nbsp;:<br \/>\n<\/span><\/p>\n<p style=\"margin-left: 28pt;\"><span style=\"color: #c00000; font-family: Arial;\">\u00ab&nbsp;Klaus M\u00e4kel\u00e4, jeune maestro superlatif &#8211; Le g\u00e9nie n&rsquo;attend pas le nombre des ann\u00e9es<br \/>\n<\/span><\/p>\n<p style=\"margin-left: 28pt;\"><span style=\"color: #c00000; font-family: Arial;\">Parmi les chefs invit\u00e9s par l&rsquo;Orchestre du Capitole, il y en a de toutes sortes. Ce n&rsquo;est pas fr\u00e9quent qu&rsquo;un chef aussi jeune, 23 ans , fasse une impression aussi consensuelle et \u00e9vidente sur d&rsquo;autres qualit\u00e9s que la jeunesse. Le tr\u00e8s jeune chef finlandais Klaus M\u00e4kel\u00e4 est d\u00e9j\u00e0 un tr\u00e8s grand chef.<br \/>\n<\/span><\/p>\n<p style=\"margin-left: 28pt;\"><span style=\"color: #c00000; font-family: Arial;\">Les g\u00e9nies de la baguette sont rares et les plus audacieux ont su se l&rsquo;attacher. Qu&rsquo;apporte ce chef de si g\u00e9nial ? Une autorit\u00e9 bienveillante et naturelle, des gestes tr\u00e8s clairs et dont la souplesse r\u00e9v\u00e8le une belle musicalit\u00e9. Cet artiste est \u00e9galement un violoncelliste de grand talent ! La pr\u00e9cision de la mise en place, la clart\u00e9 des plans sont sid\u00e9rantes. Il encourage l&rsquo;orchestre et ne le bride pas. Il faut dire que l&rsquo;Orchestre du Capitole atteint un niveau d&rsquo;excellence qui permet \u00e0 un chef musicien d&rsquo;atteindre de suite des sommets.<br \/>\n<\/span><\/p>\n<p style=\"margin-left: 28pt;\"><span style=\"color: #c00000; font-family: Arial;\">Apr\u00e8s l&rsquo;entracte, le chef dirige avec un r\u00e9el plaisir communicatif la pi\u00e8ce de Stravinski qu&rsquo;il pr\u00e9f\u00e8re, Petrouchka. Il faut reconna\u00eetre que son interpr\u00e9tation est marqu\u00e9e par une confiance absolue et une solidit\u00e9 remarquable. Rien ne vient ternir une \u00e9nergie invincible. L&rsquo;orchestre du Capitole r\u00e9pond comme un seul \u00e0 cette direction pr\u00e9cise et le r\u00e9sultat est particuli\u00e8rement lumineux et m\u00eame \u00e9clatant. Chaque instrumentiste est parfait.&nbsp;\u00bb<br \/>\n<\/span><\/p>\n<p><span style=\"color: #777777; font-family: Arial;\">Ce texte est tr\u00e8s proche de ce que j&rsquo;ai v\u00e9cu le 27 avril.<br \/>\n<\/span><\/p>\n<p><span style=\"color: #777777; font-family: Arial;\">Quelquefois gr\u00e2ce \u00e0 la toile, d&rsquo;heureux hasards peuvent \u00eatre rencontr\u00e9s.<br \/>\n<\/span><\/p>\n<p><span style=\"color: #777777; font-family: Arial;\">Vous trouverez derri\u00e8re ce lien&nbsp;: &lt;<a href=\"https:\/\/vimeo.com\/251887107\"><span style=\"color: #0000ff;\">Klaus M\u00e4kel\u00e4 qui dirige la 10\u00e8me de Chostakovitch avec the Gothenburg Symphony<\/span><\/a>&gt;<br \/>\n<\/span><\/p>\n<p><span style=\"color: #777777; font-family: Arial;\">Pour les impatients, le deuxi\u00e8me mouvement commence \u00e0 25&nbsp;:40.<br \/>\n<\/span><\/p>\n<p><span style=\"color: #777777; font-family: Arial;\">Et quand il joue au violoncelle, c&rsquo;est tr\u00e8s bon aussi&nbsp;: &lt;<a href=\"https:\/\/www.youtube.com\/watch?v=78lYAR4IDhw\"><span style=\"color: #0000ff;\">un extrait du concerto de Dvorak<\/span><\/a>&gt;<br \/>\n<\/span><\/p>\n<p><span style=\"color: #777777; font-family: Arial;\">Le talent n&rsquo;attend pas les ann\u00e9es.<br \/>\n<\/span><\/p>\n<p><span style=\"color: #777777; font-family: Arial;\">Un bien belle rencontre.<\/span><\/p>\n<p><span style=\"color: #800000;\">&lt;1236&gt;<\/span><\/p>\n","protected":false},"excerpt":{"rendered":"<p>\u00ab&nbsp;La 10\u00e8me symphonie&nbsp;\u00bb Dimitri Chostakovich J&rsquo;ai d\u00e9j\u00e0 \u00e9voqu\u00e9 Dimitri Chostakovitch et une de ses grandes \u0153uvres :&nbsp; l&rsquo;op\u00e9ra \u00abLady Macbeth du district de Mzensk\u00bb. C&rsquo;\u00e9tait le mot du jour du lundi 1 f\u00e9vrier 2016. Je racontais ses d\u00e9m\u00eal\u00e9s avec le<\/p>\n","protected":false},"author":1,"featured_media":0,"comment_status":"open","ping_status":"closed","sticky":false,"template":"","format":"standard","meta":{"footnotes":""},"categories":[1],"tags":[45,20,19],"class_list":["post-6700","post","type-post","status-publish","format-standard","hentry","category-motdujour","tag-lyon","tag-musique","tag-personnel"],"_links":{"self":[{"href":"https:\/\/lemotdujour.fr\/index.php?rest_route=\/wp\/v2\/posts\/6700","targetHints":{"allow":["GET"]}}],"collection":[{"href":"https:\/\/lemotdujour.fr\/index.php?rest_route=\/wp\/v2\/posts"}],"about":[{"href":"https:\/\/lemotdujour.fr\/index.php?rest_route=\/wp\/v2\/types\/post"}],"author":[{"embeddable":true,"href":"https:\/\/lemotdujour.fr\/index.php?rest_route=\/wp\/v2\/users\/1"}],"replies":[{"embeddable":true,"href":"https:\/\/lemotdujour.fr\/index.php?rest_route=%2Fwp%2Fv2%2Fcomments&post=6700"}],"version-history":[{"count":6,"href":"https:\/\/lemotdujour.fr\/index.php?rest_route=\/wp\/v2\/posts\/6700\/revisions"}],"predecessor-version":[{"id":10103,"href":"https:\/\/lemotdujour.fr\/index.php?rest_route=\/wp\/v2\/posts\/6700\/revisions\/10103"}],"wp:attachment":[{"href":"https:\/\/lemotdujour.fr\/index.php?rest_route=%2Fwp%2Fv2%2Fmedia&parent=6700"}],"wp:term":[{"taxonomy":"category","embeddable":true,"href":"https:\/\/lemotdujour.fr\/index.php?rest_route=%2Fwp%2Fv2%2Fcategories&post=6700"},{"taxonomy":"post_tag","embeddable":true,"href":"https:\/\/lemotdujour.fr\/index.php?rest_route=%2Fwp%2Fv2%2Ftags&post=6700"}],"curies":[{"name":"wp","href":"https:\/\/api.w.org\/{rel}","templated":true}]}}