{"id":668,"date":"2014-04-14T02:00:00","date_gmt":"2014-04-13T22:00:00","guid":{"rendered":"http:\/\/lemotdujour.fr\/?p=668"},"modified":"2018-01-28T11:53:06","modified_gmt":"2018-01-28T10:53:06","slug":"lundi-14042014","status":"publish","type":"post","link":"https:\/\/lemotdujour.fr\/?p=668","title":{"rendered":"Lundi 14\/04\/2014"},"content":{"rendered":"<div class=\"mdjDate\">Lundi 14\/04\/2014<\/div>\n<div class=\"mdjTexte\">\u00abJe suis de plus en plus s\u00fbr<br \/>\nque la docilit\u00e9 des consommateurs<br \/>\nest sans limite.\u00bb<\/div>\n<div class=\"mdjAuteur\">Annie Arnaux<\/div>\n<div class=\"mdjComplements\">Je vous avais parl\u00e9 lors du mot du jour du 4 f\u00e9vrier 2014 de la collection dirig\u00e9e par Pierre Rosanvallon \u00ab\u00a0Raconter la vie\u00a0\u00bb qu&rsquo;il explique ainsi :<\/div>\n<div class=\"mdjCiter\">\u00ab\u00a0 De nombreux Fran\u00e7ais se trouvent aujourd\u2019hui oubli\u00e9s, incompris, pas \u00e9cout\u00e9s. Ils se sentent exclus du monde des gouvernants, des institutions et des m\u00e9dias.<\/div>\n<div class=\"mdjCiter\">Le pays, en un mot, ne se sent pas repr\u00e9sent\u00e9, comme si ce qu\u2019il vivait ne comptait pas. Raconter la vie veut rompre avec cette situation, qui mine la d\u00e9mocratie et d\u00e9courage les individus.<\/div>\n<div class=\"mdjCiter\">Ce projet a l\u2019ambition de r\u00e9pondre au besoin de voir les vies ordinaires racont\u00e9es, les voix de faible ampleur \u00e9cout\u00e9es, la r\u00e9alit\u00e9 quotidienne mieux prise en compte. Donner la parole, rendre visible, c\u2019est aider les personnes \u00e0 retrouver leur dignit\u00e9, \u00e0 r\u00e9sister. C\u2019est leur permettre de rassembler leur vie dans un r\u00e9cit qui fait sens, de l\u2019ins\u00e9rer dans une histoire collective.\u00a0\u00bb<\/div>\n<div class=\"mdjComplements\">Dans cette collection Annie Arnaux a \u00e9crit un livre \u00e0 teneur sociologique sur un Hypermarch\u00e9, celui qu&rsquo;elle fr\u00e9quente souvent \u00e0 Cergy Pontoise.<\/div>\n<div class=\"mdjComplements\">Elle parle avec pudeur et intelligence des gens qui fr\u00e9quentent ce lieu, du regard des uns vers les autres et aussi du comportement du consommateur.<\/div>\n<div class=\"mdjComplements\">Apr\u00e8s la phrase qui est le mot du jour d&rsquo;aujourd&rsquo;hui elle ajoute :<\/div>\n<div class=\"mdjCiter\">\u00abCes hypermarch\u00e9s imposent leurs lois, ils imposent les d\u00e9sirs, ils imposent un mode de consommation. Il y a maintenant de plus en plus la disparition des caissi\u00e8res au profit de caisses automatiques.<\/div>\n<div class=\"mdjCiter\">Tout ceci est accept\u00e9. Nous sommes une communaut\u00e9 de consommateurs de d\u00e9sir, mais nous sommes une communaut\u00e9 impuissante.\u00bb<\/div>\n<div class=\"mdjComplements\">Le livre qu&rsquo;elle a \u00e9crit s&rsquo;appelle : \u00ab\u00a0<strong>Regarde les lumi\u00e8res mon amour<\/strong>\u00ab\u00a0, il s&rsquo;agit des paroles d&rsquo;une maman \u00e0 son enfant en montrant des lumi\u00e8res de No\u00ebl qui illuminaient les escalators du temple de la consommation d\u00e9crit par Annie Arnaux<\/div>\n<div class=\"mdjComplements\"><a href=\"http:\/\/www.franceculture.fr\/emission-les-matins-dans-le-caddie-d-annie-ernaux-2014-03-28\">&lt;Ici l&rsquo;\u00e9mission des matins de France Culture consacr\u00e9e au livre d&rsquo;Annie ernaux-2014-03-28&gt;<\/a><\/div>\n<div class=\"mdjComplements\">Que le ciel vous tienne en joie et vous rappelle que l&rsquo;essentiel n&rsquo;est pas l&rsquo;avoir mais l&rsquo;\u00eatre<\/div>\n<div><span style=\"color: #800000;\">&lt;271&gt;<\/span><\/div>\n","protected":false},"excerpt":{"rendered":"<p>Lundi 14\/04\/2014 \u00abJe suis de plus en plus s\u00fbr que la docilit\u00e9 des consommateurs est sans limite.\u00bb Annie Arnaux Je vous avais parl\u00e9 lors du mot du jour du 4 f\u00e9vrier 2014 de la collection dirig\u00e9e par Pierre Rosanvallon \u00ab\u00a0Raconter<\/p>\n","protected":false},"author":1,"featured_media":0,"comment_status":"closed","ping_status":"closed","sticky":false,"template":"","format":"standard","meta":{"footnotes":""},"categories":[1],"tags":[74,7,11],"class_list":["post-668","post","type-post","status-publish","format-standard","hentry","category-motdujour","tag-consumerisme","tag-societe","tag-sociologie"],"_links":{"self":[{"href":"https:\/\/lemotdujour.fr\/index.php?rest_route=\/wp\/v2\/posts\/668","targetHints":{"allow":["GET"]}}],"collection":[{"href":"https:\/\/lemotdujour.fr\/index.php?rest_route=\/wp\/v2\/posts"}],"about":[{"href":"https:\/\/lemotdujour.fr\/index.php?rest_route=\/wp\/v2\/types\/post"}],"author":[{"embeddable":true,"href":"https:\/\/lemotdujour.fr\/index.php?rest_route=\/wp\/v2\/users\/1"}],"replies":[{"embeddable":true,"href":"https:\/\/lemotdujour.fr\/index.php?rest_route=%2Fwp%2Fv2%2Fcomments&post=668"}],"version-history":[{"count":3,"href":"https:\/\/lemotdujour.fr\/index.php?rest_route=\/wp\/v2\/posts\/668\/revisions"}],"predecessor-version":[{"id":4044,"href":"https:\/\/lemotdujour.fr\/index.php?rest_route=\/wp\/v2\/posts\/668\/revisions\/4044"}],"wp:attachment":[{"href":"https:\/\/lemotdujour.fr\/index.php?rest_route=%2Fwp%2Fv2%2Fmedia&parent=668"}],"wp:term":[{"taxonomy":"category","embeddable":true,"href":"https:\/\/lemotdujour.fr\/index.php?rest_route=%2Fwp%2Fv2%2Fcategories&post=668"},{"taxonomy":"post_tag","embeddable":true,"href":"https:\/\/lemotdujour.fr\/index.php?rest_route=%2Fwp%2Fv2%2Ftags&post=668"}],"curies":[{"name":"wp","href":"https:\/\/api.w.org\/{rel}","templated":true}]}}