{"id":6677,"date":"2019-05-03T05:53:06","date_gmt":"2019-05-03T03:53:06","guid":{"rendered":"http:\/\/lemotdujour.fr\/?p=6677"},"modified":"2020-11-15T16:27:26","modified_gmt":"2020-11-15T15:27:26","slug":"pause","status":"publish","type":"post","link":"https:\/\/lemotdujour.fr\/?p=6677","title":{"rendered":"Vendredi 3 mai 2019"},"content":{"rendered":"<div class=\"mdjTexte\">\t\u00ab&nbsp;Le mot du jour est en cong\u00e9 (Celui qui attend est comme un arbre)\u00bb<\/div>\n<div class=\"mdjAuteur\">\tAnnie et moi prenons quelques jours r\u00e9parateurs en Auvergne<\/div>\n<p><span style=\"color: #777777; font-family: Arial;\">Le mot du jour est en cong\u00e9 jusqu&rsquo;au 15 mai.<br \/>\n<\/span><\/p>\n<p><span style=\"color: #777777; font-family: Arial;\">Fabien a publi\u00e9 un <a href=\"https:\/\/lemotdujour.fr\/?p=6586#comment-1751\"><span style=\"color: #0000ff;\">&lt;commentaire&gt;<\/span><\/a> fort int\u00e9ressant sur le couple franco-allemand en liaison avec le mot du jour consacr\u00e9 aux \u00e9tats d&rsquo;\u00e2me de Quatremer.<\/span><\/p>\n<p><img loading=\"lazy\" decoding=\"async\" class=\"alignleft\" src=\"https:\/\/lemotdujour.fr\/wp-content\/uploads\/2019\/05\/050119_2152_Pause1.jpg\" alt=\"\" width=\"689\" height=\"458\" align=\"left\"><span style=\"color: #777777; font-family: Arial;\">Lors de la reprise du mot du jour, en 2019, j&rsquo;avais pris ce mot de Christian Bobin&nbsp;:<br \/>\n<\/span><\/p>\n<p><span style=\"color: navy;\"><span style=\"font-family: Verdana;\"><strong>\u00ab&nbsp;Celui qui attend est comme un arbre avec ses deux oiseaux, solitude et silence.&nbsp;\u00bb<\/strong><\/span><span style=\"color: #777777; font-family: Arial;\"><br \/>\n<\/span><\/span><\/p>\n<p><span style=\"color: #777777; font-family: Arial;\">Au moment de sa publication, tromp\u00e9 par des sites internet, je pr\u00e9tendais que cette phrase se trouvait dans son livre \u00ab&nbsp;<span style=\"color: #0000ff;\"><a style=\"color: #0000ff;\" href=\"https:\/\/www.babelio.com\/livres\/Bobin-La-plus-que-vive\/23971\">La plus que vive&nbsp;<\/a>\u00bb.<\/span><br \/>\n<\/span><\/p>\n<p><span style=\"color: #777777; font-family: Arial;\">Mais j&rsquo;ai v\u00e9rifi\u00e9 et je me suis procur\u00e9 ce livre et c&rsquo;\u00e9tait faux.<br \/>\n<\/span><\/p>\n<p><span style=\"color: #777777; font-family: Arial;\">J&rsquo;ai continu\u00e9 mes recherches et trouv\u00e9 qu&rsquo;elle \u00e9tait ins\u00e9r\u00e9e dans un autre livre que j&rsquo;ai achet\u00e9 \u00ab&nbsp;<a href=\"https:\/\/www.babelio.com\/livres\/Bobin-Lautre-visage\/993500\"><span style=\"color: #0000ff;\">L&rsquo;autre visage&nbsp;<\/span><\/a>\u00bb.<br \/>\n<\/span><\/p>\n<p><span style=\"color: #777777; font-family: Arial;\">J&rsquo;ai bien s\u00fbr corrig\u00e9.<br \/>\n<\/span><\/p>\n<p><span style=\"color: #777777; font-family: Arial;\">Mais pour la p\u00e9riode d&rsquo;attente je voudrais en citer un extrait plus important (page 49 \u00e0 53)<br \/>\n<\/span><\/p>\n<p><span style=\"color: #c00000; font-family: Arial;\">Chez nous pas de montre ni d&rsquo;horloge.<br \/>\nLe temps qui passe a la beaut\u00e9 pour unique preuve<br \/>\nla beaut\u00e9 ou la douleur,<br \/>\ntant il est vrai que nous n&rsquo;avons jamais su d\u00e9m\u00ealer l&rsquo;une de l&rsquo;autre,<br \/>\ntant il est vrai que beaut\u00e9 et douleur sont dans nos \u00e2mes<br \/>\ncomme les deux aiguilles de vos montres quand elles se superposent.<br \/>\n<\/span><\/p>\n<p><span style=\"color: #c00000; font-family: Arial;\">Le temps chez nous est comme de l&rsquo;eau.<br \/>\nL&rsquo;\u00e9ternit\u00e9 chez nous est comme de l&rsquo;eau.<br \/>\nLe temps, le c\u0153ur et l&rsquo;\u00e9ternel m\u00e9langent leurs eaux<br \/>\npartout dans le monde comme beaut\u00e9, dans le monde comme douleur.<br \/>\n<\/span><\/p>\n<p><span style=\"color: #c00000; font-family: Arial;\">[\u2026]<br \/>\n<\/span><\/p>\n<p><span style=\"color: #c00000; font-family: Arial;\">Attendre, c&rsquo;est ce que nous savons faire de mieux,<br \/>\nL&rsquo;art supr\u00eame auquel tous ici s&rsquo;exercent, enfants comme vieillards,<br \/>\nhommes comme femmes, pierres comme plantes.<br \/>\n<\/span><\/p>\n<p><span style=\"color: #c00000; font-family: Arial;\">Caravane de l&rsquo;attente avec ses deux chameaux,<br \/>\nsolitude et silence.<br \/>\n<\/span><\/p>\n<p><span style=\"color: #c00000; font-family: Arial;\">Fier navire de l&rsquo;attente avec ses deux grandes voiles,<br \/>\nsolitude et silence.<br \/>\n<\/span><\/p>\n<p><span style=\"color: #c00000; font-family: Arial;\">Celui qui attend est comme un arbre<br \/>\navec ses deux oiseaux, Solitude et Silence.<br \/>\nIl ne commande pas \u00e0 son attente.<br \/>\nIl bouge au gr\u00e9 du vent,<br \/>\ndocile \u00e0 ce qui s&rsquo;approche,<br \/>\nsouriant \u00e0 ce qui s&rsquo;\u00e9loigne.<br \/>\n<\/span><\/p>\n<p><span style=\"color: #c00000; font-family: Arial;\">Celui qui attend,<br \/>\nnous l&rsquo;appelons le \u00ab\u00a0tout combl\u00e9\u00a0\u00bb<br \/>\ncar dans l&rsquo;attente,<br \/>\nle commencement est comme la fin,<br \/>\nla fleur est comme le fruit,<br \/>\nle temps comme l&rsquo;\u00e9ternel<em>. <\/em><\/span><\/p>\n<p><span style=\"color: #c00000; font-family: Arial;\"><em>Christian Bobin<br \/>\n<\/em><\/span><\/p>\n<p>Au 16 mai&#8230;<\/p>\n","protected":false},"excerpt":{"rendered":"<p>\u00ab&nbsp;Le mot du jour est en cong\u00e9 (Celui qui attend est comme un arbre)\u00bb Annie et moi prenons quelques jours r\u00e9parateurs en Auvergne Le mot du jour est en cong\u00e9 jusqu&rsquo;au 15 mai. Fabien a publi\u00e9 un &lt;commentaire&gt; fort int\u00e9ressant<\/p>\n","protected":false},"author":1,"featured_media":0,"comment_status":"open","ping_status":"closed","sticky":false,"template":"","format":"standard","meta":{"footnotes":""},"categories":[1],"tags":[8],"class_list":["post-6677","post","type-post","status-publish","format-standard","hentry","category-motdujour","tag-poesie"],"_links":{"self":[{"href":"https:\/\/lemotdujour.fr\/index.php?rest_route=\/wp\/v2\/posts\/6677","targetHints":{"allow":["GET"]}}],"collection":[{"href":"https:\/\/lemotdujour.fr\/index.php?rest_route=\/wp\/v2\/posts"}],"about":[{"href":"https:\/\/lemotdujour.fr\/index.php?rest_route=\/wp\/v2\/types\/post"}],"author":[{"embeddable":true,"href":"https:\/\/lemotdujour.fr\/index.php?rest_route=\/wp\/v2\/users\/1"}],"replies":[{"embeddable":true,"href":"https:\/\/lemotdujour.fr\/index.php?rest_route=%2Fwp%2Fv2%2Fcomments&post=6677"}],"version-history":[{"count":11,"href":"https:\/\/lemotdujour.fr\/index.php?rest_route=\/wp\/v2\/posts\/6677\/revisions"}],"predecessor-version":[{"id":10104,"href":"https:\/\/lemotdujour.fr\/index.php?rest_route=\/wp\/v2\/posts\/6677\/revisions\/10104"}],"wp:attachment":[{"href":"https:\/\/lemotdujour.fr\/index.php?rest_route=%2Fwp%2Fv2%2Fmedia&parent=6677"}],"wp:term":[{"taxonomy":"category","embeddable":true,"href":"https:\/\/lemotdujour.fr\/index.php?rest_route=%2Fwp%2Fv2%2Fcategories&post=6677"},{"taxonomy":"post_tag","embeddable":true,"href":"https:\/\/lemotdujour.fr\/index.php?rest_route=%2Fwp%2Fv2%2Ftags&post=6677"}],"curies":[{"name":"wp","href":"https:\/\/api.w.org\/{rel}","templated":true}]}}