{"id":6669,"date":"2019-05-02T00:12:16","date_gmt":"2019-05-01T22:12:16","guid":{"rendered":"http:\/\/lemotdujour.fr\/?p=6669"},"modified":"2020-11-15T16:28:59","modified_gmt":"2020-11-15T15:28:59","slug":"jeudi-2-mai-2019","status":"publish","type":"post","link":"https:\/\/lemotdujour.fr\/?p=6669","title":{"rendered":"Jeudi 2 mai 2019"},"content":{"rendered":"<div class=\"mdjTexte\">\t\u00ab&nbsp;Le 1er mai, la f\u00eate du travail, P\u00e9tain et le muguet&nbsp;\u00bb<\/div>\n<div class=\"mdjAuteur\">\tEssai de faire le point historique sur les r\u00e9f\u00e9rences et les coutumes du 1er mai<\/div>\n<p><span style=\"color: #777777; font-family: Arial;\">Sur la plupart des calendriers, vous voyez \u00e9crit \u00e0 la date du 1<sup>er<\/sup> mai&nbsp;: \u00ab&nbsp;<strong>F\u00eate du travail<\/strong>&nbsp;\u00bb<br \/>\n<\/span><\/p>\n<p><span style=\"color: #777777; font-family: Arial;\">D&rsquo;ailleurs notre Pr\u00e9sident de la R\u00e9publique a accueilli, hier \u00e0 l&rsquo;Elys\u00e9e, pour a priori f\u00eater le travail, 400 professionnels des m\u00e9tiers de bouche et des fleurs. Le journal \u00ab&nbsp;<span style=\"color: #0000ff;\"><a style=\"color: #0000ff;\" href=\"https:\/\/www.la-croix.com\/France\/Politique\/1er-mai-Macron-recoit-metiers-bouche-Elysee-barricade-2019-05-01-1301018957\">La Croix&nbsp;<\/a><\/span>\u00bb nous informe&nbsp;:<br \/>\n<\/span><\/p>\n<p style=\"margin-left: 28pt;\"><span style=\"color: #c00000; font-family: Arial;\">\u00ab&nbsp;Dans un quartier de l&rsquo;Elys\u00e9e boucl\u00e9 par crainte des \u00ab\u00a0black blocs\u00a0\u00bb, Emmanuel Macron a invit\u00e9 mercredi 400 professionnels des m\u00e9tiers de bouche et des fleurs pour la traditionnelle remise du muguet, autour d&rsquo;un somptueux buffet.<br \/>\n<\/span><\/p>\n<p style=\"margin-left: 28pt;\"><span style=\"color: #c00000; font-family: Arial;\">\u00ab\u00a0Je suis heureux de vous recevoir ici, avec Brigitte, parce que c&rsquo;est une tradition de remettre le muguet et il est bon, dans les temps o\u00f9 les choses changent, que les traditions qui ont un sens, un symbole, soient tenues. En tout cas, j&rsquo;y tiens\u00a0\u00bb, a d\u00e9clar\u00e9 le pr\u00e9sident de la R\u00e9publique, devant l&rsquo;assembl\u00e9e r\u00e9unie dans la salle des f\u00eates. \u00bb<br \/>\n<\/span><\/p>\n<p><span style=\"color: #777777; font-family: Arial;\">Et puis il a dit autre chose et que pour que l&rsquo;\u00e9cho de ses propos d\u00e9passe la salle des f\u00eates de l&rsquo;Elys\u00e9e, il a tweet\u00e9 la m\u00eame phrase dite devant les 400 professionnels des m\u00e9tiers de bouche et des fleurs :<br \/>\n<\/span><\/p>\n<p style=\"margin-left: 28pt;\"><span style=\"color: #c00000; font-family: Arial;\">\u00ab&nbsp;Le #1erMai est la f\u00eate de toutes celles et ceux qui aiment le travail, le ch\u00e9rissent, parce qu&rsquo;ils produisent, parce qu&rsquo;ils forment, parce qu&rsquo;ils savent que par le travail nous construisons l&rsquo;avenir. Merci de porter ces valeurs et d&rsquo;\u0153uvrer chaque jour pour notre Nation.<br \/>\n<\/span><\/p>\n<p style=\"margin-left: 28pt;\"><span style=\"color: #c00000; font-family: Arial;\">\u2014 Emmanuel Macron (@EmmanuelMacron) May 1, 2019&nbsp;\u00bb<br \/>\n<\/span><\/p>\n<p><span style=\"color: #777777; font-family: Arial;\">Ce tweet n&rsquo;a pas convaincu Lib\u00e9ration qui a r\u00e9pondu par un article courrouc\u00e9&nbsp;: \u00ab&nbsp;<a href=\"https:\/\/www.liberation.fr\/checknews\/2019\/05\/01\/1er-mai-macron-confond-fete-du-travail-et-fete-des-travailleurs_1724302\"><span style=\"color: #0000ff;\">1er mai : Macron confond \u00abf\u00eate du travail\u00bb et \u00abf\u00eate des travailleurs<\/span><\/a>\u00bb&nbsp;\u00bb<br \/>\n<\/span><\/p>\n<p><span style=\"color: #777777; font-family: Arial;\">Et puis mon fils m&rsquo;avait racont\u00e9 que la f\u00eate du travail \u00e9tait c\u00e9l\u00e9br\u00e9e au Canada en septembre.<br \/>\n<\/span><\/p>\n<p><span style=\"color: #777777; font-family: Arial;\">Et enfin, on offre du muguet le 1<sup>er<\/sup> mai, ou plut\u00f4t certains le vendent et d&rsquo;autres l&rsquo;ach\u00e8tent. Je me souviens que lorsque nous habitions \u00e0 Montreuil, une voisine venait sonner \u00e0 notre porte, le 1<sup>er<\/sup> mai, pour nous vendre un brin de muguet au profit du Parti communiste fran\u00e7ais. D&rsquo;o\u00f9 vient cette tradition&nbsp;? C&rsquo;est aussi la question que se pose RTL sur son site&nbsp;: \u00ab&nbsp; <span style=\"color: #0000ff;\"><a style=\"color: #0000ff;\" href=\"https:\/\/www.rtl.fr\/actu\/conso\/1er-mai-fete-du-travail-pourquoi-s-offre-t-on-du-muguet-7797531342\">1er mai : pourquoi s&rsquo;offre-t-on du muguet pour la F\u00eate du Travail ?&nbsp;<\/a><\/span>\u00bb<br \/>\n<\/span><\/p>\n<p><span style=\"color: #777777; font-family: Arial;\">Bref, il m&rsquo;a sembl\u00e9 important de faire le point sur ces diff\u00e9rentes coutumes, c\u00e9l\u00e9brations et de revenir \u00e0 l&rsquo;Histoire.<br \/>\n<\/span><\/p>\n<p><span style=\"color: #777777; font-family: Arial;\">Et l&rsquo;histoire commence le 1<sup>er<\/sup> mai 1886 aux Etats-Unis o\u00f9 des ouvriers r\u00e9clament la journ\u00e9e de travail de huit heures. A l&rsquo;appel du syndicat qui avait pour nom&nbsp;: \u00ab&nbsp; l&rsquo;American Federation of Labor&nbsp;\u00bb, 350 000 travailleurs d\u00e9brayent aux \u00c9tats-Unis pour cette revendication de la journ\u00e9e de travail de huit heures. Cette journ\u00e9e va conduire \u00e0 un \u00e9v\u00e8nement que l&rsquo;Histoire retiendra sous le nom de \u00ab&nbsp;<a href=\"https:\/\/fr.wikipedia.org\/wiki\/Massacre_de_Haymarket_Square\"><span style=\"color: #0000ff;\">Le massacre de Haymarket Square<\/span>&nbsp;<\/a>\u00bb \u00e0 Chicago.<br \/>\n<\/span><\/p>\n<p><span style=\"color: #777777; font-family: Arial;\">Wikipedia nous donne ces informations&nbsp;:<br \/>\n<\/span><\/p>\n<p style=\"margin-left: 28pt;\"><span style=\"color: #c00000; font-family: Arial;\">\u00ab&nbsp;Tout commence lors du rassemblement du 1er mai 1886 \u00e0 l&rsquo;usine McCormick de Chicago. Il s&rsquo;int\u00e9grait dans la revendication pour la journ\u00e9e de huit heures de travail quotidien, pour laquelle une gr\u00e8ve g\u00e9n\u00e9rale mobilisant 340 000 travailleurs avait \u00e9t\u00e9 lanc\u00e9e. August Spies, militant anarchiste, est le dernier \u00e0 prendre la parole devant la foule des manifestants. Au moment o\u00f9 la foule se disperse, 200 policiers font irruption et chargent les ouvriers. Il y a un mort et une dizaine de bless\u00e9s. Spies r\u00e9dige alors dans le journal Arbeiter Zeitung un appel \u00e0 un rassemblement de protestation contre la violence polici\u00e8re, qui se tient le 4 mai. Ce rassemblement se voulait avant tout pacifiste. Un appel dans le journal The Alarm appelait les travailleurs \u00e0 venir arm\u00e9s, mais dans un seul but d&rsquo;autod\u00e9fense, pour emp\u00eacher des carnages comme il s&rsquo;en \u00e9tait produit lors de bien d&rsquo;autres gr\u00e8ves.<br \/>\n<\/span><\/p>\n<p style=\"margin-left: 28pt;\"><span style=\"color: #c00000; font-family: Arial;\">Le jour venu, Spies, ainsi que deux autres anarchistes, Albert Parsons et Samuel Fielden, prennent la parole. Le maire de Chicago, Carter Harrison, assiste aussi au rassemblement. Lorsque la manifestation s&rsquo;ach\u00e8ve, Harrison, convaincu que rien ne va se passer, appelle le chef de la police, l&rsquo;inspecteur John Bonfield, pour qu&rsquo;il renvoie chez eux les policiers post\u00e9s \u00e0 proximit\u00e9. Il est 10 heures du soir, les manifestants se dispersent, il n&rsquo;en reste plus que quelques centaines dans Haymarket Square, quand 180 policiers de Chicago chargent la foule encore pr\u00e9sente. Quelqu&rsquo;un jette une bombe sur la masse de policiers, en tuant un sur le coup. Dans le chaos qui en r\u00e9sulte, sept agents sont tu\u00e9s, et les pr\u00e9judices subis par la foule \u00e9lev\u00e9s, la police ayant \u00ab tir\u00e9 pour tuer \u00bb. L&rsquo;\u00e9v\u00e9nement devait stigmatiser \u00e0 jamais le mouvement anarchiste comme violent et faire de Chicago un point chaud des luttes sociales de la plan\u00e8te. On soup\u00e7onne l&rsquo;agence de d\u00e9tectives priv\u00e9s Pinkerton de s&rsquo;\u00eatre introduite dans le rassemblement pour le perturber, comme elle avait l&rsquo;habitude de le faire contre les mouvements ouvriers, engag\u00e9e par les barons de l&rsquo;industrie.<br \/>\n<\/span><\/p>\n<p style=\"margin-left: 28pt;\"><span style=\"color: #c00000; font-family: Arial;\">Apr\u00e8s l&rsquo;attentat, sept hommes sont arr\u00eat\u00e9s, accus\u00e9s des meurtres de Haymarket. August Spies, George Engel, Adolph Fischer, Louis Lingg, Michael Schwab, Oscar Neebe et Samuel Fielden. Un huiti\u00e8me nom s&rsquo;ajoute \u00e0 la liste quand Albert Parsons se livre \u00e0 la police.<br \/>\n<\/span><\/p>\n<p style=\"margin-left: 28pt;\"><span style=\"color: #c00000; font-family: Arial;\">[&#8230;]<br \/>\n<\/span><\/p>\n<p style=\"margin-left: 28pt;\"><span style=\"color: #c00000; font-family: Arial;\">Le 19 ao\u00fbt, tous sont condamn\u00e9s \u00e0 mort, \u00e0 l&rsquo;exception d&rsquo;Oscar Neebe qui \u00e9cope de 15 ans de prison. Un vaste mouvement de protestation international se d\u00e9clenche. Les peines de mort de Michael Schwab, Oscar Neebe et Samuel Fielden sont commu\u00e9es en prison \u00e0 perp\u00e9tuit\u00e9 (ils seront tous les trois graci\u00e9s le 26 juin 1893). Louis Lingg se suicide en prison. Quant \u00e0 August Spies, George Engel, Adolph Fischer et Albert Parsons, ils sont pendus le 11 novembre 1887. Les capitaines d&rsquo;industrie purent assister \u00e0 la pendaison par invitation. Ils seront r\u00e9habilit\u00e9s par la justice en 1893.<br \/>\n<\/span><\/p>\n<p style=\"margin-left: 28pt;\"><span style=\"color: #c00000; font-family: Arial;\">Le gouverneur de l&rsquo;Illinois John Peter Altgeld d\u00e9clara que le climat de r\u00e9pression brutale instaur\u00e9 depuis plus d&rsquo;un an par l&rsquo;officier John Bonfield \u00e9tait \u00e0 l&rsquo;origine de la trag\u00e9die :<br \/>\n<\/span><\/p>\n<p style=\"margin-left: 28pt;\"><span style=\"color: #c00000; font-family: Arial;\">Alors que certains hommes se r\u00e9signent \u00e0 recevoir des coups de matraque et voir leurs fr\u00e8res se faire abattre, il en est d&rsquo;autres qui se r\u00e9volteront et nourriront une haine qui les poussera \u00e0 se venger, et les \u00e9v\u00e9nements qui ont pr\u00e9c\u00e9d\u00e9 la trag\u00e9die de Haymarket indiquent que la bombe a \u00e9t\u00e9 lanc\u00e9e par quelqu&rsquo;un qui, de son propre chef, cherchait simplement \u00e0 se venger personnellement d&rsquo;avoir \u00e9t\u00e9 matraqu\u00e9, et que le capitaine Bonfield est le v\u00e9ritable responsable de la mort des agents de police. \u00bb<br \/>\n<\/span><\/p>\n<p style=\"margin-left: 28pt;\"><span style=\"color: #c00000; font-family: Arial;\">L&rsquo;\u00e9v\u00e8nement connut une intense r\u00e9action internationale et fit l&rsquo;objet de manifestation dans la plupart des capitales europ\u00e9ennes.<br \/>\n<\/span><\/p>\n<p style=\"margin-left: 28pt;\"><span style=\"color: #c00000; font-family: Arial;\">George Bernard Shaw d\u00e9clara \u00e0 cette occasion : \u00ab Si le monde doit absolument pendre huit de ses habitants, il serait bon qu&rsquo;il s&rsquo;agisse des huit juges de la Cour supr\u00eame de l&rsquo;Illinois \u00bb<br \/>\n<\/span><\/p>\n<p><span style=\"color: #777777; font-family: Arial;\">Et en <strong>1889, la deuxi\u00e8me Internationale ouvri\u00e8re ou Internationale socialiste d\u00e9cide d&rsquo;adopter le 1<sup>er<\/sup>&nbsp;mai comme la journ\u00e9e internationale de revendication des travailleurs.<\/strong><br \/>\n<\/span><\/p>\n<p><img decoding=\"async\" class=\"alignleft\" src=\"https:\/\/lemotdujour.fr\/wp-content\/uploads\/2019\/05\/050119_2104_Lundi2mai201.jpg\" alt=\"\" align=\"left\"><span style=\"color: #777777; font-family: Arial;\">2 ans plus tard, lors de cette journ\u00e9e de revendication, en France, le <strong>1<sup>er<\/sup> mai 1891<\/strong>, \u00e0 Fourmies (Nord), la troupe tire sur les gr\u00e9vistes. Le bilan est de neuf morts et de 35 bless\u00e9s. Bien que les forces de l&rsquo;ordre aient \u00e9t\u00e9 mises en cause, neuf manifestants furent condamn\u00e9s pour entrave \u00e0 la libert\u00e9 de travail, outrage et violence \u00e0 agent et r\u00e9bellion, \u00e0 des peines de prison de deux \u00e0 quatre mois fermes. On appellera cet \u00e9v\u00e8nement&nbsp;:&nbsp;\u00ab&nbsp;<a href=\"https:\/\/fr.wikipedia.org\/wiki\/Fusillade_de_Fourmies\"><span style=\"color: #0000ff;\">la fusillade de Fourmies<\/span>&nbsp;<\/a>\u00bb<br \/>\n<\/span><\/p>\n<p><span style=\"color: #777777; font-family: Arial;\">Nous sommes assez loin de la c\u00e9l\u00e9bration de ceux qui \u00ab&nbsp;ch\u00e9rissent le travail&nbsp;\u00bb mais plut\u00f4t dans la revendication de celles et ceux qui sont exploit\u00e9s et qui r\u00e9clament des droits pour les travailleurs. Il para\u00eet donc l\u00e9gitime de parler de \u00ab&nbsp;<a href=\"https:\/\/fr.wikipedia.org\/wiki\/Journ%C3%A9e_internationale_des_travailleurs\"><span style=\"color: #0000ff;\">la journ\u00e9e internationale des travailleurs.<\/span><\/a>&nbsp;\u00bb<br \/>\n<\/span><\/p>\n<p><span style=\"color: #777777; font-family: Arial;\">Mais alors pourquoi parle t&rsquo;on de la <strong>f\u00eate du travail<\/strong>&nbsp;?<br \/>\n<\/span><\/p>\n<p><span style=\"color: #777777; font-family: Arial;\">La f\u00eate du travail a une autre origine et qui est plut\u00f4t nationale. En pratique on a donn\u00e9, en Europe, ce nom \u00e0 plusieurs f\u00eates qui furent institu\u00e9es \u00e0 partir du XVIII<span style=\"font-size: 8pt;\"><sup>e<\/sup><\/span>&nbsp;si\u00e8cle pour c\u00e9l\u00e9brer les r\u00e9alisations des travailleurs. Vous pourrez en savoir davantage derri\u00e8re ce<span style=\"color: #0000ff;\"> <a style=\"color: #0000ff;\" href=\"https:\/\/fr.wikipedia.org\/wiki\/La_fete_du_travail\"><strong>&lt;Lien&gt;<\/strong><\/a><strong>.<\/strong><\/span><br \/>\n<\/span><\/p>\n<p><span style=\"color: #777777; font-family: Arial;\">Et pour confondre les deux, il a fallu le r\u00e9gime de Vichy et P\u00e9tain qui vont fixer la f\u00eate du travail qui sera ch\u00f4m\u00e9e au 1<sup>er<\/sup> mai. Rappelons que la devise de ce r\u00e9gime \u00e9tait&nbsp;: \u00ab&nbsp;Travail, Famille, Patrie&nbsp;\u00bb. Le travail remplace la \u00ab&nbsp;Libert\u00e9&nbsp;\u00bb et la Famille l&rsquo;\u00ab&nbsp;Egalit\u00e9&nbsp;\u00bb de la R\u00e9publique.<br \/>\n<\/span><\/p>\n<p><span style=\"color: #777777; font-family: Arial;\">C&rsquo;est une Loi d&rsquo;avril 1941 qui cr\u00e9a la \u00ab&nbsp;<strong>F\u00eate du travail et de la concorde sociale<\/strong>&nbsp;\u00bb le 1<sup>er<\/sup> mai.<br \/>\n<\/span><\/p>\n<p><span style=\"color: #777777; font-family: Arial;\">Et ceci permet de r\u00e9soudre l&rsquo;\u00e9nigme de mon fils, au Canada comme aux Etats-Unis, on ne confond pas ces deux jours et si la journ\u00e9e internationale des travailleurs est bien c\u00e9l\u00e9br\u00e9e le 1<sup>er<\/sup> mai, c&rsquo;est la f\u00eate du travail qui a lieu en septembre. Et\u2026 seule la seconde est ch\u00f4m\u00e9e, selon ce que j&rsquo;ai compris.<br \/>\n<\/span><\/p>\n<p><span style=\"color: #777777; font-family: Arial;\"><strong>Et le muguet du 1<sup>er<\/sup> mai&nbsp;?<\/strong> C&rsquo;est encore P\u00e9tain&nbsp;!<br \/>\n<\/span><\/p>\n<p><span style=\"color: #777777; font-family: Arial;\">On trouve sur Internet cette affiche d&rsquo;\u00e9poque.<br \/>\n<\/span><\/p>\n<p style=\"text-align: justify;\"><img loading=\"lazy\" decoding=\"async\" class=\"alignleft\" src=\"https:\/\/lemotdujour.fr\/wp-content\/uploads\/2019\/05\/050119_2104_Lundi2mai202.jpg\" alt=\"\" width=\"199\" height=\"272\" align=\"left\"><span style=\"color: #777777; font-family: Arial;\">Sur la page du site de RTL \u00ab&nbsp; <span style=\"color: #0000ff;\"><a style=\"color: #0000ff;\" href=\"https:\/\/www.rtl.fr\/actu\/conso\/1er-mai-fete-du-travail-pourquoi-s-offre-t-on-du-muguet-7797531342\">1er mai : pourquoi s&rsquo;offre-t-on du muguet pour la F\u00eate du Travail ?&nbsp;<\/a><\/span>\u00bb on apprend que : un Noble dont on conserve la m\u00e9moire en raison de son geste d&rsquo;avoir offert un brin de muguet au roi de France Charles IX, est \u00e0 l&rsquo;origine de cette tradition d&rsquo;offrir du muguet. Il a pour nom Chevalier Louis de Girard de Maisonforte.<br \/>\n<\/span><\/p>\n<p><span style=\"color: #777777; font-family: Arial;\">En 1561, Charles IX qui r\u00e9gnera de 1560 \u00e0 1574, s\u00e9duit par cette pratique, officialisera la tradition d&rsquo;offrir un brin de muguet chaque printemps aux dames de sa cour.<br \/>\n<\/span><\/p>\n<p><span style=\"color: #777777; font-family: Arial;\">Au printemps pas pr\u00e9cis\u00e9ment le 1<sup>er<\/sup> mai.<br \/>\n<\/span><\/p>\n<p><span style=\"color: #777777; font-family: Arial;\">RTL donne la parole \u00e0 Mathilde Larrere, pr\u00e9sent\u00e9e comme historienne des r\u00e9volutions et de la citoyennet\u00e9&nbsp;:<br \/>\n<\/span><\/p>\n<p style=\"margin-left: 28pt;\"><span style=\"color: #c00000; font-family: Arial;\">\u00ab&nbsp;L&rsquo;imposer comme fleur du 1er mai, c&rsquo;est bien P\u00e9tain.&nbsp;\u00bb<br \/>\n<\/span><\/p>\n<p><span style=\"color: #777777; font-family: Arial;\">Le 1<sup>er<\/sup> mai des ouvriers, apr\u00e8s, la r\u00e9pression sanglante de Fourmies avait fait <strong>de l&rsquo;\u00e9glantine \u00e9carlate, la fleur embl\u00e9matique du mouvement<\/strong>, en m\u00e9moire au sang vers\u00e9. Elle raconte&nbsp;:<br \/>\n<\/span><\/p>\n<p style=\"margin-left: 28pt;\"><span style=\"color: #c00000; font-family: Arial;\">\u00ab&nbsp;C&rsquo;est \u00e0 ce moment que le 1er mai devient \u00ab\u00a0la F\u00eate du travail et de la concorde sociale\u00a0\u00bb et le mar\u00e9chal P\u00e9tain impose alors le muguet pour remplacer l&rsquo;\u00e9glantine \u00ab\u00a0trop prol\u00e9tarienne, trop rouge, trop r\u00e9volutionnaire\u00a0\u00bb&nbsp;\u00bb<br \/>\n<\/span><\/p>\n<p><span style=\"color: #777777; font-family: Arial;\">La page cit\u00e9e rappelle que&nbsp;:<br \/>\n<\/span><\/p>\n<p style=\"margin-left: 28pt;\"><span style=\"color: #c00000; font-family: Arial;\">\u00ab&nbsp;Le muguet n&rsquo;est pas forc\u00e9ment le meilleur cadeau \u00e0 offrir au niveau de la sant\u00e9. En effet, en plus d&rsquo;\u00eatre issu d&rsquo;une tradition vichyste, le<span style=\"color: #0000ff;\"> <a style=\"color: #0000ff;\" href=\"http:\/\/cap.chru-lille.fr\/CAPBD\/BAIES\/detail\/ca5-99avril1.htm\">muguet peut \u00eatre toxique<\/a>.<\/span><br \/>\n<\/span><\/p>\n<p style=\"margin-left: 28pt;\"><span style=\"color: #c00000; font-family: Arial;\">Le poison se trouve dans la tige et les feuilles, pas dans les fleurs. Le pire, ce sont les petites boules rouges : les fruits du muguet qui viennent apr\u00e8s les fleurs. La substance dangereuse s&rsquo;appelle la convallarine.<br \/>\n<\/span><\/p>\n<p style=\"margin-left: 28pt;\"><span style=\"color: #c00000; font-family: Arial;\">Elle ralentit le rythme cardiaque&nbsp;\u00bb<br \/>\n<\/span><\/p>\n<p><span style=\"color: #777777; font-family: Arial;\">En r\u00e9alit\u00e9 il y a trois toxines dans le muguet&nbsp;:<br \/>\n<\/span><\/p>\n<ul>\n<li><span style=\"color: #777777; font-family: Arial;\">la convallatoxine<br \/>\n<\/span><\/li>\n<li><span style=\"color: #777777; font-family: Arial;\">la convallarine<br \/>\n<\/span><\/li>\n<li><span style=\"color: #777777; font-family: Arial;\">la convallamarine).<br \/>\n<\/span><\/li>\n<\/ul>\n<p><span style=\"color: #777777; font-family: Arial;\">P\u00e9tain \u00e9tait aussi toxique que le muguet.<br \/>\n<\/span><\/p>\n<p><span style=\"color: #777777; font-family: Arial;\">Et notre pr\u00e9sident n&rsquo;avait pas tort, contrairement \u00e0 ce que dit \u00ab&nbsp;Lib\u00e9ration&nbsp;\u00bb, simplement il ne se r\u00e9f\u00e9rait pas \u00e0 la journ\u00e9e internationale des travailleurs, mais \u00e0 la \u00ab&nbsp;vraie&nbsp;\u00bb F\u00eate du travail, qui est autre chose.<br \/>\n<\/span><\/p>\n<p><span style=\"color: #777777; font-family: Arial;\">Les r\u00e9f\u00e9rences auxquelles on se rapporte disent beaucoup de nos priorit\u00e9s\u2026<br \/>\n<\/span><\/p>\n<p><span style=\"color: #777777; font-family: Arial;\"><span style=\"color: #800000;\">&lt;1235&gt;<\/span><br \/>\n<\/span><\/p>\n","protected":false},"excerpt":{"rendered":"<p>\u00ab&nbsp;Le 1er mai, la f\u00eate du travail, P\u00e9tain et le muguet&nbsp;\u00bb Essai de faire le point historique sur les r\u00e9f\u00e9rences et les coutumes du 1er mai Sur la plupart des calendriers, vous voyez \u00e9crit \u00e0 la date du 1er mai&nbsp;:<\/p>\n","protected":false},"author":1,"featured_media":0,"comment_status":"open","ping_status":"closed","sticky":false,"template":"","format":"standard","meta":{"footnotes":""},"categories":[1],"tags":[15,17,112],"class_list":["post-6669","post","type-post","status-publish","format-standard","hentry","category-motdujour","tag-france","tag-histoire","tag-socialisme"],"_links":{"self":[{"href":"https:\/\/lemotdujour.fr\/index.php?rest_route=\/wp\/v2\/posts\/6669","targetHints":{"allow":["GET"]}}],"collection":[{"href":"https:\/\/lemotdujour.fr\/index.php?rest_route=\/wp\/v2\/posts"}],"about":[{"href":"https:\/\/lemotdujour.fr\/index.php?rest_route=\/wp\/v2\/types\/post"}],"author":[{"embeddable":true,"href":"https:\/\/lemotdujour.fr\/index.php?rest_route=\/wp\/v2\/users\/1"}],"replies":[{"embeddable":true,"href":"https:\/\/lemotdujour.fr\/index.php?rest_route=%2Fwp%2Fv2%2Fcomments&post=6669"}],"version-history":[{"count":8,"href":"https:\/\/lemotdujour.fr\/index.php?rest_route=\/wp\/v2\/posts\/6669\/revisions"}],"predecessor-version":[{"id":10105,"href":"https:\/\/lemotdujour.fr\/index.php?rest_route=\/wp\/v2\/posts\/6669\/revisions\/10105"}],"wp:attachment":[{"href":"https:\/\/lemotdujour.fr\/index.php?rest_route=%2Fwp%2Fv2%2Fmedia&parent=6669"}],"wp:term":[{"taxonomy":"category","embeddable":true,"href":"https:\/\/lemotdujour.fr\/index.php?rest_route=%2Fwp%2Fv2%2Fcategories&post=6669"},{"taxonomy":"post_tag","embeddable":true,"href":"https:\/\/lemotdujour.fr\/index.php?rest_route=%2Fwp%2Fv2%2Ftags&post=6669"}],"curies":[{"name":"wp","href":"https:\/\/api.w.org\/{rel}","templated":true}]}}