{"id":6660,"date":"2019-04-30T02:54:39","date_gmt":"2019-04-30T00:54:39","guid":{"rendered":"http:\/\/lemotdujour.fr\/?p=6660"},"modified":"2020-11-15T16:35:51","modified_gmt":"2020-11-15T15:35:51","slug":"mardi-30-avril-2019","status":"publish","type":"post","link":"https:\/\/lemotdujour.fr\/?p=6660","title":{"rendered":"Mardi 30 avril 2019"},"content":{"rendered":"<div class=\"mdjTexte\">\t\u00abOn est pass\u00e9 de 2000&nbsp;pr\u00e9noms en 1945 \u00e0 13.000 aujourd\u2019hui&nbsp;\u00bb<\/div>\n<div class=\"mdjAuteur\">\tJ\u00e9r\u00f4me Fourquet<\/div>\n<p><span style=\"color: #777777; font-family: Arial;\">Le mot du jour d&rsquo;hier \u00e9tait consacr\u00e9 au livre de J\u00e9r\u00f4me Fourquet sur l&rsquo;\u00ab&nbsp;<em>archipelisation<\/em> fran\u00e7aise&nbsp;\u00bb, c&rsquo;est-\u00e0-dire la division de la France en divers ilots de population. Une grande partie de son ouvrage a \u00e9t\u00e9 consacr\u00e9e \u00e0 l&rsquo;\u00e9volution des pr\u00e9noms qui sont donn\u00e9s. Il s&rsquo;agit aussi d&rsquo;un marqueur de l&rsquo;\u00e9volution des segmentations.<br \/>\n<\/span><\/p>\n<p><span style=\"color: #777777; font-family: Arial;\">Le point fondamental de l&rsquo;\u00e9tude de J\u00e9r\u00f4me Fourquet montre l&rsquo;individualisation des choix. Le marqueur le plus simple et le plus \u00e9vident est constitu\u00e9 par l&rsquo;\u00e9volution du nombre de pr\u00e9noms diff\u00e9rents donn\u00e9s aux enfants qui viennent de naitre au cour d&rsquo;une ann\u00e9e.<br \/>\n<\/span><\/p>\n<p><span style=\"color: #777777; font-family: Arial;\">On est pass\u00e9 ainsi de 2 000 pr\u00e9noms dans les ann\u00e9es 60 \u00e0 13 000 aujourd&rsquo;hui, une augmentation de 650 %.<br \/>\n<\/span><\/p>\n<p><img loading=\"lazy\" decoding=\"async\" class=\"alignleft\" src=\"https:\/\/lemotdujour.fr\/wp-content\/uploads\/2019\/04\/042919_2054_Mardi30avri1.jpg\" alt=\"\" width=\"305\" height=\"394\" align=\"left\"><span style=\"color: #777777; font-family: Arial;\">Toutefois ce que beaucoup de m\u00e9dias ont retenu, en premier, de l&rsquo;\u00e9tude de J\u00e9r\u00f4me Fourquet, c&rsquo;est qu&rsquo;il y a d\u00e9sormais 18% de pr\u00e9noms arabo-musulmans parmi les nouveau-n\u00e9s.<br \/>\n<\/span><\/p>\n<p><span style=\"color: #777777; font-family: Arial;\">La Une du Point, par exemple, consid\u00e8re que c&rsquo;est le premier bouleversement.<br \/>\n<\/span><\/p>\n<p><span style=\"color: #777777; font-family: Arial;\">Ce qui n&rsquo;est objectivement pas le cas.<br \/>\n<\/span><\/p>\n<p><span style=\"color: #777777; font-family: Arial;\">Le bouleversement, c&rsquo;est que les familles d&rsquo;origine chr\u00e9tienne ne donnent plus \u00e0 leur fille, prioritairement le pr\u00e9nom de Marie. Il y a des exceptions que je connais, mais aujourd&rsquo;hui moins de 1% des filles re\u00e7oivent le nom de la m\u00e8re de J\u00e9sus, 0,3% en 2015. <strong>En 1900, 20% des filles s&rsquo;appelaient Marie. <\/strong>Le m\u00eame ph\u00e9nom\u00e8ne peut \u00eatre observ\u00e9 chez les gar\u00e7ons pour Jean.<br \/>\n<\/span><\/p>\n<p><span style=\"color: #777777; font-family: Arial;\">C&rsquo;est un signe fort de la d\u00e9christianisation qui est un d\u00e9veloppement important de l&rsquo;ouvrage de Fourquet comme cela a \u00e9t\u00e9 relat\u00e9 dans le mot d&rsquo;hier.<br \/>\n<\/span><\/p>\n<p><span style=\"color: #777777; font-family: Arial;\">Mais plus largement, l&rsquo;auteur constate que grosso modo la France a fonctionn\u00e9 de 1900 \u00e0 1960 avec un stock de 2 000 pr\u00e9noms puis il y a eu explosion de l&rsquo;inventivit\u00e9, de la cr\u00e9ativit\u00e9 des parents qui ont amen\u00e9 ce chiffre \u00e0 13&nbsp;000.<br \/>\n<\/span><\/p>\n<p><span style=\"color: #777777; font-family: Arial;\">Alors si on veut parler des pr\u00e9noms \u00ab&nbsp;arabo-musulmans&nbsp;\u00bb, il explique que si dans les ann\u00e9es 1960, on est \u00e0 moins de 1% de pr\u00e9noms d&rsquo;origine arabo-musulmane, on est \u00e0 plus de 18\u202f% sur les derni\u00e8res ann\u00e9es. Et lorsque que J\u00e9r\u00f4me Fourquet compare la vague migratoire actuelle avec d&rsquo;autres vagues de l&rsquo;Histoire de France comme celles des familles polonaises, il note une diff\u00e9rence de pratiques :<br \/>\n<\/span><\/p>\n<p style=\"margin-left: 28pt;\"><span style=\"color: #c00000; font-family: Arial;\">\u00ab&nbsp;Les familles polonaises, pendant une g\u00e9n\u00e9ration, ont donn\u00e9 des pr\u00e9noms polonais \u00e0 leurs enfants, puis ce ph\u00e9nom\u00e8ne s&rsquo;est \u00e9teint et ces familles se sont fondues dans le catalogue \u00ab\u00a0commun\u00a0\u00bb des pr\u00e9noms.&nbsp;\u00bb.<br \/>\n<\/span><\/p>\n<p><span style=\"color: #777777; font-family: Arial;\">Par ailleurs, il constate que ces pr\u00e9noms sont particuli\u00e8rement donn\u00e9s par des personnes qui se rattachent \u00e0 l&rsquo;immigration.<br \/>\n<\/span><\/p>\n<p><span style=\"color: #777777; font-family: Arial;\">Il y a eu une mode, en France, dans les ann\u00e9es 90 de donner des pr\u00e9noms anglais \u00e0 des enfants de familles fran\u00e7aises depuis plusieurs g\u00e9n\u00e9rations, il semble qu&rsquo;il n&rsquo;existe pas une telle mode pour les pr\u00e9noms arabo-musulmans.<br \/>\n<\/span><\/p>\n<p><span style=\"color: #777777; font-family: Arial;\">J\u00e9r\u00f4me Fourquet \u00e9crit&nbsp;:<br \/>\n<\/span><\/p>\n<p style=\"margin-left: 28pt;\"><span style=\"color: #c00000; font-family: Arial;\">\u00ab&nbsp;On peut faire l&rsquo;hypoth\u00e8se, au regard des pr\u00e9noms qui sont donn\u00e9s, on a un processus moins rapide et beaucoup plus difficile que pour beaucoup d&rsquo;autres vagues migratoires. Et en m\u00eame temps on constate que toute une partie de cette immigration a pris l&rsquo;ascenseur social et est aujourd&rsquo;hui totalement int\u00e9gr\u00e9e.&nbsp;\u00bb<br \/>\n<\/span><\/p>\n<p><span style=\"color: #777777; font-family: Arial;\">Lors d&rsquo;une des \u00e9missions que j&rsquo;ai \u00e9cout\u00e9e, il a soulign\u00e9 que ces pr\u00e9noms sont donn\u00e9s alors m\u00eame que les familles savent que ces pr\u00e9noms conduisent \u00e0 ce que leurs enfants soient soumis \u00e0 des discriminations dans la soci\u00e9t\u00e9 fran\u00e7aise.<br \/>\n<\/span><\/p>\n<p><span style=\"color: #777777; font-family: Arial;\">Et il compare cette attitude avec celle des enfants issus de l&rsquo;immigration asiatique qui donne tr\u00e8s fr\u00e9quemment un pr\u00e9nom \u00ab&nbsp;occidental&nbsp;\u00bb public \u00e0 leurs enfants, alors que dans le lieu priv\u00e9 de la famille ils utilisent un pr\u00e9nom conforme aux traditions de leurs anc\u00eatres. Tel ne semble pas \u00eatre la pratique des familles musulmanes issues de l&rsquo;immigration.<br \/>\n<\/span><\/p>\n<p><span style=\"color: #777777; font-family: Arial;\">Mais je me souviens de ce qu&rsquo;a racont\u00e9 le grand violoniste \u00ab&nbsp;<a href=\"https:\/\/lemotdujour.fr\/?p=1696\"><span style=\"color: #0000ff;\">Yehudi Menuhin<\/span>&nbsp;<\/a>\u00bb, sa m\u00e8re l&rsquo;avait pr\u00e9nomm\u00e9 \u00ab&nbsp;Yehudi&nbsp;\u00bb pour qu&rsquo;il n&rsquo;y ait pas d&rsquo;ambig\u00fcit\u00e9 sur ses origines juives, alors m\u00eame qu&rsquo;elle connaissait les ravages de l&rsquo;antis\u00e9mitisme.<br \/>\n<\/span><\/p>\n<p><span style=\"color: #777777; font-family: Arial;\">Mais chez Guillaume Erner, J\u00e9r\u00f4me Fourquet avait dit&nbsp;:<br \/>\n<\/span><\/p>\n<p style=\"margin-left: 28pt;\"><span style=\"color: #c00000; font-family: Arial;\">\u00ab&nbsp;Ces pr\u00e9noms (issus des immigrations turques, subsahariennes ou maghr\u00e9bines) ne pr\u00e9sagent en rien du degr\u00e9 d&rsquo;int\u00e9gration ou de patriotisme des personnes qui les portent ou les donnent. Rappelons que le policier qui est mort devant Charlie Hebdo s&rsquo;appelle Ahmed Merabet, tout comme les trois premi\u00e8res victimes de Mohamed Merah \u00e9taient des parachutistes fran\u00e7ais issus de l&rsquo;immigration.&nbsp;\u00bb<br \/>\n<\/span><\/p>\n<p><span style=\"color: #777777; font-family: Arial;\">Il a dit aussi&nbsp;:<br \/>\n<\/span><\/p>\n<p style=\"margin-left: 28pt;\"><span style=\"color: #c00000; font-family: Arial;\">\u00ab&nbsp;Le choix d&rsquo;un pr\u00e9nom doit permettre d&rsquo;affirmer sa ressemblance avec ceux auxquels on s&rsquo;identifie ou dont on souhaite se rapprocher et en m\u00eame temps de marquer ses distances avec ceux dont on souhaite se distinguer. C&rsquo;est un choix \u00e9minemment personnel, [avec des facteurs qui sont aussi] du registre de la transmission (anc\u00eatres, pr\u00e9noms r\u00e9gionaux&#8230;).&nbsp;\u00bb<br \/>\n<\/span><\/p>\n<p><span style=\"color: #777777; font-family: Arial;\">Il n&rsquo;en reste pas moins que <strong>le ph\u00e9nom\u00e8ne principal est celui de l&rsquo;individualisme<\/strong>, de la volont\u00e9 des parents de chercher \u00e0 donner un pr\u00e9nom original, certains le voudraient unique. Parfois, ils arrivent \u00e0 donner un pr\u00e9nom rare donn\u00e9 2 ou 3 fois dans une ann\u00e9e.<br \/>\n<\/span><\/p>\n<p><a href=\"https:\/\/www.ladepeche.fr\/2019\/03\/12\/comment-les-prenoms-suivent-les-modes-et-donnent-des-informations,8062759.php\"><span style=\"font-family: Arial;\"><span style=\"color: #0000ff;\">&lt;Cet article de la D\u00e9p\u00eache&gt;<\/span><\/span><\/a><span style=\"color: #777777; font-family: Arial;\"> \u00e9voque aussi l&rsquo;\u00e9volution des pr\u00e9noms et notamment le ph\u00e9nom\u00e8ne des \u00ab&nbsp;pr\u00e9noms rares&nbsp;\u00bb que la sociologie attribue aux pr\u00e9noms donn\u00e9s moins de 20 fois dans une ann\u00e9e.<br \/>\n<\/span><\/p>\n<p><span style=\"color: #777777; font-family: Arial;\">Il y aussi <span style=\"color: #0000ff;\"><a style=\"color: #0000ff;\" href=\"https:\/\/fr.wikipedia.org\/wiki\/Liste_des_pr%C3%A9noms_les_plus_donn%C3%A9s_en_France\">cet article de Wikipedia<\/a><\/span> qui donne le pr\u00e9nom le plus donn\u00e9 depuis 1946 par r\u00e9gion fran\u00e7aise. Il s&rsquo;arr\u00eate en 2015.<br \/>\n<\/span><\/p>\n<p><span style=\"color: #777777; font-family: Arial;\">On apprend ainsi que pour toute la France et les pr\u00e9noms masculins :<br \/>\n<\/span><\/p>\n<ul>\n<li><span style=\"color: #777777; font-family: Arial;\">Les ann\u00e9es 1946 \u00e0 1958 fut le r\u00e8gne exclusif de Jean<br \/>\n<\/span><\/li>\n<li><span style=\"color: #777777; font-family: Arial;\">Puis de 1959 \u00e0 1966 ce fut Philippe d\u00e9tr\u00f4n\u00e9 cependant en 1965 par Thierry<br \/>\n<\/span><\/li>\n<li><span style=\"color: #777777; font-family: Arial;\">De 2011 \u00e0 2014 ce fut Lucas et en 2015 Gabriel<br \/>\n<\/span><\/li>\n<\/ul>\n<p><span style=\"color: #777777; font-family: Arial;\">Mais on constate que la pr\u00e9\u00e9minence d&rsquo;un pr\u00e9nom reste le plus souvent plusieurs ann\u00e9es de suite Christophe (1967 \u00e0 1973), S\u00e9bastien (1975 \u00e0 1979), Nicolas (1980 \u00e0 1982), Julien (1983 \u00e0 1988), Kevin (1989 \u00e0 1994) avec retour de Nicolas en 1995, puis Thomas, Lucas, Enzo et \u00e0 nouveau Lucas.<br \/>\n<\/span><\/p>\n<p><span style=\"color: #777777; font-family: Arial;\">Et pour les pr\u00e9noms f\u00e9minins&nbsp;:<br \/>\n<\/span><\/p>\n<ul>\n<li><span style=\"color: #777777; font-family: Arial;\">Parall\u00e8lement \u00e0 Jean, ce fut Marie de 1946 \u00e0 1958<br \/>\n<\/span><\/li>\n<li><span style=\"color: #777777; font-family: Arial;\">Brigitte en 1959<br \/>\n<\/span><\/li>\n<li><span style=\"color: #777777; font-family: Arial;\">Catherine en 1960<br \/>\n<\/span><\/li>\n<li><span style=\"color: #777777; font-family: Arial;\">Sylvie de 1961 \u00e0 1964<br \/>\n<\/span><\/li>\n<li><span style=\"color: #777777; font-family: Arial;\">Nathalie de 1965 \u00e0 1971<br \/>\n<\/span><\/li>\n<li><span style=\"color: #777777; font-family: Arial;\">Sandrine de 1972 \u00e0 1973<br \/>\n<\/span><\/li>\n<li><span style=\"color: #777777; font-family: Arial;\">St\u00e9phanie de 1974 \u00e0 1977<br \/>\n<\/span><\/li>\n<li><span style=\"color: #777777; font-family: Arial;\">C\u00e9line de 1978 \u00e0 1981<br \/>\n<\/span><\/li>\n<li><span style=\"color: #777777; font-family: Arial;\">Aur\u00e9lie de 1982 \u00e0 1986<br \/>\n<\/span><\/li>\n<li><span style=\"color: #777777; font-family: Arial;\">Julie en 1987<br \/>\n<\/span><\/li>\n<\/ul>\n<p><span style=\"color: #777777; font-family: Arial;\">Puis \u00c9lodie (1988 \u00e0 1990), Marine (1991), Laura (1992 \u00e0 1994), Manon (1995 \u00e0 1996), L\u00e9a (1997 \u00e0 2004), Emma (2005 \u00e0 2013), Louise (2014 \u00e0 2015).<\/span><\/p>\n<p><span style=\"color: #777777; font-family: Arial;\">J&rsquo;avais d\u00e9j\u00e0 <\/span><span style=\"color: #777777; font-family: Arial;\">consacr\u00e9 un mot du jour au pr\u00e9nom&nbsp;: \u00ab&nbsp;Le pr\u00e9nom n&rsquo;a rien d&rsquo;anodin. Il touche \u00e0 l&rsquo;intime, et raconte infiniment plus que ce qu&rsquo;on pourrait croire.&nbsp;\u00bb. C&rsquo;\u00e9tait le <a href=\"https:\/\/lemotdujour.fr\/?p=5573\"><span style=\"color: #0000ff;\">26 octobre 2018<\/span>.<\/a><br \/>\n<\/span><\/p>\n<p><span style=\"color: maroon; font-family: Arial;\">&lt;1234&gt;<\/span><\/p>\n","protected":false},"excerpt":{"rendered":"<p>\u00abOn est pass\u00e9 de 2000&nbsp;pr\u00e9noms en 1945 \u00e0 13.000 aujourd\u2019hui&nbsp;\u00bb J\u00e9r\u00f4me Fourquet Le mot du jour d&rsquo;hier \u00e9tait consacr\u00e9 au livre de J\u00e9r\u00f4me Fourquet sur l&rsquo;\u00ab&nbsp;archipelisation fran\u00e7aise&nbsp;\u00bb, c&rsquo;est-\u00e0-dire la division de la France en divers ilots de population. Une grande<\/p>\n","protected":false},"author":1,"featured_media":0,"comment_status":"open","ping_status":"closed","sticky":false,"template":"","format":"standard","meta":{"footnotes":""},"categories":[1],"tags":[15,17,11],"class_list":["post-6660","post","type-post","status-publish","format-standard","hentry","category-motdujour","tag-france","tag-histoire","tag-sociologie"],"_links":{"self":[{"href":"https:\/\/lemotdujour.fr\/index.php?rest_route=\/wp\/v2\/posts\/6660","targetHints":{"allow":["GET"]}}],"collection":[{"href":"https:\/\/lemotdujour.fr\/index.php?rest_route=\/wp\/v2\/posts"}],"about":[{"href":"https:\/\/lemotdujour.fr\/index.php?rest_route=\/wp\/v2\/types\/post"}],"author":[{"embeddable":true,"href":"https:\/\/lemotdujour.fr\/index.php?rest_route=\/wp\/v2\/users\/1"}],"replies":[{"embeddable":true,"href":"https:\/\/lemotdujour.fr\/index.php?rest_route=%2Fwp%2Fv2%2Fcomments&post=6660"}],"version-history":[{"count":5,"href":"https:\/\/lemotdujour.fr\/index.php?rest_route=\/wp\/v2\/posts\/6660\/revisions"}],"predecessor-version":[{"id":10106,"href":"https:\/\/lemotdujour.fr\/index.php?rest_route=\/wp\/v2\/posts\/6660\/revisions\/10106"}],"wp:attachment":[{"href":"https:\/\/lemotdujour.fr\/index.php?rest_route=%2Fwp%2Fv2%2Fmedia&parent=6660"}],"wp:term":[{"taxonomy":"category","embeddable":true,"href":"https:\/\/lemotdujour.fr\/index.php?rest_route=%2Fwp%2Fv2%2Fcategories&post=6660"},{"taxonomy":"post_tag","embeddable":true,"href":"https:\/\/lemotdujour.fr\/index.php?rest_route=%2Fwp%2Fv2%2Ftags&post=6660"}],"curies":[{"name":"wp","href":"https:\/\/api.w.org\/{rel}","templated":true}]}}