{"id":666,"date":"2014-04-04T02:00:00","date_gmt":"2014-04-03T22:00:00","guid":{"rendered":"http:\/\/lemotdujour.fr\/?p=666"},"modified":"2017-05-08T13:21:33","modified_gmt":"2017-05-08T11:21:33","slug":"vendredi-04042014","status":"publish","type":"post","link":"https:\/\/lemotdujour.fr\/?p=666","title":{"rendered":"Vendredi 04\/04\/2014"},"content":{"rendered":"<div class=\"mdjDate\">Vendredi 04\/04\/2014<\/div>\n<div class=\"mdjTexte\">\u00ab Gouverner c&rsquo;est choisir \u00bb<\/div>\n<div class=\"mdjAuteur\">Mend\u00e8s-France<\/div>\n<div class=\"mdjComplements\">C&rsquo;est une citation bien connue que je rappelle ici.<\/div>\n<div class=\"mdjComplements\">Mais son actualit\u00e9 vient du fait que lors de la passation de pouvoir \u00e0 Matignon, l&rsquo;ancien maire de Nantes et l&rsquo;ancien maire d&rsquo;Evry l&rsquo;ont tous les deux cit\u00e9s.<\/div>\n<div class=\"mdjComplements\">Vous direz : le citer c&rsquo;est bien, le faire c&rsquo;est mieux.<\/div>\n<div class=\"mdjComplements\">Et vous aurez raison.<\/div>\n<div class=\"mdjComplements\"><a href=\"http:\/\/www.ouest-france.fr\/remaniement-une-passation-sobre-et-valls-sest-installe-matignon-2074981\">&lt;Ici un article d&rsquo;Ouest-France qui parle de la passation&gt;<\/a><\/div>\n<div class=\"mdjComplements\">Le mot du jour va s&rsquo;interrompre quelques jours.<\/div>\n<div class=\"mdjComplements\">La semaine prochaine je vais de nouveau b\u00e9n\u00e9ficier d&rsquo;un stage \u00e0 Nevers.<\/div>\n<div class=\"mdjComplements\">Le prochain mot du jour est pr\u00e9vu pour le Lundi 14 avril.<\/div>\n<div class=\"mdjComplements\">A bient\u00f4t<\/div>\n","protected":false},"excerpt":{"rendered":"<p>Vendredi 04\/04\/2014 \u00ab Gouverner c&rsquo;est choisir \u00bb Mend\u00e8s-France C&rsquo;est une citation bien connue que je rappelle ici. Mais son actualit\u00e9 vient du fait que lors de la passation de pouvoir \u00e0 Matignon, l&rsquo;ancien maire de Nantes et l&rsquo;ancien maire d&rsquo;Evry<\/p>\n","protected":false},"author":1,"featured_media":0,"comment_status":"closed","ping_status":"closed","sticky":false,"template":"","format":"standard","meta":{"footnotes":""},"categories":[1],"tags":[],"class_list":["post-666","post","type-post","status-publish","format-standard","hentry","category-motdujour"],"_links":{"self":[{"href":"https:\/\/lemotdujour.fr\/index.php?rest_route=\/wp\/v2\/posts\/666","targetHints":{"allow":["GET"]}}],"collection":[{"href":"https:\/\/lemotdujour.fr\/index.php?rest_route=\/wp\/v2\/posts"}],"about":[{"href":"https:\/\/lemotdujour.fr\/index.php?rest_route=\/wp\/v2\/types\/post"}],"author":[{"embeddable":true,"href":"https:\/\/lemotdujour.fr\/index.php?rest_route=\/wp\/v2\/users\/1"}],"replies":[{"embeddable":true,"href":"https:\/\/lemotdujour.fr\/index.php?rest_route=%2Fwp%2Fv2%2Fcomments&post=666"}],"version-history":[{"count":1,"href":"https:\/\/lemotdujour.fr\/index.php?rest_route=\/wp\/v2\/posts\/666\/revisions"}],"predecessor-version":[{"id":667,"href":"https:\/\/lemotdujour.fr\/index.php?rest_route=\/wp\/v2\/posts\/666\/revisions\/667"}],"wp:attachment":[{"href":"https:\/\/lemotdujour.fr\/index.php?rest_route=%2Fwp%2Fv2%2Fmedia&parent=666"}],"wp:term":[{"taxonomy":"category","embeddable":true,"href":"https:\/\/lemotdujour.fr\/index.php?rest_route=%2Fwp%2Fv2%2Fcategories&post=666"},{"taxonomy":"post_tag","embeddable":true,"href":"https:\/\/lemotdujour.fr\/index.php?rest_route=%2Fwp%2Fv2%2Ftags&post=666"}],"curies":[{"name":"wp","href":"https:\/\/api.w.org\/{rel}","templated":true}]}}