{"id":6636,"date":"2019-04-29T02:46:44","date_gmt":"2019-04-29T00:46:44","guid":{"rendered":"http:\/\/lemotdujour.fr\/?p=6636"},"modified":"2020-11-15T16:37:09","modified_gmt":"2020-11-15T15:37:09","slug":"lundi-29-avril-2019","status":"publish","type":"post","link":"https:\/\/lemotdujour.fr\/?p=6636","title":{"rendered":"Lundi 29 avril 2019"},"content":{"rendered":"<div class=\"mdjTexte\">\t\u00ab&nbsp;Naissance d\u2019une nation multiple et divis\u00e9e&nbsp;\u00bb<\/div>\n<div class=\"mdjAuteur\">\tJ\u00e9r\u00f4me Fourquet<\/div>\n<p><span style=\"color: #777777; font-family: Arial;\">Si vous \u00e9coutez les \u00e9missions politiques actuellement, \u00e0 un moment de la discussion il sera question de \u00ab&nbsp;<strong>L&rsquo;archipel fran\u00e7ais<\/strong>&nbsp;\u00bb de J\u00e9r\u00f4me Fourquet. Il semblerait que c&rsquo;est le livre qu&rsquo;il faut lire.<br \/>\n<\/span><\/p>\n<p><span style=\"color: #777777; font-family: Arial;\">J&rsquo;ai choisi pour exergue de ce mot, le sous-titre du livre&nbsp;: \u00ab&nbsp;<strong>Naissance d&rsquo;une nation multiple et divis\u00e9e<\/strong>.&nbsp;\u00bb<br \/>\n<\/span><\/p>\n<p><img loading=\"lazy\" decoding=\"async\" class=\"alignleft\" src=\"https:\/\/lemotdujour.fr\/wp-content\/uploads\/2019\/04\/042819_1846_Lundi29avri1.jpg\" alt=\"\" width=\"215\" height=\"338\" align=\"left\"><span style=\"color: #777777; font-family: Arial;\">Dans sa longue et s\u00e9v\u00e8re diatribe contre le livre des jeunes conseillers d&rsquo;Emmanuel Macron \u00ab&nbsp;Le progr\u00e8s ne tombe pas du ciel&nbsp;\u00bb, Jean-Louis Bourlanges l&rsquo;a aussi cit\u00e9&nbsp;:<br \/>\n<\/span><\/p>\n<p><span style=\"color: #c00000; font-family: Arial;\">\u00ab&nbsp;Ensuite, c&rsquo;est un livre erron\u00e9 sur les priorit\u00e9s. On pense tout de suite au livre de J\u00e9r\u00f4me Fourquet, pour qui le probl\u00e8me fran\u00e7ais est celui d&rsquo;une fragmentation du corps social&nbsp;\u00bb<br \/>\n<\/span><\/p>\n<p><span style=\"color: #777777; font-family: Arial;\">Pour aborder ce livre avec des id\u00e9es simples et solides, il faut en revenir aux textes fondamentaux, \u00e0 savoir l&rsquo;article 1<sup>er<\/sup> de la Constitution fran\u00e7aise en son d\u00e9but&nbsp;:<br \/>\n<\/span><\/p>\n<p style=\"margin-left: 28pt;\"><span style=\"color: #c00000; font-family: Arial;\">\u00ab&nbsp;La France est une R\u00e9publique indivisible&nbsp;\u00bb<br \/>\n<\/span><\/p>\n<p><span style=\"color: #777777; font-family: Arial;\">C&rsquo;est cela notre r\u00e9cit, la France est <strong>Une<\/strong> et <strong>Indivisible<\/strong>. Et on devient fran\u00e7ais par assimilation, on int\u00e8gre en tant qu&rsquo;individu la nation fran\u00e7aise dans son unit\u00e9.<br \/>\n<\/span><\/p>\n<p><span style=\"color: #777777; font-family: Arial;\">J\u00e9r\u00f4me Fourquet, pr\u00e9tend que ce r\u00e9cit est de plus en plus \u00e9loign\u00e9 de la r\u00e9alit\u00e9.<br \/>\n<\/span><\/p>\n<p><span style=\"color: #777777; font-family: Arial;\">J\u00e9r\u00f4me Fourquet est directeur du d\u00e9partement Opinion et Strat\u00e9gies d&rsquo;Entreprise de l&rsquo;institut de sondages IFOP depuis 2011 et il vient donc de r\u00e9diger et publier ce livre qui a obtenu le \u00ab&nbsp;<a href=\"https:\/\/www.publicsenat.fr\/article\/politique\/jerome-fourquet-laureat-du-prix-2019-du-livre-politique-139735\"><span style=\"color: #0000ff;\">prix 2019 du Livre Politique<\/span><\/a><span style=\"color: #0000ff;\">&nbsp;<\/span>\u00bb<br \/>\n<\/span><\/p>\n<p><span style=\"color: #777777; font-family: Arial;\">Pour ma part, j&rsquo;ai entendu l&rsquo;auteur parler de son livre lors de 3 \u00e9missions&nbsp;:<br \/>\n<\/span><\/p>\n<ul>\n<li><span style=\"color: #777777; font-family: Arial;\">D&rsquo;abord le jeudi 7 mars 2019, lorsqu&rsquo;il \u00e9tait l&rsquo;invit\u00e9 de Nicolas Demorand et Alexandra Bensaid&nbsp;: \u00ab<span style=\"color: #0000ff;\">&nbsp;<a style=\"color: #0000ff;\" href=\"https:\/\/www.franceinter.fr\/emissions\/l-invite-de-8h20-le-grand-entretien\/l-invite-de-8h20-le-grand-entretien-07-mars-2019\">L&rsquo;enjeu des ann\u00e9es \u00e0 venir sera de trouver la coh\u00e9sion d&rsquo;une France fragment\u00e9e&nbsp;<\/a><\/span>\u00bb<br \/>\n<\/span><\/li>\n<li><span style=\"color: #777777; font-family: Arial;\">Puis dans l&rsquo;\u00e9mission du 6 avril 2019 d&rsquo;Ali Baddou : \u00ab<span style=\"color: #0000ff;\">&nbsp;<a style=\"color: #0000ff;\" href=\"https:\/\/www.franceinter.fr\/emissions\/le-grand-face-a-face\/le-grand-face-a-face-06-avril-2019\">Le Grand Face-\u00e0-face&nbsp;<\/a><\/span>\u00bb<br \/>\n<\/span><\/li>\n<li><span style=\"color: #777777; font-family: Arial;\">Et apr\u00e8s ces deux \u00e9missions de France Inter, il fut l&rsquo;invit\u00e9 des \u00ab&nbsp;<a href=\"https:\/\/www.franceculture.fr\/emissions\/linvite-des-matins\/apres-le-grand-debat-petites-ou-grandes-reformes-0\"><span style=\"color: #0000ff;\">Matins de France Culture<\/span>&nbsp;<\/a>\u00bb de Guillaume Erner du 23 avril.<br \/>\n<\/span><\/li>\n<\/ul>\n<p><span style=\"color: #777777; font-family: Arial;\">Il a \u00e9galement \u00e9t\u00e9 re\u00e7u par l&rsquo;\u00e9mission<span style=\"color: #0000ff;\"> <a style=\"color: #0000ff;\" href=\"https:\/\/www.youtube.com\/watch?v=tfp_qVTLgx4\">C Politique<\/a><\/span> du 7 avril 2019<strong>.<\/strong><br \/>\n<\/span><\/p>\n<p><span style=\"color: #777777; font-family: Arial;\">Le terme \u00ab&nbsp;<strong>archipel<\/strong>&nbsp;\u00bb, correspond \u00e0 un sch\u00e9ma qui s&rsquo;impose peu \u00e0 peu d&rsquo;une \u00ab&nbsp;<strong>s\u00e9paration&nbsp;<\/strong>\u00bb, d&rsquo;\u00eeles fragment\u00e9es avec plusieurs lignes de clivage.<br \/>\n<\/span><\/p>\n<p><span style=\"color: #777777; font-family: Arial;\">J\u00e9r\u00f4me Fourquet dit ainsi&nbsp;:<br \/>\n<\/span><\/p>\n<p style=\"margin-left: 28pt;\"><span style=\"color: #c00000; font-family: Arial;\">\u00ab&nbsp;On peut parler d&rsquo;une vaste \u00eele populaire qui peut s&rsquo;illustrer dans un certain nombre de territoires par un vote massif pour le front national et qui a rejailli plus r\u00e9cemment avec le mouvement des \u00ab&nbsp;Gilets jaunes&nbsp;\u00bb.<br \/>\n<\/span><\/p>\n<p style=\"margin-left: 28pt;\"><span style=\"color: #c00000; font-family: Arial;\">Il y aussi toute une analyse sur une s\u00e9cession des \u00e9lites avec un regroupement dans le grand centre urbain, la m\u00e9tropole parisienne par exemple mais aussi un certain nombre de villes de province.<br \/>\n<\/span><\/p>\n<p style=\"margin-left: 28pt;\"><span style=\"color: #c00000; font-family: Arial;\">On peut \u00e9galement \u00e9voquer un certain nombre de tropismes r\u00e9gionalismes et on pense l\u00e0 \u00e0 la Corse, o\u00f9 un vote nationaliste est aujourd&rsquo;hui majoritaire sur l&rsquo;\u00eele de beaut\u00e9. On a d&rsquo;autres formes de fragmentations, avec ce ph\u00e9nom\u00e8ne que l&rsquo;on conna\u00eet maintenant depuis une quarantaine d&rsquo;ann\u00e9es qui est celui d&rsquo;une immigration relativement soutenue et qui a abouti au fait que nous sommes dans une soci\u00e9t\u00e9 qui de facto est h\u00e9t\u00e9rog\u00e8ne sur le plan socio-culturel.&nbsp; [\u2026] On est en rupture par rapport \u00e0 l&rsquo;histoire de longue dur\u00e9e de la soci\u00e9t\u00e9 fran\u00e7aise\u00bb<br \/>\n<\/span><\/p>\n<p><span style=\"color: #777777; font-family: Arial;\">Dans cette rupture, on assiste au stade terminal de la d\u00e9christianisation en France. Car le catholicisme a \u00e9t\u00e9 un socle fort pour structurer la soci\u00e9t\u00e9 fran\u00e7aise, d&rsquo;abord seul puis en duo lors des combats de la R\u00e9publique avec d&rsquo;un c\u00f4t\u00e9 une \u00ab&nbsp;<strong>soci\u00e9t\u00e9 la\u00efque et r\u00e9publicaine<\/strong>&nbsp;\u00bb et de l&rsquo;autre \u00ab&nbsp;<strong>le monde catholique<\/strong>&nbsp;\u00bb. Il rappelle qu&rsquo;au d\u00e9but des ann\u00e9es 60, on avait 35% des Fran\u00e7ais qui d\u00e9claraient aller \u00e0 la messe tous les dimanches, voire davantage. Aujourd&rsquo;hui, ils sont \u00e0 peine 5 ou 6\u202f%. On peut penser aussi que d&rsquo;ici 25 ans, il n&rsquo;y aura plus de pr\u00eatres en France.<br \/>\n<\/span><\/p>\n<p><span style=\"color: #777777; font-family: Arial;\">Il souligne aussi l&rsquo;\u00e9croulement d&rsquo;un autre pilier de la soci\u00e9t\u00e9 fran\u00e7aise du XX\u00e8me si\u00e8cle&nbsp;: le Parti communiste.&nbsp;:<br \/>\n<\/span><\/p>\n<p style=\"margin-left: 28pt;\"><span style=\"color: #c00000; font-family: Arial;\">\u00ab&nbsp;Un autre socle fort s&rsquo;est aujourd&rsquo;hui att\u00e9nu\u00e9 : celui du corps \u00e9lectoral communiste, notamment le \u00ab&nbsp;communisme municipal&nbsp;\u00bb. De 20 \u00e0 25\u202f% de vote communiste jusque dans les ann\u00e9es 70, aujourd&rsquo;hui ce vote ne structure plus la soci\u00e9t\u00e9 fran\u00e7aise.&nbsp;\u00bb<br \/>\n<\/span><\/p>\n<p><span style=\"color: #777777; font-family: Arial;\">Dans un autre entretien que vous trouverez sur ce <span style=\"color: #0000ff;\"><a style=\"color: #0000ff;\" href=\"https:\/\/www.bvoltaire.fr\/jerome-fourquet-la-france-a-atteint-un-degre-de-dechristianisation-quelle-na-avait-encore-jamais-connu\/\">&lt;site&gt;<\/a><\/span>, il pr\u00e9sente son analyse ainsi&nbsp;:<br \/>\n<\/span><\/p>\n<p style=\"margin-left: 28pt;\"><span style=\"color: #c00000; font-family: Arial;\">\u00ab&nbsp;Ce livre prend naissance dans mon travail quotidien \u00e0 l&rsquo;IFOP ainsi que ma r\u00e9flexion et mon observation de la soci\u00e9t\u00e9 fran\u00e7aise depuis une vingtaine d&rsquo;ann\u00e9es. J&rsquo;ai senti le besoin de mettre tout cela sur papier. Je voulais mettre tous les \u00e9l\u00e9ments du puzzle, que j&rsquo;avais mis de c\u00f4t\u00e9 au fil des ans, en coh\u00e9rence pour dresser un panorama le plus objectif possible de la soci\u00e9t\u00e9 fran\u00e7aise d&rsquo;aujourd&rsquo;hui.<br \/>\n<\/span><\/p>\n<p style=\"margin-left: 28pt;\"><span style=\"color: #c00000; font-family: Arial;\">Le constat apparu est celui d&rsquo;une fragmentation sans pr\u00e9c\u00e9dent de la soci\u00e9t\u00e9 fran\u00e7aise sur des logiques \u00e9conomiques et territoriales. En reprenant et en affinant les tests de Christophe Guilluy, on s&rsquo;aper\u00e7oit d&rsquo;une fragmentation multiple.<br \/>\n<\/span><\/p>\n<p style=\"margin-left: 28pt;\"><span style=\"color: #c00000; font-family: Arial;\">Une fragmentation \u00e9ducative et culturelle, avec une stratification de plus en plus accrue de la soci\u00e9t\u00e9 fran\u00e7aise sur le niveau scolaire.<br \/>\n<\/span><\/p>\n<p style=\"margin-left: 28pt;\"><span style=\"color: #c00000; font-family: Arial;\">Une fragmentation id\u00e9ologique et affinitaire sur certains modes de vie. [\u2026]<br \/>\n<\/span><\/p>\n<p style=\"margin-left: 28pt;\"><span style=\"color: #c00000; font-family: Arial;\">Et pour finir, une fragmentation ethnoculturelle avec le ph\u00e9nom\u00e8ne majeur de l&rsquo;immigration de ces derni\u00e8res d\u00e9cennies.<br \/>\n<\/span><\/p>\n<p style=\"margin-left: 28pt;\"><span style=\"color: #c00000; font-family: Arial;\">Ce ph\u00e9nom\u00e8ne a modifi\u00e9, avec d&rsquo;autres facteurs, la physionomie de la soci\u00e9t\u00e9 fran\u00e7aise. Au terme de cette vague d&rsquo;investigations, l&rsquo;image qui nous est venue \u00e0 l&rsquo;esprit est celle de l&rsquo;archipel. D&rsquo;o\u00f9 le fait de parler d&rsquo;archipellisation dans cet ouvrage. C&rsquo;est une forme de fragmentation assez massive.<br \/>\n<\/span><\/p>\n<p style=\"margin-left: 28pt;\"><span style=\"color: #c00000; font-family: Arial;\">Il ne s&rsquo;agit pas de mythifier un \u00e2ge d&rsquo;or, qui n&rsquo;a jamais exist\u00e9, d&rsquo;une France totalement homog\u00e8ne et sans aucune fracture ni conflit. Mais de faire le constat d&rsquo;un degr\u00e9 de fragmentation que la France n&rsquo;a sans doute jamais connu par le pass\u00e9.&nbsp;\u00bb<br \/>\n<\/span><\/p>\n<p><span style=\"color: #777777; font-family: Arial;\">Le journal \u00ab&nbsp;<strong>Les Echos<\/strong>&nbsp;\u00bb l&rsquo;a \u00e9galement interrog\u00e9&nbsp;: \u00ab <span style=\"color: #0000ff;\"><a style=\"color: #0000ff;\" href=\"https:\/\/www.lesechos.fr\/politique-societe\/societe\/jerome-fourquet-la-fragmentation-de-la-societe-francaise-est-sans-precedent-1000766\">La fragmentation de la soci\u00e9t\u00e9 fran\u00e7aise est sans pr\u00e9c\u00e9dent<\/a><\/span> \u00bb et l&rsquo;a notamment interrog\u00e9 sur ce que r\u00e9v\u00e8lent les \u00ab gilets jaunes \u00bb&nbsp;:<br \/>\n<\/span><\/p>\n<p style=\"margin-left: 28pt;\"><span style=\"color: #c00000; font-family: Arial;\">\u00ab&nbsp;Une fragmentation multiple de la soci\u00e9t\u00e9 fran\u00e7aise. D&rsquo;abord sociale, avec des cat\u00e9gories modestes assez repr\u00e9sent\u00e9es dans le mouvement alors que les personnes plus ais\u00e9es le regardaient avec distance, voire condescendance.<br \/>\n<\/span><\/p>\n<p style=\"margin-left: 28pt;\"><span style=\"color: #c00000; font-family: Arial;\">Une fracture territoriale ensuite, qui se double d&rsquo;un clivage sur les modes de vie. Le d\u00e9clencheur de cette crise a \u00e9t\u00e9 la hausse des taxes sur les carburants, et la France qui s&rsquo;est mobilis\u00e9e est celle des ronds-points, de l&rsquo;\u00e9talement urbain, la France de la voiture. En face, on retrouve les gens pour qui la voiture n&rsquo;est plus centrale. La fracture est aussi celle de la France dipl\u00f4m\u00e9e, qui a regard\u00e9 de tr\u00e8s loin ce mouvement anim\u00e9 par des gens moins \u00e9duqu\u00e9s.<br \/>\n<\/span><\/p>\n<p style=\"margin-left: 28pt;\"><span style=\"color: #c00000; font-family: Arial;\">Enfin, derni\u00e8re fracture, on a vu que la tentative de la gauche de la gauche d&rsquo;op\u00e9rer une jonction entre les \u00ab gilets jaunes \u00bb et le mouvement syndical et la France des banlieues a \u00e9chou\u00e9.<br \/>\n<\/span><\/p>\n<p style=\"margin-left: 28pt;\"><span style=\"color: #c00000; font-family: Arial;\">La France qui s&rsquo;est mobilis\u00e9e est celle du travail, qui a peur du d\u00e9crochage. Alors que les habitants des banlieues, pour une partie significative, vivent avec des aides sociales. Enfin, les gens des banlieues ne se sont pas reconnus dans les visages et les slogans des \u00ab gilets jaunes \u00bb.&nbsp;\u00bb<br \/>\n<\/span><\/p>\n<p><span style=\"color: #777777; font-family: Arial;\">Et il utilise le terme de \u00ab&nbsp;<strong>moyennisation&nbsp;<\/strong>\u00bb pour expliquer que la classe moyenne qui avait progress\u00e9 dans la premi\u00e8re moiti\u00e9 du 20<sup>\u00e8me<\/sup> si\u00e8cle se trouve confronter \u00e0 une crise&nbsp;:<br \/>\n<\/span><\/p>\n<p style=\"margin-left: 28pt;\"><span style=\"color: #c00000; font-family: Arial;\">\u00ab&nbsp;On peut aussi y voir les premiers sympt\u00f4mes de la fin de la \u00ab moyennisation \u00bb de la soci\u00e9t\u00e9 fran\u00e7aise. Pendant les Trente Glorieuses et apr\u00e8s, moins puissamment, toute une partie des cat\u00e9gories populaires et des petites classes moyennes, ouvriers et employ\u00e9s, se sont arrim\u00e9es pleinement \u00e0 la soci\u00e9t\u00e9 fran\u00e7aise, notamment par le prisme de la consommation. Ils pouvaient se doter d&rsquo;un \u00e9quipement pour leur foyer cochant toutes les cases du standard minimum exig\u00e9, c&rsquo;est-\u00e0-dire une voiture, de l&rsquo;\u00e9lectrom\u00e9nager, l&rsquo;acc\u00e8s aux loisirs et aux vacances et \u00e0 horizon d&rsquo;une vie, envisager l&rsquo;accession \u00e0 la propri\u00e9t\u00e9.<br \/>\n<\/span><\/p>\n<p style=\"margin-left: 28pt;\"><span style=\"color: #c00000; font-family: Arial;\">La moyennisation s&rsquo;est aussi caract\u00e9ris\u00e9e par le r\u00e8gne de l&rsquo;hypermarch\u00e9, o\u00f9 tout le monde allait faire ses courses. Tout le monde ne met pas la m\u00eame chose dans son Caddie, mais tous se fournissent dans un m\u00eame lieu.<br \/>\n<\/span><\/p>\n<p style=\"margin-left: 28pt;\"><span style=\"color: #c00000; font-family: Arial;\">[\u2026] La d\u00e9sindustrialisation massive du pays a abouti \u00e0 une d\u00e9gradation de la qualit\u00e9 des emplois, et parall\u00e8lement le niveau du standard de vie \u00e9rig\u00e9 en \u00ab basique \u00bb par la soci\u00e9t\u00e9 de consommation s&rsquo;est consid\u00e9rablement \u00e9lev\u00e9. [\u2026]<br \/>\n<\/span><\/p>\n<p style=\"margin-left: 28pt;\"><span style=\"color: #c00000; font-family: Arial;\">Par exemple, avec l&rsquo;\u00e9quipement de tous les membres du foyer en smartphones. Les mod\u00e8les pr\u00e9sent\u00e9s dans certaines \u00e9missions de t\u00e9l\u00e9vision pour l&rsquo;\u00e9quipement de la maison co\u00fbtent tr\u00e8s cher et deviennent hors de port\u00e9e pour toute une partie de la population. Le fait de ne pas pouvoir acc\u00e9der \u00e0 cela, alors m\u00eame que les deux conjoints travaillent dans le couple, est v\u00e9cu comme le d\u00e9but d&rsquo;un d\u00e9classement voire d&rsquo;une d\u00e9ch\u00e9ance.<br \/>\n<\/span><\/p>\n<p style=\"margin-left: 28pt;\"><span style=\"color: #c00000; font-family: Arial;\">Les \u00ab gilets jaunes \u00bb disent souvent qu&rsquo;ils n&rsquo;ont plus rien le 15 du mois, ou qu&rsquo;ils ne peuvent plus se faire un petit \u00ab extra \u00bb. Ils se demandent ce qui s&rsquo;est pass\u00e9. Ils se retournent alors contre les taxes, ce qui confirme que la question des pr\u00e9l\u00e8vements obligatoires est centrale m\u00eame s&rsquo;il faut aussi y voir les pr\u00e9mices de la fin de cette moyennisation. Elle va s&rsquo;amplifier dans le temps.<br \/>\n<\/span><\/p>\n<p style=\"margin-left: 28pt;\"><span style=\"color: #c00000; font-family: Arial;\">On peut faire le lien avec la paup\u00e9risation de la classe moyenne blanche am\u00e9ricaine, qui a abouti \u00e0 l&rsquo;\u00e9lection de Trump. Les Am\u00e9ricains ont de l&rsquo;avance, mais nous sommes confront\u00e9s au m\u00eame m\u00e9canisme.&nbsp;\u00bb<br \/>\n<\/span><\/p>\n<p><span style=\"color: #777777; font-family: Arial;\">La solution se trouve bien s\u00fbr dans un nouveau r\u00e9cit, un projet commun. J\u00e9r\u00f4me Fourquet cite le d\u00e9fi climatique comme possible ciment d&rsquo;une telle ambition&nbsp;:<br \/>\n<\/span><\/p>\n<p style=\"margin-left: 28pt;\"><span style=\"color: #c00000; font-family: Arial;\">\u00ab&nbsp;Est-ce que la mobilisation autour de l&rsquo;urgence climatique et de la transformation en profondeur de la soci\u00e9t\u00e9 peut jouer ce r\u00f4le-l\u00e0 \u00e0 l&rsquo;avenir ? Il est un peu t\u00f4t pour le dire. On voit bien que les responsables politiques, au premier rang desquels Emmanuel Macron, sont tr\u00e8s conscients de cette fragmentation et cherchent \u00e0 s&rsquo;appuyer sur tous les \u00e9v\u00e9nements tragiques ou heureux pour essayer de recr\u00e9er du commun. [\u2026]<br \/>\n<\/span><\/p>\n<p style=\"margin-left: 28pt;\"><span style=\"color: #c00000; font-family: Arial;\">Quand on regarde historiquement, le catholicisme et le communisme avaient en commun d&rsquo;offrir une transcendance, un horizon positif qui vaut la peine de lutter, de se sacrifier pour lui.<br \/>\n<\/span><\/p>\n<p style=\"margin-left: 28pt;\"><span style=\"color: #c00000; font-family: Arial;\">Dans une soci\u00e9t\u00e9 de consommation et d&rsquo;individualisme, on touche du doigt le d\u00e9ficit de transcendance qui permettait l&rsquo;agr\u00e9gation d&rsquo;un certain nombre de groupes dans une perspective commune.<br \/>\n<\/span><\/p>\n<p style=\"margin-left: 28pt;\"><span style=\"color: #c00000; font-family: Arial;\">L&rsquo;\u00e9cologie peut-elle jouer ce r\u00f4le, ce ciment pour laisser une plan\u00e8te \u00e0 nos petits-enfants ?&nbsp;\u00bb<br \/>\n<\/span><\/p>\n<p><span style=\"color: #777777; font-family: Arial;\">Encore faudrait-il que chacun soit convaincu de l&rsquo;urgence climatique\u2026<br \/>\n<\/span><\/p>\n<p><span style=\"color: maroon; font-family: Arial;\">&lt;1233&gt;<\/span><\/p>\n","protected":false},"excerpt":{"rendered":"<p>\u00ab&nbsp;Naissance d\u2019une nation multiple et divis\u00e9e&nbsp;\u00bb J\u00e9r\u00f4me Fourquet Si vous \u00e9coutez les \u00e9missions politiques actuellement, \u00e0 un moment de la discussion il sera question de \u00ab&nbsp;L&rsquo;archipel fran\u00e7ais&nbsp;\u00bb de J\u00e9r\u00f4me Fourquet. Il semblerait que c&rsquo;est le livre qu&rsquo;il faut lire. J&rsquo;ai<\/p>\n","protected":false},"author":1,"featured_media":0,"comment_status":"open","ping_status":"closed","sticky":false,"template":"","format":"standard","meta":{"footnotes":""},"categories":[1],"tags":[15,3,11],"class_list":["post-6636","post","type-post","status-publish","format-standard","hentry","category-motdujour","tag-france","tag-politique","tag-sociologie"],"_links":{"self":[{"href":"https:\/\/lemotdujour.fr\/index.php?rest_route=\/wp\/v2\/posts\/6636","targetHints":{"allow":["GET"]}}],"collection":[{"href":"https:\/\/lemotdujour.fr\/index.php?rest_route=\/wp\/v2\/posts"}],"about":[{"href":"https:\/\/lemotdujour.fr\/index.php?rest_route=\/wp\/v2\/types\/post"}],"author":[{"embeddable":true,"href":"https:\/\/lemotdujour.fr\/index.php?rest_route=\/wp\/v2\/users\/1"}],"replies":[{"embeddable":true,"href":"https:\/\/lemotdujour.fr\/index.php?rest_route=%2Fwp%2Fv2%2Fcomments&post=6636"}],"version-history":[{"count":7,"href":"https:\/\/lemotdujour.fr\/index.php?rest_route=\/wp\/v2\/posts\/6636\/revisions"}],"predecessor-version":[{"id":10107,"href":"https:\/\/lemotdujour.fr\/index.php?rest_route=\/wp\/v2\/posts\/6636\/revisions\/10107"}],"wp:attachment":[{"href":"https:\/\/lemotdujour.fr\/index.php?rest_route=%2Fwp%2Fv2%2Fmedia&parent=6636"}],"wp:term":[{"taxonomy":"category","embeddable":true,"href":"https:\/\/lemotdujour.fr\/index.php?rest_route=%2Fwp%2Fv2%2Fcategories&post=6636"},{"taxonomy":"post_tag","embeddable":true,"href":"https:\/\/lemotdujour.fr\/index.php?rest_route=%2Fwp%2Fv2%2Ftags&post=6636"}],"curies":[{"name":"wp","href":"https:\/\/api.w.org\/{rel}","templated":true}]}}