{"id":662,"date":"2014-04-02T02:00:00","date_gmt":"2014-04-01T22:00:00","guid":{"rendered":"http:\/\/lemotdujour.fr\/?p=662"},"modified":"2017-05-08T13:21:32","modified_gmt":"2017-05-08T11:21:32","slug":"mercredi-02042014","status":"publish","type":"post","link":"https:\/\/lemotdujour.fr\/?p=662","title":{"rendered":"Mercredi 02\/04\/2014"},"content":{"rendered":"<div class=\"mdjDate\">Mercredi 02\/04\/2014<\/div>\n<div class=\"mdjTexte\">\u00ab\u00a0L&rsquo;ordonnance de Villers-Cotter\u00eats\u00a0\u00bb<\/div>\n<div class=\"mdjAuteur\">Fran\u00e7ois Ier<\/div>\n<div class=\"mdjComplements\">L&rsquo;ordonnance de Villers-Cotter\u00eats, en 1539, texte l\u00e9gislatif \u00e9dict\u00e9 par Fran\u00e7ois Ier, fit du fran\u00e7ais la langue nationale, celle qui allait \u00eatre employ\u00e9e dans tous les textes officiels, \u00e0 la place du latin, la langue de la communaut\u00e9 universitaire internationale. Il s&rsquo;agissait, en promouvant le fran\u00e7ais, d&rsquo;obliger les juges \u00e0 rendre des d\u00e9cisions plus intelligibles, donc plus accessibles \u00e0 tous.<\/div>\n<div class=\"mdjComplements\">Ce texte, l&rsquo;un des plus anciens encore en vigueur aujourd&rsquo;hui, et fondateur de l&rsquo;Etat civil, imposait<\/div>\n<div class=\"mdjCiter\">(article 110) : \u00abQue les arr\u00eats soient clairs et compr\u00e9hensibles, et afin qu&rsquo;il n&rsquo;y ait pas de raison de douter sur le sens de ces arr\u00eats, nous voulons et ordonnons qu&rsquo;ils soient faits et \u00e9crits si clairement qu&rsquo;il ne puisse y avoir aucune ambigu\u00eft\u00e9 ou incertitude, ni de raison d&rsquo;en demander une explication.\u00bb<\/div>\n<div class=\"mdjCiter\">Surtout (art 111) : \u00abDe dire et faire tous les actes en langue fran\u00e7aise. Et parce que de telles choses sont arriv\u00e9es tr\u00e8s souvent, \u00e0 propos de la [mauvaise] compr\u00e9hension des mots latins utilis\u00e9s dans les arr\u00eats, nous voulons que dor\u00e9navant tous les arr\u00eats et autres proc\u00e9dures, que ce soit de nos cours souveraines ou autres, subalternes et inf\u00e9rieures, ou que ce soit sur les registres, enqu\u00eates, contrats, commissions, sentences, testaments et tous les autres actes et exploits de justice ou de droit, <strong>que tous ces actes soient dits, \u00e9crits et donn\u00e9s aux parties en langue maternelle fran\u00e7aise, et pas autrement<\/strong>.)\u00bb<\/div>\n<div class=\"mdjComplements\">Pourquoi parler de Villers-Cotter\u00eats aujourd&rsquo;hui ?<\/div>\n<div class=\"mdjComplements\">Parce que c&rsquo;est une des villes qui a \u00e9t\u00e9 remport\u00e9e dimanche dernier par un candidat du Front national. Elle devient ainsi la premi\u00e8re ville frontiste de Picardie.<\/div>\n<div class=\"mdjComplements\">Cette ville a \u00e9galement vu na\u00eetre Alexandre Dumas p\u00e8re.<\/div>\n<div class=\"mdjComplements\"><a href=\"http:\/\/fr.wikipedia.org\/wiki\/Ordonnance_de_Villers-Cotter%C3%AAts\">&lt;Ici l&rsquo;article de Wikipedia sur cette ordonnance historique&gt;<\/a><\/div>\n<div class=\"mdjComplements\">En rappelant que l&rsquo;Histoire est toujours au coin de l&rsquo;actualit\u00e9&#8230;<\/div>\n","protected":false},"excerpt":{"rendered":"<p>Mercredi 02\/04\/2014 \u00ab\u00a0L&rsquo;ordonnance de Villers-Cotter\u00eats\u00a0\u00bb Fran\u00e7ois Ier L&rsquo;ordonnance de Villers-Cotter\u00eats, en 1539, texte l\u00e9gislatif \u00e9dict\u00e9 par Fran\u00e7ois Ier, fit du fran\u00e7ais la langue nationale, celle qui allait \u00eatre employ\u00e9e dans tous les textes officiels, \u00e0 la place du latin, la<\/p>\n","protected":false},"author":1,"featured_media":0,"comment_status":"closed","ping_status":"closed","sticky":false,"template":"","format":"standard","meta":{"footnotes":""},"categories":[1],"tags":[],"class_list":["post-662","post","type-post","status-publish","format-standard","hentry","category-motdujour"],"_links":{"self":[{"href":"https:\/\/lemotdujour.fr\/index.php?rest_route=\/wp\/v2\/posts\/662","targetHints":{"allow":["GET"]}}],"collection":[{"href":"https:\/\/lemotdujour.fr\/index.php?rest_route=\/wp\/v2\/posts"}],"about":[{"href":"https:\/\/lemotdujour.fr\/index.php?rest_route=\/wp\/v2\/types\/post"}],"author":[{"embeddable":true,"href":"https:\/\/lemotdujour.fr\/index.php?rest_route=\/wp\/v2\/users\/1"}],"replies":[{"embeddable":true,"href":"https:\/\/lemotdujour.fr\/index.php?rest_route=%2Fwp%2Fv2%2Fcomments&post=662"}],"version-history":[{"count":1,"href":"https:\/\/lemotdujour.fr\/index.php?rest_route=\/wp\/v2\/posts\/662\/revisions"}],"predecessor-version":[{"id":663,"href":"https:\/\/lemotdujour.fr\/index.php?rest_route=\/wp\/v2\/posts\/662\/revisions\/663"}],"wp:attachment":[{"href":"https:\/\/lemotdujour.fr\/index.php?rest_route=%2Fwp%2Fv2%2Fmedia&parent=662"}],"wp:term":[{"taxonomy":"category","embeddable":true,"href":"https:\/\/lemotdujour.fr\/index.php?rest_route=%2Fwp%2Fv2%2Fcategories&post=662"},{"taxonomy":"post_tag","embeddable":true,"href":"https:\/\/lemotdujour.fr\/index.php?rest_route=%2Fwp%2Fv2%2Ftags&post=662"}],"curies":[{"name":"wp","href":"https:\/\/api.w.org\/{rel}","templated":true}]}}