{"id":6610,"date":"2019-04-24T03:23:24","date_gmt":"2019-04-24T01:23:24","guid":{"rendered":"http:\/\/lemotdujour.fr\/?p=6610"},"modified":"2020-11-15T16:48:25","modified_gmt":"2020-11-15T15:48:25","slug":"mercredi-24-avril-2019","status":"publish","type":"post","link":"https:\/\/lemotdujour.fr\/?p=6610","title":{"rendered":"Mercredi 24 avril 2019"},"content":{"rendered":"<div class=\"mdjTexte\">\t\u00ab&nbsp;La cath\u00e9drale de Strasbourg est la plus belle des cath\u00e9drales&nbsp;\u00bb<\/div>\n<div class=\"mdjAuteur\">\tPierre Nora<\/div>\n<p><span style=\"color: #777777; font-family: Arial;\">Certains ont \u00e9t\u00e9 surpris par l&rsquo;\u00e9lan d&rsquo;\u00e9motion et aussi de dons qui se sont dirig\u00e9s vers Notre-Dame de Paris apr\u00e8s son incendie. Plus qu&rsquo;une \u00c9glise, plus qu&rsquo;un lieu de culte catholique il s&rsquo;agit d&rsquo;un symbole national, \u00e0 la fois religieux, r\u00e9publicain et populaire.<br \/>\n<\/span><\/p>\n<p><span style=\"color: #777777; font-family: Arial;\">Beaucoup d&rsquo;\u00e9missions ont \u00e9t\u00e9 consacr\u00e9es \u00e0 ce sujet.<br \/>\n<\/span><\/p>\n<p><span style=\"color: #777777; font-family: Arial;\">Ainsi Herv\u00e9 Gardette avait invit\u00e9 pour son \u00e9mission du 20 avril, l&rsquo;historien Nicolas Offenstadt pour parler de cette dimension symbolique&nbsp;: \u00ab&nbsp;<a href=\"https:\/\/www.franceculture.fr\/emissions\/politique\/aux-vieilles-pierres-la-patrie-reconnaissante\"><span style=\"color: #0000ff;\">Aux vieilles pierres la patrie reconnaissante<\/span>&nbsp;<\/a>\u00bb .<br \/>\n<\/span><\/p>\n<p><img decoding=\"async\" class=\"alignleft\" src=\"https:\/\/lemotdujour.fr\/wp-content\/uploads\/2019\/04\/042319_2120_Mercredi24a1.jpg\" alt=\"\" align=\"left\"><span style=\"color: #777777; font-family: Arial;\">Et Ali Baddou a invit\u00e9 le m\u00eame jour le grand historien Pierre Nora, inventeur du concept des \u00ab&nbsp;<a href=\"https:\/\/fr.wikipedia.org\/wiki\/Lieu_de_m%C3%A9moire\"><span style=\"color: #0000ff;\">Lieux de M\u00e9moire<\/span>&nbsp;<\/a>\u00bb.<br \/>\n<\/span><\/p>\n<p><span style=\"color: #777777; font-family: Arial;\">L&rsquo;essentiel de ses travaux a \u00e9t\u00e9 consacr\u00e9 au \u00ab sentiment national \u00bb et \u00e0 sa composante m\u00e9morielle.<br \/>\n<\/span><\/p>\n<p><a href=\"https:\/\/www.franceinter.fr\/emissions\/le-grand-face-a-face\/le-grand-face-a-face-20-avril-2019\"><span style=\"font-family: Arial;\"><span style=\"color: #0000ff;\">&lt;Cette \u00e9mission&gt;<\/span><\/span><\/a><span style=\"color: #777777; font-family: Arial;\"> \u00e9tait donc particuli\u00e8rement int\u00e9ressante et les \u00e9changes de grande qualit\u00e9 et je vous invite \u00e0 l&rsquo;\u00e9couter.<br \/>\n<\/span><\/p>\n<p><span style=\"color: #777777; font-family: Arial;\">Pour ma part, je vais aujourd&rsquo;hui \u00e9crire \u00e0 l&rsquo;\u00e9conomie et ne pas tenter de faire une synth\u00e8se ou un r\u00e9sum\u00e9 des propos \u00e9chang\u00e9s.<br \/>\n<\/span><\/p>\n<p><span style=\"color: #777777; font-family: Arial;\">Mais taquin, je vais me concentrer sur un tr\u00e8s court extrait dans lequel Pierre Nora a exprim\u00e9 un avis qui m&rsquo;a enchant\u00e9.<br \/>\n<\/span><\/p>\n<p><span style=\"color: #777777; font-family: Arial;\">Tout en long de l&rsquo;\u00e9mission, il a soulign\u00e9 l&rsquo;importance de Notre Dame de Paris dans le sentiment national et la symbolique qu&rsquo;elle repr\u00e9sente.<br \/>\n<\/span><\/p>\n<p><span style=\"color: #777777; font-family: Arial;\">Mais apr\u00e8s il a dit&nbsp;:<br \/>\n<\/span><\/p>\n<p style=\"margin-left: 28pt;\"><span style=\"color: #c00000; font-family: Arial;\">\u00ab&nbsp;Il y a des cath\u00e9drales qui sont plus belles que Notre Dame de Paris. Chartres est plus belle que Notre Dame de Paris. Et Strasbourg n&rsquo;en parlons pas. Elle est la plus belle des cath\u00e9drales, avec cette dentelle de pierres, c&rsquo;est extraordinaire absolument.&nbsp;\u00bb<br \/>\n<\/span><\/p>\n<p><span style=\"color: #777777; font-family: Arial;\">Je suis \u00e9videmment d&rsquo;accord avec cet avis subjectif, la plus belle c&rsquo;est la cath\u00e9drale de Strasbourg.<br \/>\n<\/span><\/p>\n<p><span style=\"color: #777777; font-family: Arial;\">Et c&rsquo;est un lorrain qui le dit&nbsp;!<br \/>\n<\/span><\/p>\n<p><span style=\"color: #777777; font-family: Arial;\">Il est donc tr\u00e8s probable que c&rsquo;est exact.<br \/>\n<\/span><\/p>\n<p><span style=\"color: #777777; font-family: Arial;\">J&rsquo;ai trouv\u00e9 &lt;<a href=\"https:\/\/www.youtube.com\/watch?time_continue=62&amp;v=iVmopM7_RgE\"><span style=\"color: #0000ff;\">cette vid\u00e9o<\/span><\/a>&gt; qui montre la cath\u00e9drale de Strasbourg film\u00e9 par un drone.<br \/>\n<\/span><\/p>\n<p><span style=\"color: #777777; font-family: Arial;\">Et &lt;<a href=\"https:\/\/www.youtube.com\/watch?v=4zTelcgxbaA\"><span style=\"color: #0000ff;\">Une vid\u00e9o des Racines et des ailes<\/span><\/a>&gt; et encore &lt;<a href=\"https:\/\/www.youtube.com\/watch?v=GQNsmw4gSdk\"><span style=\"color: #0000ff;\">Une autre<\/span><\/a>&gt;<br \/>\n<\/span><\/p>\n<p><span style=\"color: #777777; font-family: Arial;\">C&rsquo;est un chef d&rsquo;\u0153uvre de majest\u00e9 et d&rsquo;\u00e9quilibre.<br \/>\n<\/span><\/p>\n<p><img loading=\"lazy\" decoding=\"async\" class=\"\" src=\"https:\/\/lemotdujour.fr\/wp-content\/uploads\/2019\/04\/042319_2120_Mercredi24a2.jpg\" alt=\"\" width=\"546\" height=\"819\"><span style=\"color: #777777; font-family: Arial;\"><br \/>\n<\/span><\/p>\n<p><span style=\"color: maroon; font-family: Arial;\">&lt;1230&gt;<\/span><\/p>\n","protected":false},"excerpt":{"rendered":"<p>\u00ab&nbsp;La cath\u00e9drale de Strasbourg est la plus belle des cath\u00e9drales&nbsp;\u00bb Pierre Nora Certains ont \u00e9t\u00e9 surpris par l&rsquo;\u00e9lan d&rsquo;\u00e9motion et aussi de dons qui se sont dirig\u00e9s vers Notre-Dame de Paris apr\u00e8s son incendie. Plus qu&rsquo;une \u00c9glise, plus qu&rsquo;un lieu<\/p>\n","protected":false},"author":1,"featured_media":0,"comment_status":"open","ping_status":"closed","sticky":false,"template":"","format":"standard","meta":{"footnotes":""},"categories":[1],"tags":[37,15,17],"class_list":["post-6610","post","type-post","status-publish","format-standard","hentry","category-motdujour","tag-architecture","tag-france","tag-histoire"],"_links":{"self":[{"href":"https:\/\/lemotdujour.fr\/index.php?rest_route=\/wp\/v2\/posts\/6610","targetHints":{"allow":["GET"]}}],"collection":[{"href":"https:\/\/lemotdujour.fr\/index.php?rest_route=\/wp\/v2\/posts"}],"about":[{"href":"https:\/\/lemotdujour.fr\/index.php?rest_route=\/wp\/v2\/types\/post"}],"author":[{"embeddable":true,"href":"https:\/\/lemotdujour.fr\/index.php?rest_route=\/wp\/v2\/users\/1"}],"replies":[{"embeddable":true,"href":"https:\/\/lemotdujour.fr\/index.php?rest_route=%2Fwp%2Fv2%2Fcomments&post=6610"}],"version-history":[{"count":5,"href":"https:\/\/lemotdujour.fr\/index.php?rest_route=\/wp\/v2\/posts\/6610\/revisions"}],"predecessor-version":[{"id":10110,"href":"https:\/\/lemotdujour.fr\/index.php?rest_route=\/wp\/v2\/posts\/6610\/revisions\/10110"}],"wp:attachment":[{"href":"https:\/\/lemotdujour.fr\/index.php?rest_route=%2Fwp%2Fv2%2Fmedia&parent=6610"}],"wp:term":[{"taxonomy":"category","embeddable":true,"href":"https:\/\/lemotdujour.fr\/index.php?rest_route=%2Fwp%2Fv2%2Fcategories&post=6610"},{"taxonomy":"post_tag","embeddable":true,"href":"https:\/\/lemotdujour.fr\/index.php?rest_route=%2Fwp%2Fv2%2Ftags&post=6610"}],"curies":[{"name":"wp","href":"https:\/\/api.w.org\/{rel}","templated":true}]}}