{"id":6594,"date":"2019-04-19T02:20:52","date_gmt":"2019-04-19T00:20:52","guid":{"rendered":"http:\/\/lemotdujour.fr\/?p=6594"},"modified":"2021-06-23T16:34:10","modified_gmt":"2021-06-23T14:34:10","slug":"vendredi-19-avril-2019","status":"publish","type":"post","link":"https:\/\/lemotdujour.fr\/?p=6594","title":{"rendered":"Vendredi 19 avril 2019"},"content":{"rendered":"<div class=\"mdjTexte\">\t\u00ab&nbsp;Avoir une cath\u00e9drale dans la t\u00eate.&nbsp;\u00bb<\/div>\n<div class=\"mdjAuteur\">\tBoris Cyrulnik<\/div>\n<p><span style=\"color: #777777; font-family: Arial;\">La destruction par le feu de Notre Dame de Paris a entra\u00een\u00e9 beaucoup de r\u00e9actions et beaucoup de discussions. Surtout depuis que des riches m\u00e9c\u00e8nes ont d\u00e9cid\u00e9 tr\u00e8s rapidement de verser de grosses sommes d&rsquo;argent.<br \/>\n<\/span><\/p>\n<p><span style=\"color: #777777; font-family: Arial;\">Certains ne comprennent pas qu&rsquo;on puisse trouver autant d&rsquo;argent, en si peu de temps pour relever des murs, alors qu&rsquo;on n&rsquo;en trouve pas pour loger les sans-abris et pour \u00e9radiquer la mis\u00e8re.<br \/>\n<\/span><\/p>\n<p><span style=\"color: #777777; font-family: Arial;\">D&rsquo;autres plus mesur\u00e9s, comme les repr\u00e9sentants de la fondation de l&rsquo;Abb\u00e9 Pierre, de l&rsquo;arm\u00e9e du salut ou d&rsquo;ATD Quart monde, expriment leur satisfaction de constater que des financements vont permettre de r\u00e9parer l&rsquo;\u00e9difice religieux mais voudraient que la g\u00e9n\u00e9rosit\u00e9 s&rsquo;\u00e9tende aussi \u00e0 la mis\u00e8re humaine. Le Monde a publi\u00e9 un article&nbsp;: &lt;<span style=\"color: #0000ff;\"><a style=\"color: #0000ff;\" href=\"https:\/\/www.lemonde.fr\/culture\/article\/2019\/04\/18\/le-malaise-des-associations-caritatives-face-a-la-generosite-pour-notre-dame_5451895_3246.html\">Le malaise des associations caritatives face \u00e0 la g\u00e9n\u00e9rosit\u00e9 pour Notre-Dame<\/a><\/span>&gt; qui pr\u00e9sente ces interrogations.<br \/>\n<\/span><\/p>\n<p><span style=\"color: #777777; font-family: Arial;\">Le journal a relay\u00e9 un tweet de l&rsquo;essayiste Ollivier Pourriol, post\u00e9 mercredi 17 avril&nbsp;:<br \/>\n<\/span><\/p>\n<p style=\"margin-left: 28pt;\"><span style=\"color: #c00000; font-family: Arial;\">\u00ab Victor Hugo remercie tous les g\u00e9n\u00e9reux donateurs pr\u00eats \u00e0 sauver Notre-Dame de Paris et leur propose de faire la m\u00eame chose avec les Mis\u00e9rables. \u00bb<br \/>\n<\/span><\/p>\n<p><img loading=\"lazy\" decoding=\"async\" class=\"alignleft\" src=\"https:\/\/lemotdujour.fr\/wp-content\/uploads\/2019\/04\/041819_2120_Vendredi19a1.jpg\" alt=\"\" width=\"391\" height=\"439\" align=\"left\"><span style=\"color: #777777; font-family: Arial;\">J&rsquo;y reviendrai, peut-\u00eatre, dans un mot du jour ult\u00e9rieur.<br \/>\n<\/span><\/p>\n<p><span style=\"color: #777777; font-family: Arial;\">Mais aujourd&rsquo;hui et avant le week-end pascal qui comm\u00e9more le c\u0153ur du r\u00e9cit de la civilisation chr\u00e9tienne dont je suis issu et beaucoup d&rsquo;entre vous certainement aussi, et en \u00e9cho \u00e0 ce magnifique monument qui a \u00e9t\u00e9 construit au moyen \u00e2ge et qu&rsquo;un grand nombre souhaite reconstruire, je veux partager une autre histoire, une histoire de valeur, de sens et d&rsquo;intelligence.<br \/>\n<\/span><\/p>\n<p><span style=\"color: #777777; font-family: Arial;\">Boris Cyrulnik avait publi\u00e9 en 2004&nbsp;: \u00ab&nbsp;<a href=\"https:\/\/www.odilejacob.fr\/catalogue\/psychologie\/resilience\/parler-d-amour-au-bord-du-gouffre_9782738115560.php\"><span style=\"color: #0000ff;\">Parler d&rsquo;amour au bord du gouffre<\/span>&nbsp;<\/a>\u00bb.<br \/>\n<\/span><\/p>\n<p><span style=\"color: #777777; font-family: Arial;\">Dans le chapitre II intitul\u00e9&nbsp;: \u00ab&nbsp;La r\u00e9silience, comme un anti-destin&nbsp;\u00bb il donne comme titre \u00e0 un de ses d\u00e9veloppements&nbsp;: \u00ab&nbsp;<strong>Avoir une cath\u00e9drale dans la t\u00eate<\/strong>&nbsp;\u00bb<br \/>\n<\/span><\/p>\n<p><span style=\"color: #777777; font-family: Arial;\">Et il raconte cette histoire&nbsp;:<br \/>\n<\/span><\/p>\n<p style=\"margin-left: 28pt;\"><span style=\"color: #c00000; font-family: Arial;\">\u00ab&nbsp;J&rsquo;ai souvent attribu\u00e9 \u00e0 Charles Peguy la fable suivante. En se rendant \u00e0 Chartres, Peguy voit sur le bord de la route un homme qui casse des cailloux \u00e0 grand coup de maillet. Son visage exprime le malheur et ses gestes la rage.<br \/>\n<\/span><\/p>\n<p style=\"margin-left: 28pt;\"><span style=\"color: #c00000; font-family: Arial;\">Peguy s&rsquo;arr\u00eate et demande: \u00ab Monsieur que faites-vous ?\u00bb. \u00abVous voyez bien ! lui r\u00e9pond l&rsquo;homme, je n&rsquo;ai trouv\u00e9 que ce m\u00e9tier douloureux et stupide.\u00bb.<br \/>\n<\/span><\/p>\n<p style=\"margin-left: 28pt;\"><span style=\"color: #c00000; font-family: Arial;\">Peguy aper\u00e7oit un autre homme qui lui aussi casse des cailloux, mais son visage est calme et ses gestes harmonieux. \u00abQue faites-vous monsieur?\u00bb lui demande Peguy. \u00abEh bien, je gagne ma vie gr\u00e2ce \u00e0 ce travail fatigant mais qui a l&rsquo;avantage d&rsquo;\u00eatre en plein air\u00bb.<br \/>\n<\/span><\/p>\n<p style=\"margin-left: 28pt;\"><span style=\"color: #c00000; font-family: Arial;\">Plus loin, un troisi\u00e8me casseur de cailloux irradie de bonheur. Il sourit en abattant la masse et regarde avec plaisir les \u00e9clats de pierre. \u00abQue faites-vous? \u00bb lui demande Peguy. L&rsquo;homme lui r\u00e9pond: \u00abMoi, r\u00e9pond cet homme, je b\u00e2tis une cath\u00e9drale !\u00bb<br \/>\n<\/span><\/p>\n<p><span style=\"color: #777777; font-family: Arial;\">\u00ab&nbsp;<strong>Je b\u00e2tis une cath\u00e9drale<\/strong> ! \u00bb<br \/>\n<\/span><\/p>\n<p><span style=\"color: #777777; font-family: Arial;\">Cyrulnik reconnait lui-m\u00eame, dans son livre, que cette histoire n&rsquo;est pas de Charles Peguy. Certains site comme <span style=\"color: #0000ff;\"><a style=\"color: #0000ff;\" href=\"http:\/\/murmurefunambule.unblog.fr\/2010\/10\/27\/casser-des-cailloux\/\">&lt;celui-ci&gt;<\/a><\/span> ou <a href=\"http:\/\/talent.paperblog.fr\/2473806\/je-construis-une-cathedrale\/\"><span style=\"color: #0000ff;\">&lt;celui-l\u00e0&gt;<\/span><\/a> attribue cette fable \u00e0 <a href=\"https:\/\/fr.wikipedia.org\/wiki\/Raymond_Lulle\" target=\"_blank\" rel=\"noopener\"><span style=\"color: #0000ff;\">Raymond Lulle<\/span><\/a> philosophe, po\u00e8te et th\u00e9ologien de Majorque (1232-1315).<br \/>\n<\/span><\/p>\n<p><span style=\"color: #777777; font-family: Arial;\">Mais ce qui est essentiel, c&rsquo;est cet homme qui transcende son travail p\u00e9nible par la compr\u00e9hension du but de son action&nbsp;: \u00ab&nbsp;<strong>b\u00e2tir une cath\u00e9drale<\/strong>&nbsp;\u00bb<br \/>\n<\/span><\/p>\n<p><span style=\"color: #777777; font-family: Arial;\">Boris Cyrulnik explique:<br \/>\n<\/span><\/p>\n<p style=\"margin-left: 28pt;\"><span style=\"color: #c00000; font-family: Arial;\">\u00abLe caillou d\u00e9pourvu de sens soumet le malheureux au r\u00e9el, \u00e0 l&rsquo;imm\u00e9diat qui ne donne rien d&rsquo;autre \u00e0 comprendre que le poids du maillet et la souffrance du coup. Alors que celui qui a une cath\u00e9drale dans la t\u00eate transfigure le caillou, il \u00e9prouve un sentiment d&rsquo;\u00e9l\u00e9vation et de beaut\u00e9 que provoque l&rsquo;image de la cath\u00e9drale dont il est d\u00e9j\u00e0 fier\u00bb.&nbsp;\u00bb<br \/>\n<\/span><\/p>\n<p><span style=\"color: #777777; font-family: Arial;\">Il y a deux faces \u00e0 cette force qui transforme un geste p\u00e9nible et parcellaire en un grand dessein&nbsp;:<br \/>\n<\/span><\/p>\n<p><span style=\"color: #777777; font-family: Arial;\">La premi\u00e8re est une responsabilit\u00e9 individuelle&nbsp;: chercher le sens de ce que l&rsquo;on fait et accepter de participer \u00e0 une \u0153uvre qui nous d\u00e9passe. C&rsquo;est ce dont parle principalement Boris Cyrulnik.<br \/>\n<\/span><\/p>\n<p><span style=\"color: #777777; font-family: Arial;\">La seconde est collective et \u00e0 mon sens plus importante. Quel est le r\u00e9cit qui b\u00e2tit notre civilisation, dans lequel nous pouvons nous inscrire, donner de nous-m\u00eame pour quelque chose de plus grand que nous ?<br \/>\n<\/span><\/p>\n<p><span style=\"color: #777777; font-family: Arial;\">Il m&rsquo;\u00e9tonnerait beaucoup que ce dessein mobilisateur pourrait \u00eatre de vouloir toujours consommer davantage, ou que chaque jeune ait le d\u00e9sir de devenir milliardaire ou encore que la science puisse allonger ind\u00e9finiment la dur\u00e9e de vie de certains homo sapiens pour qu&rsquo;ils puissent consommer plus longtemps.<br \/>\n<\/span><\/p>\n<p><span style=\"color: #777777; font-family: Arial;\"><strong>La question qui se pose est bien celle-ci&nbsp;; quelle cath\u00e9drale avons-nous envie collectivement de b\u00e2tir&nbsp;?<br \/>\n<\/strong><\/span><\/p>\n<p><img decoding=\"async\" src=\"https:\/\/lemotdujour.fr\/wp-content\/uploads\/2019\/04\/041819_2120_Vendredi19a2.jpg\" alt=\"\"><span style=\"color: #777777; font-family: Arial;\"><strong><br \/>\n<\/strong><\/span><\/p>\n<p><span style=\"color: #777777; font-family: Arial;\">PS&nbsp;: J&rsquo;avais d\u00e9j\u00e0 cit\u00e9 cette histoire dans un mot du jour mais sans en faire le point central du mot. C&rsquo;\u00e9tait le mot du jour du 29 novembre 2016 et qui concernait la cr\u00e9ation par Ambroise Croizat de la s\u00e9curit\u00e9 sociale.<br \/>\n<\/span><\/p>\n<p><span style=\"color: #800000;\">&lt;1228&gt;<\/span><\/p>\n","protected":false},"excerpt":{"rendered":"<p>\u00ab&nbsp;Avoir une cath\u00e9drale dans la t\u00eate.&nbsp;\u00bb Boris Cyrulnik La destruction par le feu de Notre Dame de Paris a entra\u00een\u00e9 beaucoup de r\u00e9actions et beaucoup de discussions. Surtout depuis que des riches m\u00e9c\u00e8nes ont d\u00e9cid\u00e9 tr\u00e8s rapidement de verser de<\/p>\n","protected":false},"author":1,"featured_media":0,"comment_status":"open","ping_status":"closed","sticky":false,"template":"","format":"standard","meta":{"footnotes":""},"categories":[1],"tags":[37,54,7],"class_list":["post-6594","post","type-post","status-publish","format-standard","hentry","category-motdujour","tag-architecture","tag-humanisme","tag-societe"],"_links":{"self":[{"href":"https:\/\/lemotdujour.fr\/index.php?rest_route=\/wp\/v2\/posts\/6594","targetHints":{"allow":["GET"]}}],"collection":[{"href":"https:\/\/lemotdujour.fr\/index.php?rest_route=\/wp\/v2\/posts"}],"about":[{"href":"https:\/\/lemotdujour.fr\/index.php?rest_route=\/wp\/v2\/types\/post"}],"author":[{"embeddable":true,"href":"https:\/\/lemotdujour.fr\/index.php?rest_route=\/wp\/v2\/users\/1"}],"replies":[{"embeddable":true,"href":"https:\/\/lemotdujour.fr\/index.php?rest_route=%2Fwp%2Fv2%2Fcomments&post=6594"}],"version-history":[{"count":6,"href":"https:\/\/lemotdujour.fr\/index.php?rest_route=\/wp\/v2\/posts\/6594\/revisions"}],"predecessor-version":[{"id":11605,"href":"https:\/\/lemotdujour.fr\/index.php?rest_route=\/wp\/v2\/posts\/6594\/revisions\/11605"}],"wp:attachment":[{"href":"https:\/\/lemotdujour.fr\/index.php?rest_route=%2Fwp%2Fv2%2Fmedia&parent=6594"}],"wp:term":[{"taxonomy":"category","embeddable":true,"href":"https:\/\/lemotdujour.fr\/index.php?rest_route=%2Fwp%2Fv2%2Fcategories&post=6594"},{"taxonomy":"post_tag","embeddable":true,"href":"https:\/\/lemotdujour.fr\/index.php?rest_route=%2Fwp%2Fv2%2Ftags&post=6594"}],"curies":[{"name":"wp","href":"https:\/\/api.w.org\/{rel}","templated":true}]}}