{"id":6586,"date":"2019-04-18T00:20:29","date_gmt":"2019-04-17T22:20:29","guid":{"rendered":"http:\/\/lemotdujour.fr\/?p=6586"},"modified":"2021-06-23T16:35:19","modified_gmt":"2021-06-23T14:35:19","slug":"jeudi-18-mars-2019","status":"publish","type":"post","link":"https:\/\/lemotdujour.fr\/?p=6586","title":{"rendered":"Jeudi 18 avril 2019"},"content":{"rendered":"<div class=\"mdjTexte\">\t\u00ab&nbsp;Le couple franco-allemand au bord du divorce&nbsp;\u00bb<\/div>\n<div class=\"mdjAuteur\">\tJean Quatremer<\/div>\n<p><span style=\"color: #777777; font-family: Arial;\">Emmanuel Macron a beaucoup de contrari\u00e9t\u00e9s ces derniers temps.<br \/>\n<\/span><\/p>\n<p><span style=\"color: #777777; font-family: Arial;\">Une r\u00e9volte provenant de la profondeur de la France, en dehors des m\u00e9tropoles ins\u00e9r\u00e9es dans la mondialisation, conteste sa politique et sa vision \u00e9conomique du monde.<br \/>\n<\/span><\/p>\n<p><span style=\"color: #777777; font-family: Arial;\">Au moment o\u00f9 il entend donner son discours \u00e0 la France pour r\u00e9pondre \u00e0 cette r\u00e9volte, Notre Dame s&#8217;embrase et l&rsquo;oblige \u00e0 changer de discours.<br \/>\n<\/span><\/p>\n<p><span style=\"color: #777777; font-family: Arial;\">Sur le plan international, rien ne va non plus comme il l&rsquo;esp\u00e9rait. Malgr\u00e9 tous ses efforts de calinoth\u00e9rapie avec Donald Trump, ce dernier n&rsquo;a en rien infl\u00e9chi sa politique ni ses d\u00e9cisions vers des choix souhait\u00e9s par notre pr\u00e9sident.<br \/>\n<\/span><\/p>\n<p><span style=\"color: #777777; font-family: Arial;\">Mais sa plus grande d\u00e9ception, vient de l&rsquo;Allemagne. Il esp\u00e9rait le soutien de l&rsquo;Allemagne apr\u00e8s avoir lanc\u00e9 une politique de r\u00e9forme du march\u00e9 du travail dans le sens voulu par l&rsquo;Allemagne, apr\u00e8s avoir courtis\u00e9 Angela Merkel&nbsp;; toutes ses propositions ont \u00e9t\u00e9 syst\u00e9matiquement ignor\u00e9s par nos voisin d&rsquo;outre Rhin.<br \/>\n<\/span><\/p>\n<p><span style=\"color: #777777; font-family: Arial;\">Celui que beaucoup d&rsquo;hommes de gauche aiment traiter d&rsquo;europhile b\u00e9at ce qu&rsquo;il conteste&nbsp;: \u00ab&nbsp;<a href=\"https:\/\/www.franceinter.fr\/emissions\/l-invite-de-8h20-le-grand-entretien\/l-invite-de-8h20-le-grand-entretien-31-decembre-2018\"><span style=\"color: #0000ff;\">Jean Quatremer : \u00ab\u00a0Il faut arr\u00eater d&rsquo;\u00eatre euro-b\u00e9at !&nbsp;<\/span><\/a>\u00bb, le correspondant de Lib\u00e9ration \u00e0 Bruxelles, Jean Quatremer pense que le divorce entre les responsables des deux pays est proche.<br \/>\n<\/span><\/p>\n<p><span style=\"color: #777777; font-family: Arial;\">Jean Quatremer a en effet publi\u00e9, le 14 avril, un article dans lib\u00e9ration avec ce titre&nbsp;: \u00ab&nbsp;<a href=\"https:\/\/www.liberation.fr\/planete\/2019\/04\/14\/le-couple-franco-allemand-au-bord-du-divorce_1721315\"><span style=\"color: #0000ff;\">Le couple franco-allemand au bord du divorce<\/span>&nbsp;<\/a>\u00bb<br \/>\n<\/span><\/p>\n<p><span style=\"color: #777777; font-family: Arial;\">Il explique notamment<br \/>\n<\/span><\/p>\n<p style=\"margin-left: 28pt;\"><span style=\"color: #c00000; font-family: Arial;\">\u00ab&nbsp;La fiction du \u00abcouple\u00bb franco-allemand a vol\u00e9 en \u00e9clats lors du sommet sp\u00e9cial Brexit, mercredi et jeudi. S&rsquo;il y a souvent eu de profonds d\u00e9saccords entre les deux rives du Rhin, c&rsquo;est la premi\u00e8re fois qu&rsquo;Angela Merkel l&rsquo;a affich\u00e9 publiquement et sans pr\u00e9cautions diplomatiques excessives. La chanceli\u00e8re a jug\u00e9 \u00abincompr\u00e9hensible\u00bb le \u00abraisonnement\u00bb d&rsquo;Emmanuel Macron d\u00e9favorable \u00e0 une extension trop longue du d\u00e9lai avant un Brexit d\u00e9finitif, alors qu&rsquo;elle \u00e9tait pr\u00eate \u00e0 donner un an de plus \u00e0 Theresa May pour lui donner le temps d&rsquo;essayer de faire adopter l&rsquo;accord de divorce conclu avec l&rsquo;Union.&nbsp;\u00bb<br \/>\n<\/span><\/p>\n<p><span style=\"color: #777777; font-family: Arial;\">Jean Quatremer est r\u00e9solument du c\u00f4t\u00e9 de notre pr\u00e9sident et ironise sur les positions allemandes:<br \/>\n<\/span><\/p>\n<p style=\"margin-left: 28pt;\"><span style=\"color: #c00000; font-family: Arial;\">\u00ab&nbsp;Le \u00abraisonnement\u00bb du chef de l&rsquo;Etat fran\u00e7ais est pourtant simple : l&rsquo;Union, confront\u00e9e \u00e0 d&rsquo;autres d\u00e9fis, ne peut se permettre d&rsquo;\u00eatre prise en otage par une classe politique britannique incapable de mettre en \u0153uvre la d\u00e9cision d&rsquo;un r\u00e9f\u00e9rendum qu&rsquo;il a lui-m\u00eame provoqu\u00e9\u2026 Finalement, un compromis a \u00e9t\u00e9 trouv\u00e9 \u2013 prolongation jusqu&rsquo;au 31 octobre \u2013, mais le gouvernement allemand n&rsquo;a pas cach\u00e9 sa col\u00e8re face \u00e0 la r\u00e9sistance d&rsquo;un partenaire d&rsquo;habitude plus docile. Norbert R\u00f6ttgen, le pr\u00e9sident (CDU) de la commission des affaires \u00e9trang\u00e8res, n&rsquo;a pas h\u00e9sit\u00e9 \u00e0 accuser Macron, dans un tweet vengeur, de \u00abdonner la priorit\u00e9 \u00e0 ses int\u00e9r\u00eats de politique int\u00e9rieure sur l&rsquo;unit\u00e9 europ\u00e9enne\u00bb. Car il est bien connu que Berlin n&rsquo;a jamais aucune arri\u00e8re-pens\u00e9e de politique int\u00e9rieure, comme l&rsquo;a si bien d\u00e9montr\u00e9 la crise grecque g\u00e9r\u00e9e de fa\u00e7on brutale pour ne pas effrayer les \u00e9lecteurs allemands\u2026&nbsp;\u00bb<br \/>\n<\/span><\/p>\n<p><span style=\"color: #777777; font-family: Arial;\">Jean Quatremer accuse les m\u00e9dias fran\u00e7ais de donner une vision biais\u00e9e de la France qui serait isol\u00e9e alors qu&rsquo;elle dispose de soutien. En outre le d\u00e9saccord n&rsquo;est pas seulement sur la strat\u00e9gie \u00e0 l&rsquo;\u00e9gard de la Grande Bretagne mais aussi sur les discussions concernant les relations commerciales avec les Etats-Unis. La France pense que l&rsquo;Allemagne pour amadouer Trump sur les importations de voiture am\u00e9ricaine, <span style=\"color: #0000ff;\"><a style=\"color: #0000ff;\" href=\"https:\/\/www.franceinter.fr\/emissions\/le-zoom-de-la-redaction\/le-zoom-de-la-redaction-28-fevrier-2019\">entend brader l&rsquo;agriculture europ\u00e9enne et particuli\u00e8rement fran\u00e7aise<\/a><\/span> pour ouvrir la porte \u00e0 une importation plus massive de produits am\u00e9ricains.<br \/>\n<\/span><\/p>\n<p style=\"margin-left: 28pt;\"><span style=\"color: #c00000; font-family: Arial;\">\u00ab&nbsp;Curieusement, les m\u00e9dias fran\u00e7ais ont soulign\u00e9 l&rsquo;isolement de Paris \u2013 qui \u00e9tait pourtant soutenu par la Belgique, le Luxembourg, l&rsquo;Espagne, Malte, mais aussi, en second rang, par l&rsquo;Autriche et le Danemark \u2013, l&rsquo;accusant presque de ne pas avoir jou\u00e9 collectif en refusant de s&rsquo;aligner sur Berlin. \u00abIl est incroyable que l&rsquo;on nous pr\u00e9sente comme des emp\u00eacheurs de tourner en rond alors qu&rsquo;on a \u00e9t\u00e9 les emp\u00eacheurs de sombrer en rond face \u00e0 la mollesse collective\u00bb, se r\u00e9crie-t-on \u00e0 l&rsquo;Elys\u00e9e. Une position que Macron s&rsquo;appr\u00eate \u00e0 assumer ce lundi en votant contre l&rsquo;ouverture de n\u00e9gociations commerciales avec les Etats-Unis, l\u00e0 aussi initi\u00e9e sous la pression de l&rsquo;Allemagne, qui craint que Donald Trump ne taxe ses importations automobiles. [\u2026]<br \/>\n<\/span><\/p>\n<p style=\"margin-left: 28pt;\"><span style=\"color: #c00000; font-family: Arial;\">Emmanuel Macron semble avoir fait son deuil de la relation franco-allemande apr\u00e8s y avoir longtemps cru. Il a pris conscience que les d\u00e9mocrates-chr\u00e9tiens de la CDU-CSU, mais aussi les sociaux-d\u00e9mocrates, d\u00e9fendent avant tout les int\u00e9r\u00eats allemands travestis en int\u00e9r\u00eats europ\u00e9ens, comme on l&rsquo;analyse d\u00e9sormais en France. Depuis un an et demi, le chef de l&rsquo;Etat n&rsquo;a cess\u00e9 de recevoir des rebuffades sur quasiment tous ses projets (cr\u00e9ation d&rsquo;un budget de la zone euro, d&rsquo;un Parlement de la zone euro, d&rsquo;une taxe sur les g\u00e9ants du num\u00e9rique, d&rsquo;une Europe de la d\u00e9fense, etc.).&nbsp;\u00bb<br \/>\n<\/span><\/p>\n<p><span style=\"color: #777777;\"><span style=\"font-family: Arial;\">Cela devient un drame shakespearien. Sans l&rsquo;Europe, la France ne repr\u00e9sente plus grand chose sur le march\u00e9 \u00e9conomique mondial. L&rsquo;Union europ\u00e9enne n&rsquo;est forte que si les allemands et les fran\u00e7ais parviennent \u00e0 s&rsquo;entendre et \u00e0 s&rsquo;accorder. Mais l&rsquo;Allemagne et la France ont des int\u00e9r\u00eats de plus en plus divergents.<\/span><\/span><\/p>\n<p><span style=\"color: #800000;\">&lt;1227&gt;<\/span><\/p>\n","protected":false},"excerpt":{"rendered":"<p>\u00ab&nbsp;Le couple franco-allemand au bord du divorce&nbsp;\u00bb Jean Quatremer Emmanuel Macron a beaucoup de contrari\u00e9t\u00e9s ces derniers temps. Une r\u00e9volte provenant de la profondeur de la France, en dehors des m\u00e9tropoles ins\u00e9r\u00e9es dans la mondialisation, conteste sa politique et sa<\/p>\n","protected":false},"author":1,"featured_media":0,"comment_status":"open","ping_status":"closed","sticky":false,"template":"","format":"standard","meta":{"footnotes":""},"categories":[1],"tags":[47,50,15],"class_list":["post-6586","post","type-post","status-publish","format-standard","hentry","category-motdujour","tag-allemagne","tag-europe","tag-france"],"_links":{"self":[{"href":"https:\/\/lemotdujour.fr\/index.php?rest_route=\/wp\/v2\/posts\/6586","targetHints":{"allow":["GET"]}}],"collection":[{"href":"https:\/\/lemotdujour.fr\/index.php?rest_route=\/wp\/v2\/posts"}],"about":[{"href":"https:\/\/lemotdujour.fr\/index.php?rest_route=\/wp\/v2\/types\/post"}],"author":[{"embeddable":true,"href":"https:\/\/lemotdujour.fr\/index.php?rest_route=\/wp\/v2\/users\/1"}],"replies":[{"embeddable":true,"href":"https:\/\/lemotdujour.fr\/index.php?rest_route=%2Fwp%2Fv2%2Fcomments&post=6586"}],"version-history":[{"count":8,"href":"https:\/\/lemotdujour.fr\/index.php?rest_route=\/wp\/v2\/posts\/6586\/revisions"}],"predecessor-version":[{"id":11606,"href":"https:\/\/lemotdujour.fr\/index.php?rest_route=\/wp\/v2\/posts\/6586\/revisions\/11606"}],"wp:attachment":[{"href":"https:\/\/lemotdujour.fr\/index.php?rest_route=%2Fwp%2Fv2%2Fmedia&parent=6586"}],"wp:term":[{"taxonomy":"category","embeddable":true,"href":"https:\/\/lemotdujour.fr\/index.php?rest_route=%2Fwp%2Fv2%2Fcategories&post=6586"},{"taxonomy":"post_tag","embeddable":true,"href":"https:\/\/lemotdujour.fr\/index.php?rest_route=%2Fwp%2Fv2%2Ftags&post=6586"}],"curies":[{"name":"wp","href":"https:\/\/api.w.org\/{rel}","templated":true}]}}