{"id":6563,"date":"2019-04-16T02:21:43","date_gmt":"2019-04-16T00:21:43","guid":{"rendered":"http:\/\/lemotdujour.fr\/?p=6563"},"modified":"2020-01-20T08:40:55","modified_gmt":"2020-01-20T07:40:55","slug":"mardi-16-avril-2019","status":"publish","type":"post","link":"https:\/\/lemotdujour.fr\/?p=6563","title":{"rendered":"Mardi 16 avril 2019"},"content":{"rendered":"<div class=\"mdjTexte\">\u00ab\u00a0Le jour qui fuit rev\u00eat la cath\u00e9drale sainte,<br \/>\n\u00c9bauch\u00e9e \u00e0 grands traits \u00e0 l\u2019horizon de feu ;<br \/>\nEt les jumelles tours, ces cantiques de pierre,<br \/>\nSemblent les deux grands bras que la ville en pri\u00e8re,<br \/>\nAvant de s\u2019endormir,<br \/>\n\u00e9l\u00e8ve vers son Dieu.\u00a0\u00bb<\/div>\n<div class=\"mdjAuteur\">Th\u00e9ophile Gautier<\/div>\n<p><span style=\"color: #777777; font-family: Arial;\">Th\u00e9ophile Gautier (1811-1872) a \u00e9crit un po\u00e8me <a href=\"https:\/\/www.poesie-francaise.fr\/theophile-gautier\/poeme-notre-dame.php\">\u00ab\u00a0<span style=\"color: #0000ff;\">Notre Dame\u00a0<\/span>\u00bb <\/a>dans un recueil<a href=\"https:\/\/fr.wikipedia.org\/wiki\/La_Com%C3%A9die_de_la_mort\"> \u00ab<span style=\"color: #0000ff;\">\u00a0<\/span><span style=\"color: #0000ff;\">La com\u00e9die de la mort<\/span>\u00a0\u00bb<\/a> publi\u00e9 en 1838.<br \/>\n<\/span><\/p>\n<p><span style=\"color: #777777; font-family: Arial;\">En voici des extraits\u00a0:<br \/>\n<\/span><\/p>\n<p style=\"margin-left: 28pt;\"><img loading=\"lazy\" decoding=\"async\" class=\"alignright\" src=\"https:\/\/lemotdujour.fr\/wp-content\/uploads\/2019\/04\/041519_2120_Mardi16avri1.jpg\" alt=\"\" width=\"300\" height=\"239\" align=\"left\" \/><span style=\"color: #c00000; font-family: Arial;\">\u00ab\u00a0Las de ce calme plat o\u00f9 d&rsquo;avance fan\u00e9es,<br \/>\nComme une eau qui s&rsquo;endort, croupissent nos ann\u00e9es ;<br \/>\n<\/span><span style=\"color: #c00000; font-family: Arial;\">Las d&rsquo;\u00e9touffer ma vie en un salon \u00e9troit,<br \/>\n<\/span><span style=\"color: #c00000; font-family: Arial;\">Avec de jeunes fats et des femmes frivoles,<br \/>\n<\/span><span style=\"color: #c00000; font-family: Arial;\">\u00c9changeant sans profit de banales paroles ;<br \/>\n<\/span><span style=\"color: #c00000; font-family: Arial;\">Las de toucher toujours mon horizon du doigt.<br \/>\n<\/span><\/p>\n<p style=\"margin-left: 28pt;\"><span style=\"color: #c00000; font-family: Arial;\">Pour me refaire au grand et me r\u00e9largir l&rsquo;\u00e2me,<br \/>\n<\/span><span style=\"color: #c00000; font-family: Arial;\">Ton livre dans ma poche, aux tours de Notre-Dame,<br \/>\n<\/span><span style=\"color: #c00000; font-family: Arial;\">Je suis all\u00e9 souvent, Victor,<br \/>\n<\/span><span style=\"color: #c00000; font-family: Arial;\">A huit heures, l&rsquo;\u00e9t\u00e9, quand le soleil se couche,<br \/>\n<\/span><span style=\"color: #c00000; font-family: Arial;\">Et que son disque fauve, au bord des toits qu&rsquo;il touche,<br \/>\n<\/span><span style=\"color: #c00000; font-family: Arial;\">Flotte comme un gros ballon d&rsquo;or.<br \/>\n<\/span><\/p>\n<p style=\"margin-left: 28pt;\"><span style=\"color: #c00000; font-family: Arial;\">Tout chatoie et reluit ; le peintre et le po\u00e8te<br \/>\n<\/span><span style=\"color: #c00000; font-family: Arial;\">Trouvent l\u00e0 des couleurs pour charger leur palette,<br \/>\n<\/span><span style=\"color: #c00000; font-family: Arial;\">Et des tableaux ardents \u00e0 vous br\u00fbler les yeux ;<br \/>\n<\/span><span style=\"color: #c00000; font-family: Arial;\">Ce ne sont que saphirs, cornalines, opales,<br \/>\n<\/span><span style=\"color: #c00000; font-family: Arial;\">Tons \u00e0 faire trouver Rubens et Titien p\u00e2les,<br \/>\n<\/span><span style=\"color: #c00000; font-family: Arial;\">Ithuriel r\u00e9pand son \u00e9crin dans les cieux.<br \/>\n<\/span><\/p>\n<p style=\"margin-left: 28pt;\"><span style=\"color: #c00000; font-family: Arial;\">[\u2026]<img loading=\"lazy\" decoding=\"async\" class=\" wp-image-6561 alignright\" src=\"https:\/\/lemotdujour.fr\/wp-content\/uploads\/2019\/04\/041519_2120_Mardi16avri2.jpg\" alt=\"\" width=\"343\" height=\"229\" srcset=\"https:\/\/lemotdujour.fr\/wp-content\/uploads\/2019\/04\/041519_2120_Mardi16avri2.jpg 563w, https:\/\/lemotdujour.fr\/wp-content\/uploads\/2019\/04\/041519_2120_Mardi16avri2-300x200.jpg 300w\" sizes=\"auto, (max-width: 343px) 100vw, 343px\" \/><br \/>\n<\/span><\/p>\n<p style=\"margin-left: 28pt;\"><span style=\"color: #c00000; font-family: Arial;\">Comme, pour son bonsoir, d&rsquo;une plus riche teinte,<br \/>\n<\/span><span style=\"color: #c00000; font-family: Arial;\">Le jour qui fuit rev\u00eat la cath\u00e9drale sainte,<br \/>\n<\/span><span style=\"color: #c00000; font-family: Arial;\">\u00c9bauch\u00e9e \u00e0 grands traits \u00e0 l&rsquo;horizon de feu,<br \/>\n<\/span><span style=\"color: #c00000; font-family: Arial;\">Et les jumelles tours, ces cantiques de pierre,<br \/>\n<\/span><span style=\"color: #c00000; font-family: Arial;\">Semblent les deux grands bras que la ville en pri\u00e8re,<br \/>\n<\/span><span style=\"color: #c00000; font-family: Arial;\">Avant de s&rsquo;endormir, \u00e9l\u00e8ve vers son Dieu.<br \/>\n<\/span><\/p>\n<p style=\"margin-left: 28pt;\"><span style=\"color: #c00000; font-family: Arial;\">[\u2026]<br \/>\n<\/span><\/p>\n<p style=\"margin-left: 28pt;\"><span style=\"color: #c00000; font-family: Arial;\">Que c&rsquo;est grand ! Que c&rsquo;est beau ! Les fr\u00eales chemin\u00e9es,<br \/>\n<\/span><span style=\"color: #c00000; font-family: Arial;\">De leurs turbans fumeux en tout temps couronn\u00e9es,<br \/>\n<\/span><span style=\"color: #c00000; font-family: Arial;\">Sur le ciel de safran tracent leurs profils noirs,<br \/>\n<\/span><span style=\"color: #c00000; font-family: Arial;\">Et la lumi\u00e8re oblique, aux ar\u00eates hardies,<br \/>\n<\/span><span style=\"color: #c00000; font-family: Arial;\">Jetant de tous c\u00f4t\u00e9s de riches incendies<br \/>\n<\/span><span style=\"color: #c00000; font-family: Arial;\">Dans la moire du fleuve ench\u00e2sse cent miroirs.<br \/>\n<\/span><\/p>\n<p style=\"margin-left: 28pt;\"><span style=\"color: #c00000; font-family: Arial;\">[\u2026]<br \/>\n<\/span><\/p>\n<p style=\"margin-left: 28pt;\"><img loading=\"lazy\" decoding=\"async\" class=\"alignright\" src=\"https:\/\/lemotdujour.fr\/wp-content\/uploads\/2019\/04\/041519_2120_Mardi16avri3.jpg\" alt=\"\" width=\"314\" height=\"202\" align=\"left\" \/><span style=\"color: #c00000; font-family: Arial;\">Et cependant, si beau que soit, \u00f4 Notre-Dame,<br \/>\n<\/span><span style=\"color: #c00000; font-family: Arial;\">Paris ainsi v\u00eatu de sa robe de flamme,<br \/>\n<\/span><span style=\"color: #c00000; font-family: Arial;\">Il ne l&rsquo;est seulement que du haut de tes tours.<br \/>\n<\/span><span style=\"color: #c00000; font-family: Arial;\">Quand on est descendu tout se m\u00e9tamorphose,<br \/>\n<\/span><span style=\"color: #c00000; font-family: Arial;\">Tout s&rsquo;affaisse et s&rsquo;\u00e9teint, plus rien de grandiose,<br \/>\n<\/span><span style=\"color: #c00000; font-family: Arial;\">Plus rien, except\u00e9 toi, qu&rsquo;on admire toujours.\u00a0\u00bb<br \/>\n<span style=\"color: #777777; font-family: Arial;\">Th\u00e9ophile Gautier.<br \/>\n<\/span><\/span><\/p>\n<p><span style=\"color: #777777; font-family: Arial;\">Le po\u00e8me int\u00e9gral se trouve derri\u00e8re ce lien\u00a0:<span style=\"color: #0000ff;\"> <a style=\"color: #0000ff;\" href=\"https:\/\/www.poesie-francaise.fr\/theophile-gautier\/poeme-notre-dame.php\">https:\/\/www.poesie-francaise.fr\/theophile-gautier\/poeme-notre-dame.php<\/a><\/span><\/span><\/p>\n<p><span style=\"color: #800000;\">&lt;1225&gt;<\/span><\/p>\n","protected":false},"excerpt":{"rendered":"<p>\u00ab\u00a0Le jour qui fuit rev\u00eat la cath\u00e9drale sainte, \u00c9bauch\u00e9e \u00e0 grands traits \u00e0 l\u2019horizon de feu ; Et les jumelles tours, ces cantiques de pierre, Semblent les deux grands bras que la ville en pri\u00e8re, Avant de s\u2019endormir, \u00e9l\u00e8ve vers<\/p>\n","protected":false},"author":1,"featured_media":0,"comment_status":"open","ping_status":"closed","sticky":false,"template":"","format":"standard","meta":{"footnotes":""},"categories":[1],"tags":[24,15,29],"class_list":["post-6563","post","type-post","status-publish","format-standard","hentry","category-motdujour","tag-actualite","tag-france","tag-hommage"],"_links":{"self":[{"href":"https:\/\/lemotdujour.fr\/index.php?rest_route=\/wp\/v2\/posts\/6563","targetHints":{"allow":["GET"]}}],"collection":[{"href":"https:\/\/lemotdujour.fr\/index.php?rest_route=\/wp\/v2\/posts"}],"about":[{"href":"https:\/\/lemotdujour.fr\/index.php?rest_route=\/wp\/v2\/types\/post"}],"author":[{"embeddable":true,"href":"https:\/\/lemotdujour.fr\/index.php?rest_route=\/wp\/v2\/users\/1"}],"replies":[{"embeddable":true,"href":"https:\/\/lemotdujour.fr\/index.php?rest_route=%2Fwp%2Fv2%2Fcomments&post=6563"}],"version-history":[{"count":13,"href":"https:\/\/lemotdujour.fr\/index.php?rest_route=\/wp\/v2\/posts\/6563\/revisions"}],"predecessor-version":[{"id":7838,"href":"https:\/\/lemotdujour.fr\/index.php?rest_route=\/wp\/v2\/posts\/6563\/revisions\/7838"}],"wp:attachment":[{"href":"https:\/\/lemotdujour.fr\/index.php?rest_route=%2Fwp%2Fv2%2Fmedia&parent=6563"}],"wp:term":[{"taxonomy":"category","embeddable":true,"href":"https:\/\/lemotdujour.fr\/index.php?rest_route=%2Fwp%2Fv2%2Fcategories&post=6563"},{"taxonomy":"post_tag","embeddable":true,"href":"https:\/\/lemotdujour.fr\/index.php?rest_route=%2Fwp%2Fv2%2Ftags&post=6563"}],"curies":[{"name":"wp","href":"https:\/\/api.w.org\/{rel}","templated":true}]}}