{"id":6540,"date":"2019-04-01T00:49:33","date_gmt":"2019-03-31T22:49:33","guid":{"rendered":"http:\/\/lemotdujour.fr\/?p=6540"},"modified":"2021-06-23T16:38:40","modified_gmt":"2021-06-23T14:38:40","slug":"le-mot-du-jour-est-en-conge","status":"publish","type":"post","link":"https:\/\/lemotdujour.fr\/?p=6540","title":{"rendered":"Lundi 1 avril 2019"},"content":{"rendered":"<div class=\"mdjTexte\">\t\u00ab&nbsp;C\u2019est de nos vies dont il est question&nbsp;\u00bb<\/div>\n<div class=\"mdjAuteur\">\tAlexandria Ocasio-Cortez<\/div>\n<p><span style=\"color: #777777; font-family: Arial;\">Je voudrais aussi partager une intervention pleine de force, de charisme et de v\u00e9rit\u00e9 d&rsquo;une \u00e9tonnante \u00e9lue \u00e0 la chambre des repr\u00e9sentants des Etats-Unis.<br \/>\n<\/span><\/p>\n<p><span style=\"color: #777777; font-family: Arial;\">On l&rsquo;appelle \u00ab&nbsp;<strong>AOC&nbsp;<\/strong>\u00bb&nbsp;, mais son nom est <strong>Alexandria Ocasio-Cortez<\/strong>, n\u00e9e le m\u00eame jour que moi et &#8230;Chantal&nbsp;: le 13 octobre, mais beaucoup plus r\u00e9cemment&nbsp;(que moi) 1989 , \u00e0 New York. Elle a grandi dans le Bronx, un des quartiers pauvres de New York.<br \/>\n<\/span><\/p>\n<p><span style=\"color: #777777; font-family: Arial;\">Elle est \u00e9lue le 6 novembre 2018 repr\u00e9sentante du 14e district de New York \u00e0 la Chambre des repr\u00e9sentants des \u00c9tats-Unis, devenant la plus jeune repr\u00e9sentante jamais \u00e9lue au Congr\u00e8s am\u00e9ricain. Elle incarne la nouvelle vague d\u00e9mocrate, qui se revendique du socialisme d\u00e9mocratique dans la lign\u00e9e de Bernie Sanders.<br \/>\n<\/span><\/p>\n<p><span style=\"color: #777777; font-family: Arial;\">Elle est entr\u00e9e en politique tr\u00e8s vite&nbsp;: \u00c9tudiante \u00e0 l&rsquo;universit\u00e9 de Boston, elle travaille aupr\u00e8s du s\u00e9nateur d\u00e9mocrate Ted Kennedy sur les questions d&rsquo;immigration car elle est la seule membre de son \u00e9quipe \u00e0 parler espagnol.<br \/>\n<\/span><\/p>\n<p><span style=\"color: #777777; font-family: Arial;\">Lors de la campagne pr\u00e9sidentielle de 2008, elle fait du d\u00e9marchage t\u00e9l\u00e9phonique pour le candidat d\u00e9mocrate Barack Obama.<br \/>\n<\/span><\/p>\n<p><span style=\"color: #777777; font-family: Arial;\">Elle fait de brillantes \u00e9tudes, mais pour survivre aux Etats-Unis quand on n&rsquo;est pas de famille riche, il faut accepter des petits boulots.<br \/>\n<\/span><\/p>\n<p><span style=\"color: #777777; font-family: Arial;\">Et c&rsquo;est ainsi qu\u2019avant d&rsquo;\u00eatre \u00e9lue, elle \u00e9tait serveuse dans un restaurant de tacos dans le sud de Manhattan.<br \/>\n<\/span><\/p>\n<p><img loading=\"lazy\" decoding=\"async\" class=\"alignright\" src=\"https:\/\/lemotdujour.fr\/wp-content\/uploads\/2019\/03\/033119_1147_Lemotdujour2.jpg\" alt=\"\" width=\"453\" height=\"226\" align=\"left\"><span style=\"color: #777777; font-family: Arial;\">Mais vous pourrez trouver d&rsquo;avantages de pr\u00e9cision sur Wikipedia : <span style=\"color: #0000ff;\">&lt;<a style=\"color: #0000ff;\" href=\"https:\/\/fr.wikipedia.org\/wiki\/Alexandria_Ocasio-Cortez\">Alexandria Ocasio-Cortez<\/a>&gt;<\/span><br \/>\n<\/span><\/p>\n<p><span style=\"color: #777777; font-family: Arial;\">La vid\u00e9o dont il est question est une r\u00e9ponse cinglante \u00e0 un \u00e9lu r\u00e9publicain, le parti de Trump.<br \/>\n<\/span><\/p>\n<p><span style=\"color: #777777; font-family: Arial;\">La question concernait l&rsquo;\u00e9cologie et l&rsquo;environnement.<br \/>\n<\/span><\/p>\n<p><span style=\"color: #777777; font-family: Arial;\">L&rsquo;\u00e9lu r\u00e9publicain accusait les d\u00e9mocrates de d\u00e9rive \u00ab&nbsp;\u00e9litiste&nbsp;\u00bb.<br \/>\n<\/span><\/p>\n<p><span style=\"color: #777777; font-family: Arial;\">Ce qui a fait <span style=\"color: #0000ff;\"><a style=\"color: #0000ff;\" href=\"https:\/\/www.francetvinfo.fr\/monde\/usa\/presidentielle\/donald-trump\/video-environnement-nous-sommes-face-a-une-crise-nationale-a-signale-la-deputee-alexandria-ocasio-cortez_3254325.html\">sortir de ses gonds<\/a><\/span> Alexandria Ocasio-Cortez :<br \/>\n<\/span><\/p>\n<p style=\"margin-left: 28pt;\"><span style=\"color: #c00000; font-family: Arial;\">\u00ab&nbsp;Le 26 mars. La d\u00e9mocrate \u00e9tait venue d\u00e9fendre le Green New Deal, un plan environnemental dont l&rsquo;objectif est d&rsquo;atteindre 100 % d&rsquo;\u00e9nergies propres et renouvelables d&rsquo;ici 2035. Une initiative que le parlementaire r\u00e9publicain Sean Duffy a rapidement tax\u00e9 d&rsquo;\u00ab&nbsp;\u00e9litiste&nbsp;\u00bb.<br \/>\n<\/span><\/p>\n<p style=\"margin-left: 28pt;\"><span style=\"color: #c00000; font-family: Arial;\">Le qualificatif a suscit\u00e9 l&rsquo;indignation de la femme politique qui a r\u00e9pliqu\u00e9 : \u00ab&nbsp;Ce n&rsquo;est pas un sujet \u00e9litiste, c&rsquo;est une question de qualit\u00e9 de vie&nbsp;\u00bb.<br \/>\n<\/span><\/p>\n<p style=\"margin-left: 28pt;\"><span style=\"color: #c00000; font-family: Arial;\">Elle a ensuite tenu avec vigueur un plaidoyer en faveur de l&rsquo;\u00e9cologie et point\u00e9 l&rsquo;inaction de certains politiciens devant l&rsquo;ampleur de la crise.<br \/>\n<\/span><\/p>\n<p style=\"margin-left: 28pt;\"><span style=\"color: #c00000; font-family: Arial;\">\u00ab&nbsp;<strong>C&rsquo;est de nos vies dont il est question<\/strong>. \u00c7a concerne la vie des Am\u00e9ricains. Et cela ne devrait pas \u00eatre une question partisane&nbsp;\u00bb, soul\u00e8ve la d\u00e9mocrate. Au sein de l&rsquo;h\u00e9micycle, elle \u00e9voque les enfants du Bronx qui souffrent d&rsquo;asthme, la crise sanitaire qui touche la ville de Flint au Michigan ou encore les inondations qui submergent des terres du Midwest am\u00e9ricain. La jeune femme fra\u00eechement \u00e9lue oppose \u00e0 ces menaces la cupidit\u00e9 des hommes politiques qui se soucient davantage de \u00ab\u00a0renflouer les banques\u00a0\u00bb ou d&rsquo;\u00abaider les compagnies p\u00e9troli\u00e8res\u00bb que d&rsquo;affronter la \u00abcrise nationale\u00a0\u00bb qui frappe le pays. \u00bb<br \/>\n<\/span><\/p>\n<p><span style=\"color: #777777; font-family: Arial;\">Il est des saines col\u00e8res. Celle-l\u00e0, en est une.<br \/>\n<\/span><\/p>\n<p><span style=\"color: #777777; font-family: Arial;\">J&rsquo;ai vu d&rsquo;autres interventions d&rsquo;Alexandra Ocasio-Cortez tout aussi pertinente et pleine de force.<br \/>\n<\/span><\/p>\n<p><span style=\"color: #777777; font-family: Arial;\">Alexandria Ocasio-Cortez donne espoir \u00e0 ce que l&rsquo;Am\u00e9rique profonde s&rsquo;\u00e9loigne des d\u00e9rives n\u00e9o-lib\u00e9rales et de la b\u00eatise Trumpienne.<br \/>\n<\/span><\/p>\n<p><span style=\"color: #777777; font-family: Arial;\">La vid\u00e9o peut \u00eatre visualis\u00e9e <span style=\"color: #0000ff;\"><a style=\"color: #0000ff;\" href=\"https:\/\/www.dailymotion.com\/video\/x74vkto\">&lt;ICI&gt;<\/a><\/span><br \/>\n<\/span><\/p>\n<p><span style=\"color: maroon; font-family: Arial; font-size: 12pt;\">&lt;1223&gt;<\/span><\/p>\n","protected":false},"excerpt":{"rendered":"<p>\u00ab&nbsp;C\u2019est de nos vies dont il est question&nbsp;\u00bb Alexandria Ocasio-Cortez Je voudrais aussi partager une intervention pleine de force, de charisme et de v\u00e9rit\u00e9 d&rsquo;une \u00e9tonnante \u00e9lue \u00e0 la chambre des repr\u00e9sentants des Etats-Unis. On l&rsquo;appelle \u00ab&nbsp;AOC&nbsp;\u00bb&nbsp;, mais son nom<\/p>\n","protected":false},"author":1,"featured_media":0,"comment_status":"open","ping_status":"closed","sticky":false,"template":"","format":"standard","meta":{"footnotes":""},"categories":[1],"tags":[43,65,3],"class_list":["post-6540","post","type-post","status-publish","format-standard","hentry","category-motdujour","tag-ecologie","tag-etats-unis","tag-politique"],"_links":{"self":[{"href":"https:\/\/lemotdujour.fr\/index.php?rest_route=\/wp\/v2\/posts\/6540","targetHints":{"allow":["GET"]}}],"collection":[{"href":"https:\/\/lemotdujour.fr\/index.php?rest_route=\/wp\/v2\/posts"}],"about":[{"href":"https:\/\/lemotdujour.fr\/index.php?rest_route=\/wp\/v2\/types\/post"}],"author":[{"embeddable":true,"href":"https:\/\/lemotdujour.fr\/index.php?rest_route=\/wp\/v2\/users\/1"}],"replies":[{"embeddable":true,"href":"https:\/\/lemotdujour.fr\/index.php?rest_route=%2Fwp%2Fv2%2Fcomments&post=6540"}],"version-history":[{"count":10,"href":"https:\/\/lemotdujour.fr\/index.php?rest_route=\/wp\/v2\/posts\/6540\/revisions"}],"predecessor-version":[{"id":11609,"href":"https:\/\/lemotdujour.fr\/index.php?rest_route=\/wp\/v2\/posts\/6540\/revisions\/11609"}],"wp:attachment":[{"href":"https:\/\/lemotdujour.fr\/index.php?rest_route=%2Fwp%2Fv2%2Fmedia&parent=6540"}],"wp:term":[{"taxonomy":"category","embeddable":true,"href":"https:\/\/lemotdujour.fr\/index.php?rest_route=%2Fwp%2Fv2%2Fcategories&post=6540"},{"taxonomy":"post_tag","embeddable":true,"href":"https:\/\/lemotdujour.fr\/index.php?rest_route=%2Fwp%2Fv2%2Ftags&post=6540"}],"curies":[{"name":"wp","href":"https:\/\/api.w.org\/{rel}","templated":true}]}}