{"id":652,"date":"2014-03-21T01:00:00","date_gmt":"2014-03-20T22:00:00","guid":{"rendered":"http:\/\/lemotdujour.fr\/?p=652"},"modified":"2017-05-08T13:21:28","modified_gmt":"2017-05-08T11:21:28","slug":"vendredi-21032014","status":"publish","type":"post","link":"https:\/\/lemotdujour.fr\/?p=652","title":{"rendered":"Vendredi 21\/03\/2014"},"content":{"rendered":"<div class=\"mdjDate\">Vendredi 21\/03\/2014<\/div>\n<div class=\"mdjTexte\">\u00abNous serons trois dans cette aventure\u00bb<\/div>\n<div class=\"mdjAuteur\">Professeur Alain Carpentier<\/div>\n<div class=\"mdjComplements\">Ce sont les propos que le professeur Carpentier a dit \u00e0 son patient Claude Dany \u00e0 qui il allait implanter le premier c\u0153ur artificiel apr\u00e8s lui avoir demand\u00e9 s&rsquo;il \u00e9tait croyant.<\/div>\n<div class=\"mdjComplements\">Le mot du jour a souvent \u00e9t\u00e9 l&rsquo;occasion pour moi de dire tout le mal que je pensais de ces religions qui culpabilisent, imposent une chape de plomb sur une soci\u00e9t\u00e9 et rendent les gens tout simplement stupides.<\/div>\n<div class=\"mdjComplements\">J&rsquo;ajoutais toujours mais&#8230; je ne parle pas du spirituel.<\/div>\n<div class=\"mdjComplements\">Mais dit comme \u00e7a, c&rsquo;est conceptuel !<\/div>\n<div class=\"mdjComplements\">Quand on est dans la vrai vie qui met en face un homme au seuil de la mort et un vieux professeur qui veut tenter une nouvelle exp\u00e9rience scientifique pleine de promesse, dire ces simples mots : \u00ab\u00a0Nous serons trois\u00a0\u00bb cela prend un tout autre sens.<\/div>\n<div class=\"mdjComplements\">L&rsquo;\u00e9pisode du c\u0153ur artificiel a \u00e9t\u00e9 rapport\u00e9 par la revue de presse de France Inter du 20 mars. En voici un extrait :<\/div>\n<div class=\"mdjCiter\">Quand le professeur Carpentier entre pour la premi\u00e8re fois dans la chambre de Claude Dany, lui, le m\u00e9decin reconnu dans le monde entier, est saisi par l&rsquo;\u00e9motion.<\/div>\n<div class=\"mdjCiter\">[Le professeur Alain Carpentier, est n\u00e9 le 11 ao\u00fbt 1933, il a 80 ans. Claude Dany en a 75.]<\/div>\n<div class=\"mdjCiter\">Trente ann\u00e9es de sa vie vont se jouer en quelques minutes. Mais pour l&rsquo;homme allong\u00e9 face \u00e0 lui, moustache blanche, carrure d&rsquo;athl\u00e8te mais c\u0153ur \u00e0 bout de souffle, c&rsquo;est sa vie tout court qui est en jeu.<\/div>\n<div class=\"mdjCiter\">&#8211; Vous savez pourquoi je suis l\u00e0 ? demande le professeur<\/div>\n<div class=\"mdjCiter\">&#8211; Oui, vous allez me proposer votre c\u0153ur artificiel, n&rsquo;est-ce pas ?<\/div>\n<div class=\"mdjCiter\">Dans <em>Paris Match<\/em>, cette semaine, Romain Clergeat raconte les relations entre celui qui a d\u00e9velopp\u00e9 le premier c\u0153ur enti\u00e8rement artificiel et son \u2018\u2019patient\u2019\u2019.<\/div>\n<div class=\"mdjCiter\">\u00ab\u00a0Conversation d&rsquo;une rare intensit\u00e9\u00a0\u00bb, \u00e9crit le journaliste. Deux hommes de la m\u00eame g\u00e9n\u00e9ration, deux anciens de l&rsquo;Alg\u00e9rie. Ils parlent du bled, des mechtas de Kabylie.<\/div>\n<div class=\"mdjCiter\">Le professeur demande au malade s&rsquo;il est croyant.<\/div>\n<div class=\"mdjCiter\">&#8211; Oui.<\/div>\n<div class=\"mdjCiter\">&#8211; Tr\u00e8s bien, nous serons trois dans cette aventure.<\/div>\n<div class=\"mdjCiter\">Apr\u00e8s l&rsquo;op\u00e9ration, le m\u00e9decin passait presque tous les jours. A c\u00f4t\u00e9 du lit, une main sur le bras de Claude Dany. Il avait besoin de le toucher. Il le fait parfois manger, assiste \u00e0 ses premiers pas, autorise une sortie \u00e0 la caf\u00e9t\u00e9ria.<\/div>\n<div class=\"mdjCiter\">L&rsquo;aventure a dur\u00e9 74 jours. Puis le c\u0153ur s&rsquo;est arr\u00eat\u00e9&#8230;.<\/div>\n<div class=\"mdjComplements\">Voici le lien vers cette revue de Presse : <a href=\"http:\/\/www.franceinter.fr\/emission-la-revue-de-presse-le-coeur-des-hommes\">&lt;ICI&gt;<\/a><\/div>\n","protected":false},"excerpt":{"rendered":"<p>Vendredi 21\/03\/2014 \u00abNous serons trois dans cette aventure\u00bb Professeur Alain Carpentier Ce sont les propos que le professeur Carpentier a dit \u00e0 son patient Claude Dany \u00e0 qui il allait implanter le premier c\u0153ur artificiel apr\u00e8s lui avoir demand\u00e9 s&rsquo;il<\/p>\n","protected":false},"author":1,"featured_media":0,"comment_status":"closed","ping_status":"closed","sticky":false,"template":"","format":"standard","meta":{"footnotes":""},"categories":[1],"tags":[],"class_list":["post-652","post","type-post","status-publish","format-standard","hentry","category-motdujour"],"_links":{"self":[{"href":"https:\/\/lemotdujour.fr\/index.php?rest_route=\/wp\/v2\/posts\/652","targetHints":{"allow":["GET"]}}],"collection":[{"href":"https:\/\/lemotdujour.fr\/index.php?rest_route=\/wp\/v2\/posts"}],"about":[{"href":"https:\/\/lemotdujour.fr\/index.php?rest_route=\/wp\/v2\/types\/post"}],"author":[{"embeddable":true,"href":"https:\/\/lemotdujour.fr\/index.php?rest_route=\/wp\/v2\/users\/1"}],"replies":[{"embeddable":true,"href":"https:\/\/lemotdujour.fr\/index.php?rest_route=%2Fwp%2Fv2%2Fcomments&post=652"}],"version-history":[{"count":1,"href":"https:\/\/lemotdujour.fr\/index.php?rest_route=\/wp\/v2\/posts\/652\/revisions"}],"predecessor-version":[{"id":653,"href":"https:\/\/lemotdujour.fr\/index.php?rest_route=\/wp\/v2\/posts\/652\/revisions\/653"}],"wp:attachment":[{"href":"https:\/\/lemotdujour.fr\/index.php?rest_route=%2Fwp%2Fv2%2Fmedia&parent=652"}],"wp:term":[{"taxonomy":"category","embeddable":true,"href":"https:\/\/lemotdujour.fr\/index.php?rest_route=%2Fwp%2Fv2%2Fcategories&post=652"},{"taxonomy":"post_tag","embeddable":true,"href":"https:\/\/lemotdujour.fr\/index.php?rest_route=%2Fwp%2Fv2%2Ftags&post=652"}],"curies":[{"name":"wp","href":"https:\/\/api.w.org\/{rel}","templated":true}]}}