{"id":6502,"date":"2019-03-27T01:07:21","date_gmt":"2019-03-27T00:07:21","guid":{"rendered":"http:\/\/lemotdujour.fr\/?p=6502"},"modified":"2021-06-23T23:50:12","modified_gmt":"2021-06-23T21:50:12","slug":"mercredi-27-mars-2019","status":"publish","type":"post","link":"https:\/\/lemotdujour.fr\/?p=6502","title":{"rendered":"Mercredi 27 mars 2019"},"content":{"rendered":"<div class=\"mdjTexte\">\t\u00ab&nbsp;Notre soci\u00e9t\u00e9 ne tient que gr\u00e2ce aux gens gentils&nbsp;\u00bb<\/div>\n<div class=\"mdjAuteur\">\tChristophe Andr\u00e9<\/div>\n<p><span style=\"color: #777777; font-family: Arial;\">C&rsquo;est une \u00e9mission que je ne fr\u00e9quente pas, je veux parler des \u00ab&nbsp;Grandes gueules&nbsp;\u00bb de RMC.<br \/>\n<\/span><\/p>\n<p><span style=\"color: #777777; font-family: Arial;\">Mais une lecture m&rsquo;a amen\u00e9 vers un cours extrait de l&rsquo;\u00e9mission du 29 janvier 2019, dans laquelle avait \u00e9t\u00e9 invit\u00e9 Matthieu Ricard et Christophe Andr\u00e9.<br \/>\n<\/span><\/p>\n<p><span style=\"color: #777777; font-family: Arial;\">Et c&rsquo;est un petit extrait que je voudrais partager aujourd&rsquo;hui. Il se trouve <a href=\"https:\/\/rmc.bfmtv.com\/emission\/notre-societe-ne-tient-que-grace-aux-gens-gentils-1622539.html\"><span style=\"color: #0000ff;\">&lt;ICI&gt;<\/span><\/a><br \/>\n<\/span><\/p>\n<p><span style=\"color: #777777; font-family: Arial;\">Les participants de l&rsquo;\u00e9mission essaient de prendre en d\u00e9faut le chantre de la bienveillance, Matthieu Ricard mais ce dernier r\u00e9plique&nbsp;:<br \/>\n<\/span><\/p>\n<p style=\"margin-left: 28pt;\"><span style=\"color: #c00000; font-family: Arial;\">\u00ab&nbsp;J&rsquo;aime bien parler de la banalit\u00e9 du bien. Car il est clair la plupart des gens sur Terre se comportent de mani\u00e8re bienveillante les uns envers les autres, et c&rsquo;est pour \u00e7a qu&rsquo;on est choqu\u00e9s quand ce n&rsquo;est pas le cas. La banalit\u00e9 du bien, on n&rsquo;y fait plus attention. Ce qui est un bon signe !&nbsp;\u00bb<br \/>\n<\/span><\/p>\n<p><span style=\"color: #777777; font-family: Arial;\">Et Christophe Andr\u00e9 continue&nbsp;:<br \/>\n<\/span><\/p>\n<p style=\"margin-left: 28pt;\"><span style=\"color: #c00000; font-family: Arial;\">\u00ab&nbsp;Si vous voulez qu&rsquo;on parle de vous il vaut mieux donner trois claques \u00e0 quelqu&rsquo;un que lui faire un compliment.<br \/>\n<\/span><\/p>\n<p style=\"margin-left: 28pt;\"><span style=\"color: #c00000; font-family: Arial;\">Je crois que \u00e7a veut dire que \u00e7a nous angoisse, que nous sommes fascin\u00e9s par ce qui nous fait peur. Je pense que notre cerveau primitif cherche \u00e0 voir d&rsquo;o\u00f9 vient le mal et comment s&rsquo;en prot\u00e9ger.<br \/>\n<\/span><\/p>\n<p style=\"margin-left: 28pt;\"><span style=\"color: #c00000; font-family: Arial;\"><strong>Mais en r\u00e9alit\u00e9 notre soci\u00e9t\u00e9 ne tient que gr\u00e2ce aux gens gentils<\/strong>. Ce sont les bienveilleurs, ceux qui font des actes et d\u00e9livrent des paroles gentilles, sans se faire remarquer, sans rien demander.&nbsp;\u00bb<br \/>\n<\/span><\/p>\n<p><span style=\"color: #777777; font-family: Arial;\">Je crois qu&rsquo;il a profond\u00e9ment raison, c&rsquo;est gr\u00e2ce aux gens gentils que notre soci\u00e9t\u00e9 peut tenir.<br \/>\n<\/span><\/p>\n<p><span style=\"color: maroon; font-family: Arial;\">&lt;1220&gt;<\/span><\/p>\n","protected":false},"excerpt":{"rendered":"<p>\u00ab&nbsp;Notre soci\u00e9t\u00e9 ne tient que gr\u00e2ce aux gens gentils&nbsp;\u00bb Christophe Andr\u00e9 C&rsquo;est une \u00e9mission que je ne fr\u00e9quente pas, je veux parler des \u00ab&nbsp;Grandes gueules&nbsp;\u00bb de RMC. Mais une lecture m&rsquo;a amen\u00e9 vers un cours extrait de l&rsquo;\u00e9mission du 29<\/p>\n","protected":false},"author":1,"featured_media":0,"comment_status":"open","ping_status":"closed","sticky":false,"template":"","format":"standard","meta":{"footnotes":""},"categories":[1],"tags":[54,6],"class_list":["post-6502","post","type-post","status-publish","format-standard","hentry","category-motdujour","tag-humanisme","tag-philosophie"],"_links":{"self":[{"href":"https:\/\/lemotdujour.fr\/index.php?rest_route=\/wp\/v2\/posts\/6502","targetHints":{"allow":["GET"]}}],"collection":[{"href":"https:\/\/lemotdujour.fr\/index.php?rest_route=\/wp\/v2\/posts"}],"about":[{"href":"https:\/\/lemotdujour.fr\/index.php?rest_route=\/wp\/v2\/types\/post"}],"author":[{"embeddable":true,"href":"https:\/\/lemotdujour.fr\/index.php?rest_route=\/wp\/v2\/users\/1"}],"replies":[{"embeddable":true,"href":"https:\/\/lemotdujour.fr\/index.php?rest_route=%2Fwp%2Fv2%2Fcomments&post=6502"}],"version-history":[{"count":5,"href":"https:\/\/lemotdujour.fr\/index.php?rest_route=\/wp\/v2\/posts\/6502\/revisions"}],"predecessor-version":[{"id":11616,"href":"https:\/\/lemotdujour.fr\/index.php?rest_route=\/wp\/v2\/posts\/6502\/revisions\/11616"}],"wp:attachment":[{"href":"https:\/\/lemotdujour.fr\/index.php?rest_route=%2Fwp%2Fv2%2Fmedia&parent=6502"}],"wp:term":[{"taxonomy":"category","embeddable":true,"href":"https:\/\/lemotdujour.fr\/index.php?rest_route=%2Fwp%2Fv2%2Fcategories&post=6502"},{"taxonomy":"post_tag","embeddable":true,"href":"https:\/\/lemotdujour.fr\/index.php?rest_route=%2Fwp%2Fv2%2Ftags&post=6502"}],"curies":[{"name":"wp","href":"https:\/\/api.w.org\/{rel}","templated":true}]}}