{"id":6486,"date":"2019-03-25T00:53:05","date_gmt":"2019-03-24T23:53:05","guid":{"rendered":"http:\/\/lemotdujour.fr\/?p=6486"},"modified":"2021-06-23T23:52:47","modified_gmt":"2021-06-23T21:52:47","slug":"lundi-25-mars-2019","status":"publish","type":"post","link":"https:\/\/lemotdujour.fr\/?p=6486","title":{"rendered":"Lundi 25 mars 2019"},"content":{"rendered":"<div class=\"mdjTexte\">\t\u00ab&nbsp;J\u2019aime appuyer ma main sur le tronc d\u2019un arbre devant lequel je passe, non pour m\u2019assurer de l\u2019existence de l\u2019arbre \u2013 dont je ne doute pas \u2013 mais de la mienne.&nbsp;\u00bb<\/div>\n<div class=\"mdjAuteur\">\tChristian Bobin<\/div>\n<p><span style=\"color: #777777; font-family: Arial;\">Nous avons tous un arbre qui a marqu\u00e9 notre vie. Je me souviens du poirier qui se trouvait dans le jardin de mes parents. Et je me souviens aussi avec douleur lorsque je l&rsquo;ai vu abattu par les nouveaux propri\u00e9taires qui avaient rachet\u00e9 la maison. Annie se souvient des 4 magnifiques arbres centenaires qui se trouvent au milieu de la Place de la r\u00e9publique de Strasbourg. Wikipedia nous apprend que le nom de ces arbres est <a title=\"Ginkgo biloba\" href=\"https:\/\/fr.wikipedia.org\/wiki\/Ginkgo_biloba\"><span style=\"color: #0070c0;\"><span style=\"color: #0000ff;\">ginkgo biloba<\/span><\/span><\/a>; et que ces arbres auraient \u00e9t\u00e9 offerts \u00e0 Guillaume Ier par l&#8217;empereur du Japon Mutsuhito vers 1880.<\/span><\/p>\n<p><span style=\"color: #777777; font-family: Arial;\"> Car, <img loading=\"lazy\" decoding=\"async\" class=\"alignleft\" src=\"https:\/\/lemotdujour.fr\/wp-content\/uploads\/2019\/03\/032419_2152_Lundi25mars1.jpg\" alt=\"\" width=\"418\" height=\"557\" align=\"left\">bien s\u00fbr en 1880, Strasbourg \u00e9tait allemande.<br \/>\n<\/span><\/p>\n<p><span style=\"color: #777777; font-family: Arial;\">Pour en revenir \u00e0 l&rsquo;exergue et \u00e0 la phrase de Christian Bobin, une visite, hier, au Parc de la T\u00eate d&rsquo;or a permis de r\u00e9aliser son v\u0153u.<br \/>\n<\/span><\/p>\n<p><span style=\"color: #777777; font-family: Arial;\">Une \u00e9mission de France Culture, d\u00e9j\u00e0 ancienne, a \u00e9voqu\u00e9 cette pens\u00e9e du po\u00e8te&nbsp;: <span style=\"color: #0000ff;\"><a style=\"color: #0000ff;\" href=\"https:\/\/www.franceculture.fr\/emissions\/sur-les-docks-14-15\/jai-un-arbre-dans-ma-vie\">&lt;J&rsquo;ai un arbre dans ma vie&gt;<\/a><\/span><br \/>\n<\/span><\/p>\n<p><span style=\"color: #777777; font-family: Arial;\">Et une autre plus r\u00e9cente dont l&rsquo;un des invit\u00e9s \u00e9tait <strong>Peter Wohlleben<\/strong>&nbsp;: <span style=\"color: #0000ff;\">&lt;<a style=\"color: #0000ff;\" href=\"https:\/\/www.franceculture.fr\/emissions\/de-cause-effets-le-magazine-de-lenvironnement\/raconte-moi-les-arbres\">Raconte-moi les arbres !&gt;<\/a><\/span><br \/>\n<\/span><\/p>\n<p><span style=\"color: #777777; font-family: Arial;\">Wohlleben qui est l&rsquo;auteur de \u00ab<span style=\"color: blue;\">&nbsp;<span style=\"color: #0000ff;\"><a style=\"color: #0000ff;\" href=\"https:\/\/www.leslibraires.fr\/livre\/10826076-la-vie-secrete-des-arbres-peter-wohlleben-les-arenes\"><span style=\"text-decoration: underline;\"><strong>La vie secr\u00e8te des arbres<\/strong>&nbsp;<\/span><\/a><\/span><span style=\"color: #777777;\">\u00bb dont j&rsquo;avais parl\u00e9 lors du mot du jour du <span style=\"color: #0000ff;\"><a style=\"color: #0000ff;\" href=\"https:\/\/lemotdujour.fr\/?p=3787\">&lt;22 d\u00e9cembre 2017<\/a>&gt;<\/span><br \/>\n<\/span><\/span><\/span><\/p>\n<p><span style=\"color: #777777; font-family: Arial;\">Peter Wohlleben qui racontent la vie des arbres, des communaut\u00e9s d&rsquo;arbres qui partagent, coop\u00e8rent, communiquent entre eux..<br \/>\n<\/span><\/p>\n<p><span style=\"color: #777777; font-family: Arial;\">Car l&rsquo;arbre est un v\u00e9g\u00e9tal mais c&rsquo;est avant tout un \u00eatre vivant.<br \/>\n<\/span><\/p>\n<p><span style=\"color: #777777; font-family: Arial;\">Et ce sont \u00eatres vivants ayant le plus d&rsquo;exp\u00e9rience, il existe des arbres qui sont \u00e2g\u00e9s de milliers d&rsquo;ann\u00e9es.<br \/>\n<\/span><\/p>\n<p><span style=\"color: #777777; font-family: Arial;\">Ce <span style=\"color: #0000ff;\"><a style=\"color: #0000ff;\" href=\"http:\/\/www.regardsurlemonde.fr\/blog\/les-arbres-les-plus-vieux-du-monde\">&lt;site&gt;<\/a><\/span> Regard sur le monde \u00e9num\u00e8re, selon les connaissances actuelles, les plus vieux arbres du monde.<br \/>\n<\/span><\/p>\n<p><span style=\"color: #777777; font-family: Arial;\">3000 ans est un \u00e2ge relativement fr\u00e9quent.<br \/>\n<\/span><\/p>\n<p><span style=\"color: #777777; font-family: Arial;\">Et quand on mesure des colonies d&rsquo;arbres issues d&rsquo;une racine m\u00e8re unique on arrive \u00e0 des \u00e9poques encore plus anciennes. Ainsi dans l&rsquo;Utah, on a d\u00e9tect\u00e9 une colonie clonale de peupliers qu&rsquo;on a appel\u00e9 \u00ab&nbsp;Pando&nbsp;\u00bb. Cette colonie de 40 hectares est consid\u00e9r\u00e9e comme l&rsquo;organisme vivant le plus lourd et le plus vieux de la plan\u00e8te avec un poids estim\u00e9 \u00e0 6 millions de kilogrammes et un <strong>\u00e2ge de 80&nbsp;000 ans<\/strong>. Toutes les pousses sont issues d&rsquo;un immense syst\u00e8me racinaire unique.<br \/>\n<\/span><\/p>\n<p><a href=\"https:\/\/www.futura-sciences.com\/planete\/actualites\/botanique-top-12-vegetaux-plus-ages-monde-57602\/\"><span style=\"font-family: Arial;\"><span style=\"color: #0000ff;\">&lt;Cette page de Futura-sciences&gt;<\/span>.<\/span><\/a><span style=\"color: #777777; font-family: Arial;\"> fait aussi le point sur les v\u00e9g\u00e9taux les plus anciens de notre plan\u00e8te.<br \/>\n<\/span><\/p>\n<p><span style=\"color: #777777; font-family: Arial;\">Nous ne pouvons qu&rsquo;\u00eatre tr\u00e8s humbles devant tant d&rsquo;exp\u00e9rience.<br \/>\n<\/span><\/p>\n<p><span style=\"color: #777777; font-family: Arial;\">Et pour finir encore deux photos d&rsquo;hier&nbsp;:<br \/>\n<\/span><\/p>\n<p><img decoding=\"async\" src=\"https:\/\/lemotdujour.fr\/wp-content\/uploads\/2019\/03\/032419_2152_Lundi25mars2.jpg\" alt=\"\"><span style=\"color: #777777; font-family: Arial;\"><span style=\"color: #800000;\">&lt;1218&gt;<\/span><br \/>\n<\/span><\/p>\n<p><span style=\"color: #777777; font-family: Arial;\"><br \/>\n<\/span><\/p>\n","protected":false},"excerpt":{"rendered":"<p>\u00ab&nbsp;J\u2019aime appuyer ma main sur le tronc d\u2019un arbre devant lequel je passe, non pour m\u2019assurer de l\u2019existence de l\u2019arbre \u2013 dont je ne doute pas \u2013 mais de la mienne.&nbsp;\u00bb Christian Bobin Nous avons tous un arbre qui a<\/p>\n","protected":false},"author":1,"featured_media":0,"comment_status":"open","ping_status":"closed","sticky":false,"template":"","format":"standard","meta":{"footnotes":""},"categories":[1],"tags":[48,6,8],"class_list":["post-6486","post","type-post","status-publish","format-standard","hentry","category-motdujour","tag-nature","tag-philosophie","tag-poesie"],"_links":{"self":[{"href":"https:\/\/lemotdujour.fr\/index.php?rest_route=\/wp\/v2\/posts\/6486","targetHints":{"allow":["GET"]}}],"collection":[{"href":"https:\/\/lemotdujour.fr\/index.php?rest_route=\/wp\/v2\/posts"}],"about":[{"href":"https:\/\/lemotdujour.fr\/index.php?rest_route=\/wp\/v2\/types\/post"}],"author":[{"embeddable":true,"href":"https:\/\/lemotdujour.fr\/index.php?rest_route=\/wp\/v2\/users\/1"}],"replies":[{"embeddable":true,"href":"https:\/\/lemotdujour.fr\/index.php?rest_route=%2Fwp%2Fv2%2Fcomments&post=6486"}],"version-history":[{"count":8,"href":"https:\/\/lemotdujour.fr\/index.php?rest_route=\/wp\/v2\/posts\/6486\/revisions"}],"predecessor-version":[{"id":11619,"href":"https:\/\/lemotdujour.fr\/index.php?rest_route=\/wp\/v2\/posts\/6486\/revisions\/11619"}],"wp:attachment":[{"href":"https:\/\/lemotdujour.fr\/index.php?rest_route=%2Fwp%2Fv2%2Fmedia&parent=6486"}],"wp:term":[{"taxonomy":"category","embeddable":true,"href":"https:\/\/lemotdujour.fr\/index.php?rest_route=%2Fwp%2Fv2%2Fcategories&post=6486"},{"taxonomy":"post_tag","embeddable":true,"href":"https:\/\/lemotdujour.fr\/index.php?rest_route=%2Fwp%2Fv2%2Ftags&post=6486"}],"curies":[{"name":"wp","href":"https:\/\/api.w.org\/{rel}","templated":true}]}}