{"id":6476,"date":"2019-03-22T00:12:59","date_gmt":"2019-03-21T23:12:59","guid":{"rendered":"http:\/\/lemotdujour.fr\/?p=6476"},"modified":"2022-02-10T23:11:45","modified_gmt":"2022-02-10T22:11:45","slug":"vendredi-22-mars-2019","status":"publish","type":"post","link":"https:\/\/lemotdujour.fr\/?p=6476","title":{"rendered":"Vendredi 22 mars 2019"},"content":{"rendered":"<div class=\"mdjTexte\">\u00ab Vagabonds du monde, nous avons perdu un sage. Hackers pour le droit, nous sommes un de moins. Parents, nous avons perdu un enfant. Pleurons \u00bb&nbsp;\u00bb<\/div>\n<div class=\"mdjAuteur\">Tim Berners-Lee, l\u2019inventeur du Web l<span style=\"color: #0000ff;\"><a style=\"color: #0000ff;\" href=\"https:\/\/www.mediapart.fr\/journal\/international\/150113\/aaron-swartz-martyr-de-lhacktivisme?page_article=2\">e lendemain du suicide d\u2019Aaron Schwartz, le 11 janvier 2013<\/a><\/span><\/div>\n<p><span style=\"color: #777777; font-family: Arial;\">Les deux premiers mots du jour de la semaine concernait le Web et notamment son inventeur&nbsp;d&rsquo;il y a 30 ans : Tim Berners-Lee. Pour finir cette semaine je veux \u00e9voquer un autre mythe du Web.<br \/>\n<\/span><\/p>\n<p><a href=\"https:\/\/fr.wikipedia.org\/wiki\/Aaron_Swartz\"><span style=\"font-family: Arial;\"><span style=\"color: #0000ff;\">Aaron Schwartz<\/span><\/span><\/a><span style=\"color: #777777; font-family: Arial;\"> est connu par tous celles et ceux qui ont une culture num\u00e9rique et se sont int\u00e9ress\u00e9s au d\u00e9but du Web.<br \/>\n<\/span><\/p>\n<p><span style=\"color: #777777; font-family: Arial;\">C&rsquo;\u00e9tait un g\u00e9nie il est n\u00e9 le 8 novembre 1986 et il s&rsquo;est donn\u00e9 la mort \u00e0 26 ans parce que le monde \u00e9tait contre son id\u00e9alisme de partage des connaissances et de coop\u00e9ration.<br \/>\n<\/span><\/p>\n<p><span style=\"color: #777777; font-family: Arial;\">Il \u00e9tait \u00e0 la fois technicien de l&rsquo;informatique, inventeur et penseur politique. Il \u00e9crivait beaucoup. Un livre paru en 2017 en France&nbsp;: \u00ab&nbsp;<a href=\"https:\/\/livre.fnac.com\/a10199581\/Aaron-Swartz-Celui-qui-pourrait-changer-le-monde\"><span style=\"color: #0000ff;\">Celui qui pourrait changer le monde&nbsp;<\/span><\/a>\u00bb rassemble ses principaux textes qui refl\u00e8tent son engagement intellectuel sur des enjeux soci\u00e9taux dont le droit d&rsquo;auteur, la libert\u00e9 d&rsquo;acc\u00e8s des connaissances et des savoirs dont les publications scientifiques ou la transparence en politique.<br \/>\n<\/span><\/p>\n<p><img loading=\"lazy\" decoding=\"async\" class=\"alignleft\" src=\"https:\/\/lemotdujour.fr\/wp-content\/uploads\/2019\/03\/032119_2101_Vendredi22m1.jpg\" alt=\"\" width=\"253\" height=\"408\" align=\"left\"><span style=\"color: #777777; font-family: Arial;\">La pr\u00e9face de ce livre de Lawrence Lessig, professeur de Harvard, autre grand penseur d&rsquo;Internet que j&rsquo;ai d\u00e9j\u00e0 \u00e9voqu\u00e9 plusieurs fois.<br \/>\n<\/span><\/p>\n<p><span style=\"color: #777777; font-family: Arial;\">D&rsquo;abord en parlant de son c\u00e9l\u00e8bre article de 2000 \u00ab<a href=\"https:\/\/lemotdujour.fr\/?p=1658\"><span style=\"color: #0000ff;\">The code is Law<\/span><\/a>\u00bb, \u00able code est Loi\u00bb. Et aussi par le mot du jour du &lt;<span style=\"color: #0000ff;\"><a style=\"color: #0000ff;\" href=\"https:\/\/lemotdujour.fr\/?p=2601\">23 juin 2017<\/a><\/span>&gt; o\u00f9 il exprimait qu&rsquo;<span style=\"color: #c00000;\">\u00abAujourd&rsquo;hui dans toutes les grandes d\u00e9mocraties, nous avons le sentiment que le syst\u00e8me a failli\u00bb<span style=\"color: #777777;\"><br \/>\n<\/span><\/span><\/span><\/p>\n<p><span style=\"color: #777777; font-family: Arial;\">Lawrence Lessig \u00e9tait particuli\u00e8rement admiratif de ce jeune homme.<br \/>\n<\/span><\/p>\n<p><span style=\"color: #777777; font-family: Arial;\">Wikip\u00e9dia nous apprend que malgr\u00e9 son jeune \u00e2ge et bien qu&rsquo;il n&rsquo;ait pas les dipl\u00f4mes requis, Lawrence Lessig le nomme chercheur dans le centre de recherche le \u00ab Safra Center for Ethics \u00bb ax\u00e9 sur la corruption institutionnelle de l&rsquo;universit\u00e9 Harvard. Au d\u00e9but de leur relation, le juriste \u00e9tait comme un professeur pour Aaron, \u00ab <span style=\"color: #c00000;\">mais \u00e0 la fin, c&rsquo;\u00e9tait lui mon mentor et moi son \u00e9l\u00e8ve<span style=\"color: #777777;\">&#8230; \u00bb.<br \/>\n<\/span><\/span><\/span><\/p>\n<p><span style=\"color: #777777; font-family: Arial;\">Lawrence Lessig le pr\u00e9sente de la mani\u00e8re suivante :<br \/>\n<\/span><\/p>\n<p style=\"margin-left: 28pt;\"><span style=\"color: #c00000; font-family: Arial;\">\u00ab Aaron a appris plus de choses que la plupart d&rsquo;entre nous n&rsquo;en apprendront jamais et il a \u00e9labor\u00e9 plus de choses que la plupart d&rsquo;entre nous n&rsquo;en \u00e9laboreront jamais. [&#8230;] Peu d&rsquo;entre nous auront jamais une influence, ne serait-ce que vaguement comparable, \u00e0 celle qu&rsquo;a eue ce gar\u00e7on \u00bb.<br \/>\n<\/span><\/p>\n<p><span style=\"color: #777777; font-family: Arial;\">Wikipedia nous rapporte ses actions selon son \u00e2ge&nbsp;:<br \/>\n<\/span><\/p>\n<ul>\n<li><span style=\"color: #777777; font-family: Arial;\">\u00c0 12 ans, il cr\u00e9e The Info Network, une encyclop\u00e9die \u00e9dit\u00e9e par les internautes, qui repose sur un principe de collaboration ouvert aux internautes comme Wikip\u00e9dia10.<br \/>\n<\/span><\/li>\n<li><span style=\"color: #777777; font-family: Arial;\">\u00c0 13 ans, il re\u00e7oit l&rsquo;ArsDigita Prize, qui r\u00e9compense les jeunes gens ayant cr\u00e9\u00e9 des sites non commerciaux \u00ab utiles, \u00e9ducatifs et collaboratifs \u00bb. Le titre lui donne droit \u00e0 un voyage au MIT, o\u00f9 il rencontre des personnalit\u00e9s importantes du web. Cette m\u00eame ann\u00e9e, sa rencontre avec le juriste et th\u00e9oricien du droit de l&rsquo;internet, Lawrence Lessig lors d&rsquo;une conf\u00e9rence TED fut le point de d\u00e9part d&rsquo;une longue collaboration.<br \/>\n<\/span><\/li>\n<li><span style=\"color: #777777; font-family: Arial;\">\u00c0 14 ans, il participe \u00e0 l&rsquo;\u00e9laboration de la sp\u00e9cification 1.0 du format RSS, une technologie permettant de recevoir en direct les mises \u00e0 jour de sites web.<br \/>\n<\/span><\/li>\n<li><span style=\"color: #777777; font-family: Arial;\">\u00c0 15 ans, il contribue au d\u00e9veloppement informatique de la licence Creative Commons, alternative aux licences du droit d&rsquo;auteur standard. Dans cette perspective de l&rsquo;acc\u00e8s libre du droit d&rsquo;auteur, Aaron Swartz \u00e9tait particuli\u00e8rement admiratif de Tim Berners-Lee, l&rsquo;un des principaux cr\u00e9ateurs du World Wide Web, du fait de son initiative de laisser sa cr\u00e9ation libre et gratuite pour qu&rsquo;elle puisse b\u00e9n\u00e9ficier \u00e0 un large public.<br \/>\n<\/span><\/li>\n<\/ul>\n<p><span style=\"color: #777777; font-family: Arial;\">Je vous laisse lire tous les d\u00e9tails sur<\/span><span style=\"font-family: Arial; color: #0000ff;\"><a style=\"color: #0000ff;\" href=\"https:\/\/fr.wikipedia.org\/wiki\/Aaron_Swartz\"> Wikipedia<\/a><\/span><span style=\"color: #777777; font-family: Arial;\"> et d&rsquo;autres liens que je donnerais \u00e0 la fin de ce mot du jour. Je r\u00e9sume simplement.<br \/>\n<\/span><\/p>\n<p><img decoding=\"async\" class=\"alignright\" src=\"https:\/\/lemotdujour.fr\/wp-content\/uploads\/2019\/03\/032119_2101_Vendredi22m2.jpg\" alt=\"\" align=\"left\"><span style=\"color: #777777; font-family: Arial;\">Ce que le monde de l&rsquo;\u00e9conomie lui reprochait c&rsquo;est qu&rsquo;il trouvait la propri\u00e9t\u00e9 intellectuelle moins importante que le partage forc\u00e9ment gratuit des connaissances. Car lui n&rsquo;\u00e9tait absolument pas int\u00e9ress\u00e9 par l&rsquo;argent.<br \/>\n<\/span><\/p>\n<p><span style=\"color: #777777; font-family: Arial;\">Alors, il a fait des choses que la Loi am\u00e9ricaine ne permettait pas<br \/>\n<\/span><\/p>\n<p><span style=\"color: #777777; font-family: Arial;\">Durant son jeune \u00e2ge, il exp\u00e9rimente ce principe de libert\u00e9 d&rsquo;acc\u00e8s des contenus encyclop\u00e9diques en utilisant les collections num\u00e9riques de la biblioth\u00e8que du Congr\u00e8s am\u00e9ricain. Utilisant une partie de ses \u00e9conomies pour acqu\u00e9rir les droits des collections num\u00e9riques, il organise la publication sur le Web des archives des millions de documents sur l&rsquo;histoire et la culture am\u00e9ricaine pour les rendre disponibles en ligne, gratuitement.<br \/>\n<\/span><\/p>\n<p><span style=\"color: #777777; font-family: Arial;\">Le 19 juillet 2011, il est accus\u00e9 d&rsquo;avoir t\u00e9l\u00e9charg\u00e9 4,8 millions d&rsquo;articles scientifiques disponibles sur le site de <a href=\"https:\/\/fr.wikipedia.org\/wiki\/JSTOR\"><span style=\"color: #0000ff;\">JSTOR<\/span><\/a> qui est une biblioth\u00e8que num\u00e9rique de publications universitaires payantes. Ce n&rsquo;est pas l&rsquo;organisation JSTOR qui a pas pris l&rsquo;initiative de la d\u00e9marche judiciaire, mais le procureur des \u00c9tats-Unis Carmen Ortiz qui a engag\u00e9 des poursuites contre Aaron Swartz dans le but de le faire arr\u00eater. La Justice am\u00e9ricaine ne pouvait tol\u00e9rer cet acte qui constituait une r\u00e9volution dans le fonctionnement de l&rsquo;\u00e9conomie de la connaissance.<br \/>\n<\/span><\/p>\n<p><span style=\"color: #777777; font-family: Arial;\">Apr\u00e8s la r\u00e9v\u00e9lation de ses agissements, Aaron Swartz retourne les disques durs contenant les articles, en promettant de ne pas les diffuser. JSTOR d\u00e9cide alors de ne pas entamer de poursuites judiciaires. N\u00e9anmoins le bureau du procureur maintient cependant ses poursuites. Le MIT, traditionnel soutien de l&rsquo;internet libre, choisit de ne pas soutenir Swartz.<br \/>\n<\/span><\/p>\n<p><span style=\"color: #777777; font-family: Arial;\">Le 11 janvier 2013, Aaron Swartz s&rsquo;est pendu dans son appartement de Brooklyn. Son proc\u00e8s f\u00e9d\u00e9ral en lien avec ces accusations de fraude \u00e9lectronique devait d\u00e9buter le mois suivant. En cas de condamnation, il encourait une peine d&#8217;emprisonnement pouvant atteindre 35 ans et une amende s&rsquo;\u00e9levant jusqu&rsquo;\u00e0 1 million de dollars.<br \/>\n<\/span><\/p>\n<p><img decoding=\"async\" class=\"alignleft\" src=\"https:\/\/lemotdujour.fr\/wp-content\/uploads\/2019\/03\/032119_2101_Vendredi22m3.jpg\" alt=\"\" align=\"left\"><span style=\"color: #777777; font-family: Arial;\">Lors du mot du jour du mardi j&rsquo;ai donn\u00e9 le lien vers une \u00e9mission de France Culture&nbsp;: <span style=\"color: blue;\"><span style=\"text-decoration: underline; color: #0000ff;\">&lt;Qui a trahi le Web ?&gt;<\/span><span style=\"color: #777777;\">. Parmi les intervenants, Herv\u00e9 Gardette avait invit\u00e9 Flore Vasseur&nbsp; auteure du livre&nbsp;:&nbsp;<span style=\"color: blue;\"><span style=\"color: #0000ff;\">&lt;<a style=\"color: #0000ff;\" href=\"https:\/\/www.decitre.fr\/livres\/ce-qu-il-reste-de-nos-reves-9782849905227.html\">Ce qu&rsquo;il reste de nos r\u00eaves<\/a>&gt;. <\/span><br \/>\n<\/span><\/span><\/span><\/span><\/p>\n<p><span style=\"color: #777777; font-family: Arial;\">La &lt;<span style=\"color: #0000ff;\"><a style=\"color: #0000ff;\" href=\"https:\/\/www.youtube.com\/watch?v=DNJmfo3V4Kw&amp;t=43s\">Grande Librairie<\/a><\/span>&gt; a \u00e9galement invit\u00e9 Flore Vasseur pour parler de ce livre, ainsi que &lt;<span style=\"color: #0000ff;\"><a style=\"color: #0000ff;\" href=\"https:\/\/www.youtube.com\/watch?v=7njvee7ax-0\">La Librairie Mollat<\/a><\/span>&gt;.<\/span><\/p>\n<p><span style=\"color: #777777; font-family: Arial;\"> Ce livre est consacr\u00e9 \u00e0 Aaron Schwartz.<br \/>\n<\/span><\/p>\n<p><a href=\"https:\/\/www.lelanceur.fr\/aaron-swartz-lanceur-dalerte-sublime-par-les-mots-de-flore-vasseur\/\"><span style=\"color: red; font-family: Arial; text-decoration: underline;\"><span style=\"color: #0000ff; text-decoration: underline;\">&lt;Le site Le lanceur&gt;<\/span><\/span><\/a><span style=\"color: #00000a; font-family: Arial;\"> <span style=\"color: #777777;\">parle de ce livre avec ces termes&nbsp;: \u00ab<strong>&nbsp;Aaron Swartz, lanceur d&rsquo;alerte sublim\u00e9 par les mots de Flore Vasseur<\/strong>&nbsp;\u00bb. Il donne aussi la parole \u00e0 Flore Vasseur&nbsp;:<br \/>\n<\/span><\/span><\/p>\n<p style=\"margin-left: 28pt;\"><span style=\"color: #c00000; font-family: Arial;\">\u00ab&nbsp;Aaron \u00e9tait le meilleur d&rsquo;entre nous.<br \/>\n<\/span><\/p>\n<p style=\"margin-left: 28pt;\"><span style=\"color: #c00000; font-family: Arial;\">Il \u00e9tait adoub\u00e9 par ses pairs, ch\u00e9ri par sa famille et avait assembl\u00e9 les moyens de sa libert\u00e9 \u2013 la cr\u00e9ation de <a href=\"https:\/\/fr.wikipedia.org\/wiki\/Reddit\"><span style=\"color: #0000ff;\">REDDIT<\/span><\/a>, 6e site au monde, l&rsquo;a rendu millionnaire.<br \/>\n<\/span><\/p>\n<p style=\"margin-left: 28pt;\"><span style=\"color: #c00000; font-family: Arial;\">Et m\u00eame lui n&rsquo;a pas tenu.<br \/>\n<\/span><\/p>\n<p style=\"margin-left: 28pt;\"><span style=\"color: #c00000; font-family: Arial;\">\u00c0 travers ce r\u00e9cit, je pense \u00e0 celles et ceux qui doutent et s&rsquo;interrogent sur l&rsquo;effondrement que nous sommes en train de vivre et les in\u00e9galit\u00e9s, la corruption morale qui le sous-tend. Car c&rsquo;est mon cas depuis le 11 Septembre. Ce doute, cette col\u00e8re s&rsquo;incarnent en plein d&rsquo;endroits, les Gilets Jaunes mais aussi les artistes, les lanceurs d&rsquo;alerte, les activistes qui se l\u00e8vent et agissent. Et cela ne date pas d&rsquo;hier. Le \u00ab\u00a0syst\u00e8me\u00a0\u00bb a pass\u00e9 son temps \u00e0 nous diviser en faisant passer tous ces gens-l\u00e0, nous au fond qui doutons, qui ne voulons pas nous conformer, ob\u00e9ir ou accepter, pour des ringards, des anarchistes, des complotistes. Si nous sommes dangereux, c&rsquo;est uniquement \u00e0 l&rsquo;\u00e9gard d&rsquo;un syst\u00e8me qui veut que rien ne change.<br \/>\n<\/span><\/p>\n<p style=\"margin-left: 28pt;\"><span style=\"color: #c00000; font-family: Arial;\">Comme Aaron Swartz l&rsquo;a \u00e9t\u00e9, dangereux, en son temps. Ce qu&rsquo;il n&rsquo;a pu comprendre, c&rsquo;est que nous ne sommes pas seuls, que cela passe par nous mais que nous ne sommes pas tout. Il y a une force incroyable \u00e0 tirer de l&rsquo;humilit\u00e9 qui consiste \u00e0 croire que chacun est un maillon dans la cha\u00eene des changements \u00e0 op\u00e9rer.<br \/>\n<\/span><\/p>\n<p style=\"margin-left: 28pt;\"><span style=\"color: #c00000; font-family: Arial;\">Snowden dit la m\u00eame chose : il faut poser sa brique et accepter que cela ne soit que \u00e7a.&nbsp;\u00bb<br \/>\n<\/span><\/p>\n<p><span style=\"color: #777777; font-family: Arial;\">Et voici les liens promis&nbsp;:<br \/>\n<\/span><\/p>\n<p><span style=\"color: #777777; font-family: Arial;\">D&rsquo;abord une page de \u00ab&nbsp;<strong>France Culture<\/strong>&nbsp;\u00bb&nbsp;: <span style=\"color: #0000ff;\"><a style=\"color: #0000ff;\" href=\"https:\/\/www.franceculture.fr\/emissions\/le-numerique-et-nous\/aaron-swartz-celui-qui-pourrait-changer-le-monde\">&lt; Aaron Swartz : \u00ab&nbsp;Celui qui pourrait changer le monde&nbsp;\u00bb&gt;<\/a><\/span> avec des liens vers d&rsquo;autres pages et \u00e9missions<br \/>\n<\/span><\/p>\n<p><span style=\"color: #777777; font-family: Arial;\">Puis un article de \u00ab&nbsp;<strong>SLATE<\/strong>&nbsp;\u00bb&nbsp;: <a href=\"http:\/\/www.slate.fr\/story\/68985\/aaron-swartz-suicide\"><span style=\"color: #0000ff;\">&lt;Aaron Swartz, les myst\u00e8res d&rsquo;un id\u00e9aliste&gt;<\/span>,<\/a> un tr\u00e8s long article publi\u00e9 juste apr\u00e8s sa mort en mars 2013<span style=\"color: #1f497d;\"><br \/>\n<\/span><\/span><\/p>\n<p><span style=\"color: #777777; font-family: Arial;\"><strong>\u00ab&nbsp;LE MONDE<\/strong>&nbsp;\u00bb me donne l&rsquo;opportunit\u00e9 de proposer deux articles&nbsp;:<span style=\"color: #0000ff;\"> <a style=\"color: #0000ff;\" href=\"https:\/\/www.lemonde.fr\/pixels\/article\/2014\/06\/30\/aaron-swartz-itineraire-d-un-enfant-du-net_4447830_4408996.html\">&lt;Aaron Swartz, itin\u00e9raire d&rsquo;un enfant du Net&gt;<\/a><\/span> qui pr\u00e9sente un documentaire qui lui ait consacr\u00e9<span style=\"color: #1f497d;\"><br \/>\n<\/span><\/span><\/p>\n<p><span style=\"color: #777777; font-family: Arial;\">Cet article cite aussi son p\u00e8re Robert Schwarz&nbsp;:<br \/>\n<\/span><\/p>\n<p style=\"margin-left: 28pt;\"><span style=\"color: #c00000; font-family: Arial;\">\u00ab Jobs et Wozniak ont lanc\u00e9 Apple en cr\u00e9ant des bo\u00eetiers pour t\u00e9l\u00e9phoner gratuitement en piratant les r\u00e9seaux. Bill Gates a lanc\u00e9 Microsoft en utilisant les ordinateurs de la fac, ce qui \u00e9tait strictement interdit. La seule diff\u00e9rence entre Jobs, Gates et Aaaon, c&rsquo;est que lui voulait rendre le monde meilleur, pas gagner de l&rsquo;argent. \u00bb<br \/>\n<\/span><\/p>\n<p><a href=\"https:\/\/www.lemonde.fr\/pixels\/article\/2017\/03\/23\/quatre-ans-apres-son-suicide-l-esprit-d-aaron-swartz-plane-toujours-sur-le-web_5099539_4408996.html\"><span style=\"font-family: Arial;\"><span style=\"color: #0000ff;\">&lt;L&rsquo;esprit d&rsquo;Aaron Swartz plane toujours sur le Web&gt;<\/span><\/span><\/a><span style=\"color: #1f497d; font-family: Arial;\"> <span style=\"color: #777777;\">article qui a \u00e9t\u00e9 publi\u00e9 en 2017.<br \/>\n<\/span><\/span><\/p>\n<p><span style=\"color: #777777; font-family: Arial;\">Et enfin, un article de <strong>\u00ab&nbsp;Usbek et Rica&nbsp;\u00bb<\/strong> le magazine trimestriel qui \u00ab&nbsp;explore le futur&nbsp;\u00bb et qui constitue une lecture tr\u00e8s stimulante&nbsp;: <span style=\"color: #0000ff;\"><a style=\"color: #0000ff;\" href=\"https:\/\/usbeketrica.com\/article\/aaron-swartz-martyr-internet-libre\">&lt;Aaron Swartz, martyr \u00e9ternel de l&rsquo;Internet libre&gt;<\/a><\/span> aussi consacr\u00e9 au livre de Flore Vasseur.<br \/>\n<\/span><\/p>\n<p><span style=\"color: #777777; font-family: Arial;\">Et je voudrais finir par une photo publi\u00e9e justement par usbeketrica, elle date de 2001. Aaron Schwarz a 15 ans et il parle au grand Lawrence Lessig qui a 40 ans.<br \/>\n<\/span><\/p>\n<p><img decoding=\"async\" src=\"https:\/\/lemotdujour.fr\/wp-content\/uploads\/2019\/03\/032119_2101_Vendredi22m4.jpg\" alt=\"\"><span style=\"color: #777777; font-family: Arial;\"><br \/>\n<\/span><\/p>\n<p><span style=\"color: #777777; font-family: Arial;\">Qu&rsquo;est ce qui mieux que cette photo qui montre ce moment d&rsquo;\u00e9change entre un professeur reconnu de 40 ans avec un jeune de 15 ans permet de comprendre l&rsquo;extraordinaire intelligence de ce brillant jeune homme que le monde des rapaces et de l&rsquo;argent a conduit au suicide.<br \/>\n<\/span><\/p>\n<p><span style=\"color: maroon; font-family: Arial;\">&lt;1217&gt;<\/span><\/p>\n","protected":false},"excerpt":{"rendered":"<p>\u00ab Vagabonds du monde, nous avons perdu un sage. Hackers pour le droit, nous sommes un de moins. Parents, nous avons perdu un enfant. Pleurons \u00bb&nbsp;\u00bb Tim Berners-Lee, l\u2019inventeur du Web le lendemain du suicide d\u2019Aaron Schwartz, le 11 janvier<\/p>\n","protected":false},"author":1,"featured_media":0,"comment_status":"open","ping_status":"closed","sticky":false,"template":"","format":"standard","meta":{"footnotes":""},"categories":[1],"tags":[10,29,32],"class_list":["post-6476","post","type-post","status-publish","format-standard","hentry","category-motdujour","tag-economie","tag-hommage","tag-numerique"],"_links":{"self":[{"href":"https:\/\/lemotdujour.fr\/index.php?rest_route=\/wp\/v2\/posts\/6476","targetHints":{"allow":["GET"]}}],"collection":[{"href":"https:\/\/lemotdujour.fr\/index.php?rest_route=\/wp\/v2\/posts"}],"about":[{"href":"https:\/\/lemotdujour.fr\/index.php?rest_route=\/wp\/v2\/types\/post"}],"author":[{"embeddable":true,"href":"https:\/\/lemotdujour.fr\/index.php?rest_route=\/wp\/v2\/users\/1"}],"replies":[{"embeddable":true,"href":"https:\/\/lemotdujour.fr\/index.php?rest_route=%2Fwp%2Fv2%2Fcomments&post=6476"}],"version-history":[{"count":9,"href":"https:\/\/lemotdujour.fr\/index.php?rest_route=\/wp\/v2\/posts\/6476\/revisions"}],"predecessor-version":[{"id":13120,"href":"https:\/\/lemotdujour.fr\/index.php?rest_route=\/wp\/v2\/posts\/6476\/revisions\/13120"}],"wp:attachment":[{"href":"https:\/\/lemotdujour.fr\/index.php?rest_route=%2Fwp%2Fv2%2Fmedia&parent=6476"}],"wp:term":[{"taxonomy":"category","embeddable":true,"href":"https:\/\/lemotdujour.fr\/index.php?rest_route=%2Fwp%2Fv2%2Fcategories&post=6476"},{"taxonomy":"post_tag","embeddable":true,"href":"https:\/\/lemotdujour.fr\/index.php?rest_route=%2Fwp%2Fv2%2Ftags&post=6476"}],"curies":[{"name":"wp","href":"https:\/\/api.w.org\/{rel}","templated":true}]}}