{"id":646,"date":"2014-03-18T01:00:00","date_gmt":"2014-03-17T22:00:00","guid":{"rendered":"http:\/\/lemotdujour.fr\/?p=646"},"modified":"2017-05-08T13:21:27","modified_gmt":"2017-05-08T11:21:27","slug":"mardi-18032014","status":"publish","type":"post","link":"https:\/\/lemotdujour.fr\/?p=646","title":{"rendered":"Mardi 18\/03\/2014"},"content":{"rendered":"<div class=\"mdjDate\">Mardi 18\/03\/2014<\/div>\n<div class=\"mdjTexte\">\u00ab\u00a0Profiter de la crise\u00a0\u00bb<\/div>\n<div class=\"mdjAuteur\">Le Transnational Institute et le Corporate Europe Observatory<\/div>\n<div class=\"mdjComplements\">Profiter de la crise est le titre d&rsquo;un rapport de deux associations.<\/div>\n<div class=\"mdjComplements\"><strong>Le Corporate Europe Observatory<\/strong> (CEO ou \u00ab Observatoire de l&rsquo;Europe industrielle \u00bb) qui a son si\u00e8ge \u00e0 Bruxelles (op\u00e9rationnel) et Amsterdam (juridique). Le CEO fait de la recherche et m\u00e8ne des campagnes sur les menaces que fait peser le pouvoir \u00e9conomique et politique des grandes entreprises et leurs lobbies sur la d\u00e9mocratie, l&rsquo;\u00e9quit\u00e9, la justice sociale et l&rsquo;environnement. L&rsquo;\u00e9quipe du CEO est constitu\u00e9e d&rsquo;une dizaine de chercheurs qui travaillent en r\u00e9seau d&rsquo;un peu partout en Europe. (Pays-Bas, Belgique, Espagne, Danemark\u2026).<\/div>\n<div class=\"mdjComplements\"><strong>Le Transnational Institute (TNI)<\/strong> se d\u00e9finit lui-m\u00eame en ces termes : \u00abFond\u00e9 en 1974, le TNI est un r\u00e9seau international d\u2019experts\u2013activistes engag\u00e9s \u00e0 analyser de fa\u00e7on critique les probl\u00e8mes globaux d\u2019aujourd\u2019hui et de demain, avec l\u2019objectif de fournir un soutien intellectuel aux mouvements qui cherchent \u00e0 orienter le monde dans une direction d\u00e9mocratique, \u00e9quitable et environnementalement durable.\u00bb Il s&rsquo;agit donc d&rsquo;un think tank qui \u00e9tudie l&rsquo;impact et les cons\u00e9quences de la mondialisation \u00e9conomique dans de nombreux domaines qui touchent au \u00ab vivre ensemble \u00bb. La militante altermondialiste Susan George est pr\u00e9sidente du conseil d&rsquo;administration du TNI. Bas\u00e9e \u00e0 Amsterdam, l&rsquo;\u00e9quipe permanente du TNI se compose en 2006 de 25 personnes<\/div>\n<div class=\"mdjComplements\">Que nous explique ces deux associations ?<\/div>\n<div class=\"mdjComplements\">Que de plus en plus souvent (Daniel Cohn Bendit l&rsquo;a r\u00e9v\u00e9l\u00e9 aussi lors d&rsquo;une de ses chroniques) les multinationales attaquent les Etats sur la base de trait\u00e9s internationaux d&rsquo;investissement qui leur donne le droit d&rsquo;attaquer des \u00e9tats souverains et d\u00e9mocratiques parce que des r\u00e8gles, des lois ou des actes de ces gouvernements leur ont fait perdre de l&rsquo;argent ou des profits. C&rsquo;est d&rsquo;ailleurs un m\u00e9canisme qui devrait se trouver au centre des n\u00e9gociations transatlantiques actuellement en \u0153uvre entre les Etats Unis et l&rsquo;Europe.<\/div>\n<div class=\"mdjComplements\">S&rsquo;il s&rsquo;agissait de simplement d\u00e9fendre les investisseurs s\u00e9rieux, de l\u00e9gislations trop instables voire perverses \u00e0 leur \u00e9gard on pourrait le comprendre.<\/div>\n<div class=\"mdjComplements\">Mais ce qu&rsquo;explique ces associations, c&rsquo;est que ces attaques sont tr\u00e8s souvent le fait de sp\u00e9culateurs extr\u00eamement bien inform\u00e9s et qui surfent sur ces trait\u00e9s pour \u00ab\u00a0profiter\u00a0\u00bb de la crise et gagner des sommes consid\u00e9rables en faisant des proc\u00e8s.<\/div>\n<div class=\"mdjComplements\">Un article d'\u00a0\u00bbAgora vox\u00a0\u00bb sur ce sujet nous explique que [&#8230;] les plus de 3000 trait\u00e9s internationaux d\u2019investissements actuellement en vigueur [&#8230;] contiennent des dispositions tr\u00e8s fortes en mati\u00e8re de protection de la propri\u00e9t\u00e9 priv\u00e9e incluses dans des clauses tr\u00e8s g\u00e9n\u00e9rales comme les clauses, de \u00ab traitement juste et \u00e9quitable \u00bb ou de \u00ab protection contre l\u2019expropriation indirecte \u00bb. Le probl\u00e8me \u00e9tant que ces clauses sont interpr\u00e9t\u00e9es si largement qu\u2019elles donnent carte blanche aux entreprises pour poursuivre les \u00c9tats pour n\u2019importe quelle r\u00e9glementation qui affecteraient leurs profits actuels ou futurs. Les trait\u00e9s d\u2019investissements garantissent aux entreprises des protections cons\u00e9quentes sans donner de droits \u00e9quivalents aux \u00c9tats pour prot\u00e9ger leurs propres citoyens.<\/div>\n<div class=\"mdjComplements\">\u00ab Profiter de la crise \u00bb s\u2019int\u00e9resse tout particuli\u00e8rement \u00e0 la mani\u00e8re dont les investisseurs priv\u00e9s ont r\u00e9agi aux mesures prises par l\u2019Espagne, la Gr\u00e8ce ou encore Chypre pour prot\u00e9ger leurs \u00e9conomies dans le sillon de la crise de la dette europ\u00e9enne.<\/div>\n<div class=\"mdjComplements\">Ainsi la banque slovaque Postov\u00e1 Bank a-t-elle achet\u00e9 des obligations grecques apr\u00e8s que celles-ci ont \u00e9t\u00e9 d\u00e9grad\u00e9es, b\u00e9n\u00e9fici\u00e9 d\u2019un tr\u00e8s g\u00e9n\u00e9reux accord de restructuration de dette, et n\u00e9anmoins tent\u00e9 d\u2019en obtenir un meilleur en poursuivant la Gr\u00e8ce sur la base du trait\u00e9 d\u2019investissement bilat\u00e9ral (TIB) entre la Slovaquie et la Gr\u00e8ce.<\/div>\n<div class=\"mdjComplements\">A Chypre, un fonds de placement r\u00e9f\u00e9renc\u00e9 en Gr\u00e8ce, Marfin Investment Group, impliqu\u00e9 dans une s\u00e9rie de pr\u00eats douteux, r\u00e9clame \u00e0 Chypre 823 millions d\u2019euros en compensation d\u2019investissements perdus au motif de la nationalisation de la Laiki Bank, qui figurait dans l\u2019accord de restructuration de la dette pass\u00e9 avec l\u2019Union europ\u00e9enne.<\/div>\n<div class=\"mdjComplements\">En Espagne, 22 entreprises (au moment o\u00f9 nous \u00e9crivons), pour la plupart des fonds d\u2019investissements, poursuivent le gouvernement devant des tribunaux internationaux pour des coupes dans les subventions aux \u00e9nergies renouvelables. Ces coupes ont \u00e9t\u00e9 aussi critiqu\u00e9es par les \u00e9cologistes, mais seuls les investisseurs \u00e9trangers ont la possibilit\u00e9 de les attaquer en justice, et il va sans dire que s\u2019ils gagnent, ce seront les citoyens espagnols, d\u00e9j\u00e0 largement affect\u00e9s par la crise, qui paieront pour enrichir ces fonds d\u2019investissements.<\/div>\n<div class=\"mdjComplements\">Si vous voulez en savoir plus vous pouvez lire l&rsquo;article <a href=\"http:\/\/www.agoravox.fr\/tribune-libre\/article\/comment-les-multinationales-149172\">&lt;Sur le site d&rsquo;Agora Vox&gt;<\/a><\/div>\n","protected":false},"excerpt":{"rendered":"<p>Mardi 18\/03\/2014 \u00ab\u00a0Profiter de la crise\u00a0\u00bb Le Transnational Institute et le Corporate Europe Observatory Profiter de la crise est le titre d&rsquo;un rapport de deux associations. Le Corporate Europe Observatory (CEO ou \u00ab Observatoire de l&rsquo;Europe industrielle \u00bb) qui a<\/p>\n","protected":false},"author":1,"featured_media":0,"comment_status":"closed","ping_status":"closed","sticky":false,"template":"","format":"standard","meta":{"footnotes":""},"categories":[1],"tags":[],"class_list":["post-646","post","type-post","status-publish","format-standard","hentry","category-motdujour"],"_links":{"self":[{"href":"https:\/\/lemotdujour.fr\/index.php?rest_route=\/wp\/v2\/posts\/646","targetHints":{"allow":["GET"]}}],"collection":[{"href":"https:\/\/lemotdujour.fr\/index.php?rest_route=\/wp\/v2\/posts"}],"about":[{"href":"https:\/\/lemotdujour.fr\/index.php?rest_route=\/wp\/v2\/types\/post"}],"author":[{"embeddable":true,"href":"https:\/\/lemotdujour.fr\/index.php?rest_route=\/wp\/v2\/users\/1"}],"replies":[{"embeddable":true,"href":"https:\/\/lemotdujour.fr\/index.php?rest_route=%2Fwp%2Fv2%2Fcomments&post=646"}],"version-history":[{"count":1,"href":"https:\/\/lemotdujour.fr\/index.php?rest_route=\/wp\/v2\/posts\/646\/revisions"}],"predecessor-version":[{"id":647,"href":"https:\/\/lemotdujour.fr\/index.php?rest_route=\/wp\/v2\/posts\/646\/revisions\/647"}],"wp:attachment":[{"href":"https:\/\/lemotdujour.fr\/index.php?rest_route=%2Fwp%2Fv2%2Fmedia&parent=646"}],"wp:term":[{"taxonomy":"category","embeddable":true,"href":"https:\/\/lemotdujour.fr\/index.php?rest_route=%2Fwp%2Fv2%2Fcategories&post=646"},{"taxonomy":"post_tag","embeddable":true,"href":"https:\/\/lemotdujour.fr\/index.php?rest_route=%2Fwp%2Fv2%2Ftags&post=646"}],"curies":[{"name":"wp","href":"https:\/\/api.w.org\/{rel}","templated":true}]}}