{"id":6437,"date":"2019-03-18T02:07:15","date_gmt":"2019-03-18T01:07:15","guid":{"rendered":"http:\/\/lemotdujour.fr\/?p=6437"},"modified":"2021-06-23T23:59:48","modified_gmt":"2021-06-23T21:59:48","slug":"lundi-18-mars-2019","status":"publish","type":"post","link":"https:\/\/lemotdujour.fr\/?p=6437","title":{"rendered":"Lundi 18 mars 2019"},"content":{"rendered":"<div class=\"mdjTexte\">\t\u00ab&nbsp;Vague mais prometteur&nbsp;\u00bb<\/div>\n<div class=\"mdjAuteur\">\tMike Sendall \u00e0 Tim Berners-Lee, quand ce dernier lui apporta un document d\u00e9crivant le Web en mars 1989<\/div>\n<p><span style=\"color: #777777; font-family: Arial;\"><strong>Le Web est n\u00e9 il y a 30 ans<\/strong>.<br \/>\n<\/span><\/p>\n<p><img loading=\"lazy\" decoding=\"async\" class=\"alignleft\" src=\"https:\/\/lemotdujour.fr\/wp-content\/uploads\/2019\/03\/031719_2206_Lundi18mars1.jpg\" alt=\"\" width=\"283\" height=\"261\" align=\"left\"><span style=\"color: #777777; font-family: Arial;\">Tout le monde accepte de reconnaitre l&rsquo;informaticien britannique <strong>Tim Berners-Lee<\/strong> qui travaillait \u00e0 l&rsquo;\u00e9poque au CERN, comme son inventeur.<br \/>\n<\/span><\/p>\n<p><span style=\"color: #777777; font-family: Arial;\">Le <span style=\"color: #0000ff;\"><a style=\"color: #0000ff;\" href=\"https:\/\/home.cern\/fr\">CERN<\/a><\/span> (Conseil Europ\u00e9en pour la Recherche Nucl\u00e9aire) est une organisation europ\u00e9enne situ\u00e9e pr\u00e8s de Gen\u00e8ve et qui a \u00e9t\u00e9 cr\u00e9\u00e9 par 11 gouvernements europ\u00e9ens. Il s&rsquo;agit donc d&rsquo;une organisation administrative et hi\u00e9rarchique. C&rsquo;est pourquoi Tim Berners-Lee avait un sup\u00e9rieur hi\u00e9rarchique du nom de <strong>Mike Sendall<\/strong>. Et c&rsquo;est pourquoi ce remarquable inventeur d\u00e9posa, sur le bureau de son chef, un document donnant les bases du <strong><em>World Wide Web<\/em><\/strong> (<strong>WWW<\/strong>), appel\u00e9 d\u00e9sormais le Web, pour obtenir son avis et validation. Sendall qualifia alors le travail de Tim Berners-Lee de&nbsp;:<br \/>\n<\/span><\/p>\n<p style=\"margin-left: 28pt;\"><span style=\"color: #c00000; font-family: Arial;\">\u00ab Vague, mais prometteur \u00bb.<br \/>\n<\/span><\/p>\n<p><span style=\"color: #777777; font-family: Arial;\">A ce moment, je ne peux m&#8217;emp\u00eacher de rapporter ce \u00ab&nbsp;joke&nbsp;\u00bb (plaisanterie en fran\u00e7ais) que j&rsquo;ai entendu de la bouche de Michel Serres&nbsp;: Une jeune fille incr\u00e9dule demanda \u00e0 sa m\u00e8re&nbsp;: \u00ab&nbsp;&#8211; <span style=\"color: #c00000;\">Maman tu m&rsquo;as bien dit que vous n&rsquo;aviez pas d&rsquo;ordinateur \u00e0 la maison quand tu avais mon \u00e2ge. \u2013 Oui ma ch\u00e9rie&nbsp;! \u2013 Mais alors comment faisiez-vous pour aller sur le Web&nbsp;?&nbsp;<span style=\"color: #777777;\">\u00bb<br \/>\n<\/span><\/span><\/span><\/p>\n<p><span style=\"color: #777777; font-family: Arial;\">Si vous n&rsquo;\u00eates pas \u00e0 l&rsquo;aise avec tous ces concepts, un rappel s&rsquo;impose.<br \/>\n<\/span><\/p>\n<p><span style=\"color: #777777; font-family: Arial;\">Internet n&rsquo;est pas le Web, il est le r\u00e9seau qui permet le Web, mais il est aussi le support du courrier \u00e9lectronique, de la messagerie instantan\u00e9e, du pair-\u00e0-pair. Donc confondre le World Wide Web et Internet constitue une erreur. Internet est le r\u00e9seau informatique mondial accessible au public. C&rsquo;est un <a href=\"https:\/\/fr.wikipedia.org\/wiki\/Internet\"><span style=\"color: #0000ff;\">r\u00e9seau de r\u00e9seaux<\/span><\/a>, \u00e0 commutation de paquets, sans centre n\u00e9vralgique, compos\u00e9 de millions de r\u00e9seaux aussi bien publics que priv\u00e9s, universitaires, commerciaux et gouvernementaux, eux-m\u00eames regroup\u00e9s en r\u00e9seaux autonomes.<br \/>\n<\/span><\/p>\n<p><span style=\"color: #777777; font-family: Arial;\">Internet existait d\u00e9j\u00e0 quand Tim Berners-Lee a invent\u00e9 le Web.<br \/>\n<\/span><\/p>\n<p><span style=\"color: #777777; font-family: Arial;\">Le terme d&rsquo;origine am\u00e9ricaine \u00ab Internet \u00bb est d\u00e9riv\u00e9 du concept d&rsquo;internetting (en fran\u00e7ais : \u00ab interconnecter des r\u00e9seaux \u00bb) dont la premi\u00e8re utilisation document\u00e9e remonte \u00e0 octobre 1972 par Robert E. Kahn, \u00e0 Washington.<br \/>\n<\/span><\/p>\n<p><span style=\"color: #777777; font-family: Arial;\">Les origines exactes du terme \u00ab Internet \u00bb restent \u00e0 d\u00e9terminer. Toutefois, c&rsquo;est le 1er janvier 1983 que le nom \u00ab Internet \u00bb, d\u00e9j\u00e0 en usage pour d\u00e9signer l&rsquo;ensemble d&rsquo;ARPANET et de plusieurs r\u00e9seaux informatiques, est devenu officiel.<br \/>\n<\/span><\/p>\n<p><a href=\"https:\/\/fr.wikipedia.org\/wiki\/Internet\"><span style=\"font-family: Arial;\"><span style=\"color: #0000ff;\">Wikipedia<\/span><\/span><\/a><span style=\"color: #777777; font-family: Arial;\"> vous expliquera cela tr\u00e8s bien et vous contera l&rsquo;histoire d&rsquo;<span style=\"color: #0000ff;\"><a style=\"color: #0000ff;\" href=\"https:\/\/fr.wikipedia.org\/wiki\/ARPANET\">Arpanet<\/a> <\/span>qui est l&rsquo;anc\u00eatre d&rsquo;internet et qui a \u00e9t\u00e9 mis au point par des chercheurs am\u00e9ricains pour leurs propres besoins et les besoins de l&rsquo;arm\u00e9e.<br \/>\n<\/span><\/p>\n<p><span style=\"color: #777777; font-family: Arial;\">Sur le r\u00e9seau mondial il a donc \u00e9t\u00e9 possible de cr\u00e9er le World Wide Web (WWW), litt\u00e9ralement la \u00ab toile (d&rsquo;araign\u00e9e) \u00e0 l&rsquo;\u00e9chelle mondiale \u00bb. Le Web permet de consulter, avec un navigateur, des pages accessibles sur des sites. L&rsquo;image de la toile d&rsquo;araign\u00e9e vient des hyperliens qui lient les pages web entre elles. Il cr\u00e9e donc les hyperliens, le langage html, le concept de serveur http, l&rsquo;adresse IP. Bref, tout ce qui vous permet de venir sur ce blog et de lire les articles que je r\u00e9dige \u00e0 partir de mon ordinateur personnel, dans mon appartement apr\u00e8s avoir moi-m\u00eame navigu\u00e9 sur le Web pour trouver toutes les informations qui me sont n\u00e9cessaires pour alimenter et \u00e9claircir mon propos.<br \/>\n<\/span><\/p>\n<p><a href=\"https:\/\/www.lemonde.fr\/pixels\/article\/2019\/02\/14\/les-30-ans-du-web-de-l-utopie-a-un-capitalisme-de-surveillance_5423578_4408996.html\"><span style=\"font-family: Arial;\"><span style=\"color: #0000ff;\">&lt;Le Monde&gt;<\/span><\/span><\/a><span style=\"color: #777777; font-family: Arial;\"> d\u00e9crit cet \u00e9change et ce qui s&rsquo;en suivit de la mani\u00e8re suivante&nbsp;:<br \/>\n<\/span><\/p>\n<p style=\"margin-left: 28pt;\"><span style=\"color: #c00000; font-family: Arial;\">\u00ab&nbsp;Le 12 mars 1989, l&rsquo;informaticien britannique Tim Berners-Lee d\u00e9pose sur le bureau de son chef de service, Mike Sendall, un topo de quelques pages intitul\u00e9 \u00ab <strong>Gestion de l&rsquo;information : une proposition<\/strong> \u00bb. Il y d\u00e9crit sommairement les moyens de consulter directement l&rsquo;\u00e9norme base de donn\u00e9es du CERN, le laboratoire de physique nucl\u00e9aire europ\u00e9en, stock\u00e9e sur plusieurs ordinateurs, en allant chercher \u00e0 son gr\u00e9, gr\u00e2ce \u00e0 des liens hypertextes, toute l&rsquo;information disponible.<br \/>\n<\/span><\/p>\n<p style=\"margin-left: 28pt;\"><span style=\"color: #c00000; font-family: Arial;\">Les bases techniques d&rsquo;une circulation souple dans les donn\u00e9es num\u00e9ris\u00e9es sont jet\u00e9es : le Web est invent\u00e9. \u00ab Vague, mais prometteur \u00bb, lui r\u00e9pond Sendall.<br \/>\n<\/span><\/p>\n<p style=\"margin-left: 28pt;\"><span style=\"color: #c00000; font-family: Arial;\">Dans l&rsquo;ann\u00e9e, Berners-Lee con\u00e7oit le protocole \u00ab http \u00bb, pour localiser et lier les documents informatis\u00e9s, le \u00ab html \u00bb, pour cr\u00e9er de nouvelles pages, l&rsquo;\u00ab URL \u00bb, l&rsquo;adresse unique qui permet d&rsquo;identifier une ressource. Puis il cr\u00e9e le premier serveur Web sur le r\u00e9seau interne du CERN, affich\u00e9 sur un outil \u00ab navigateur \u00bb qu&rsquo;il nomme \u00ab worldwideweb \u00bb. Rapidement, les chercheurs du CERN s&rsquo;en emparent.<br \/>\n<\/span><\/p>\n<p style=\"margin-left: 28pt;\"><span style=\"color: #c00000; font-family: Arial;\">Depuis, l&rsquo;humanit\u00e9 est entr\u00e9e dans l&rsquo;\u00e2ge de l&rsquo;information et de la connexion instantan\u00e9e, tissant la vertigineuse \u00ab Toile \u00bb mondiale \u2013 tout en donnant un immense pouvoir sur nos existences aux g\u00e9ants du num\u00e9rique. [\u2026]<br \/>\n<\/span><\/p>\n<p style=\"margin-left: 28pt;\"><span style=\"color: #c00000; font-family: Arial;\">En avril 1993, Tim Berners-Lee obtient du prestigieux laboratoire europ\u00e9en qu&rsquo;il enregistre le nouvel outil dans le domaine public, publie son code source et l&rsquo;ouvre au \u00ab r\u00e9seau des r\u00e9seaux \u00bb mondial en gestation, l&rsquo;Internet. Il est persuad\u00e9 que le \u00ab v\u00e9ritable potentiel \u00bb du Web ne peut \u00eatre lib\u00e9r\u00e9 que s&rsquo;il devient \u00ab un espace universel \u00bb o\u00f9 n&rsquo;importe qui, en n&rsquo;importe quel lieu, peut aller chercher librement des ressources, cela \u00ab gratuitement \u00bb et \u00ab sans permission \u00bb.<br \/>\n<\/span><\/p>\n<p style=\"margin-left: 28pt;\"><span style=\"color: #c00000; font-family: Arial;\">Il pressent qu&rsquo;un des plus vieux r\u00eaves de l&rsquo;humanit\u00e9 \u2013 rassembler toute la connaissance connue dans un espace que tous puissent explorer, une utopie qui remonte \u00e0 la biblioth\u00e8que d&rsquo;Alexandrie (fond\u00e9e par Ptol\u00e9m\u00e9e en 288 av. J.-C.) et passe par l&rsquo;imprimerie de Johannes Gutenberg (1400-1468) \u2013 devient possible, \u00e0 la crois\u00e9e du Web et d&rsquo;Internet, et pense qu&rsquo;il doit \u00eatre offert au monde.&nbsp;\u00bb<br \/>\n<\/span><\/p>\n<p><span style=\"color: #777777; font-family: Arial;\">Mais le CERN \u00e9tant une vraie administration, Tim Berners-Lee n&rsquo;avait pas qu&rsquo;un chef mais aussi une superviseuse&nbsp;: <strong>Peggie Rimmer<\/strong>. Et &lt;<a href=\"https:\/\/www.liberation.fr\/debats\/2019\/03\/13\/il-y-a-trente-ans-les-scientifiques-avaient-un-besoin-reel-de-ce-que-permet-le-web_1714800\"><span style=\"color: #0000ff;\">Lib\u00e9ration<\/span><\/a>&gt; l&rsquo;a interrog\u00e9e \u00e0 l&rsquo;occasion du trenti\u00e8me anniversaire du Web.<br \/>\n<\/span><\/p>\n<p style=\"margin-left: 28pt;\"><span style=\"color: #c00000; font-family: Arial;\">\u00ab&nbsp; Peggie Rimmer a pass\u00e9 une grande partie de sa carri\u00e8re au Cern, \u00abLa Mecque de la physique des particules\u00bb. Cette fille de mineur, pionni\u00e8re parmi les femmes dans une discipline qui n&rsquo;en compte aujourd&rsquo;hui encore que 10%, a supervis\u00e9 le jeune Tim Berners-Lee dans les ann\u00e9es qui ont pr\u00e9c\u00e9d\u00e9 son invention r\u00e9volutionnaire, le \u00abWord wide web\u00bb. Avec humour, elle revient sur la gen\u00e8se du Web, qui f\u00eate cette semaine ses 30 ans.<br \/>\n<\/span><\/p>\n<p style=\"margin-left: 28pt;\"><span style=\"color: #c00000; font-family: Arial;\">Ma petite \u00e9quipe s&rsquo;appelait le Read Out Architecture (RA), on le voit mentionn\u00e9 sur le sch\u00e9ma en forme d&rsquo;arbre g\u00e9n\u00e9alogique que Tim a dessin\u00e9 dans son document devenu c\u00e9l\u00e8bre : \u00abProjet de Management de l&rsquo;Information\u00bb, qui deviendrait la base du Web. Au Cern, nous \u00e9tions pass\u00e9s d&rsquo;exp\u00e9riences r\u00e9unissant 10 personnes \u00e0 des groupes de quelques centaines de personnes, et bien s\u00fbr, ces personnes utilisaient 10 \u00e0 15 ordinateurs, tous diff\u00e9rents. Notre t\u00e2che consistait \u00e0 \u00e9crire un logiciel pour lire et stocker des donn\u00e9es extraites des d\u00e9tecteurs. Cela impliquait notamment de d\u00e9finir des standards, des r\u00e8gles communes. Ce terrain \u00e9tait vraiment fertile pour accueillir l&rsquo;id\u00e9e de Tim, qui n&rsquo;\u00e9tait pas tant li\u00e9e au champ de la physique qu&rsquo;au monde de l&rsquo;informatique. C&rsquo;est lui qui a choisi de nous rejoindre, donc j&rsquo;imagine qu&rsquo;il a senti que ce serait un bon endroit pour lui\u2026 Il avait des id\u00e9es incroyables et il \u00e9tait tr\u00e8s sympathique.<br \/>\n<\/span><\/p>\n<p style=\"margin-left: 28pt;\"><span style=\"color: #c00000; font-family: Arial;\">Au d\u00e9partement, nous avions des r\u00e9unions hebdomadaires. Pendant les interventions de Tim, au bout de quelques minutes, nous n&rsquo;avions plus la moindre id\u00e9e de ce qu&rsquo;il racontait. Au d\u00e9but, on a cru que c&rsquo;\u00e9tait \u00e0 cause de son d\u00e9bit de parole, et nous \u00e9crivions sur des petits bouts de papier : \u00abVa plus lentement, Tim.\u00bb C&rsquo;est simple, la seule fois o\u00f9 je l&rsquo;ai vu parler distinctement, c&rsquo;est quand je l&rsquo;ai vu jouer, un No\u00ebl, dans une pi\u00e8ce de th\u00e9\u00e2tre. Mais la vitesse n&rsquo;\u00e9tait pas le seul facteur. Aujourd&rsquo;hui, quand il parle du Web, on peut deviner de quoi il s&rsquo;agit, parce qu&rsquo;on sait d\u00e9j\u00e0 \u00e0 quoi \u00e7a ressemble, mais \u00e0 l&rsquo;\u00e9poque\u2026 on se disait juste : mais de quoi il parle ?<br \/>\n<\/span><\/p>\n<p style=\"margin-left: 28pt;\"><span style=\"color: #c00000; font-family: Arial;\">[\u2026] Ma plus grande contribution, pour ne pas dire l&rsquo;unique, \u00e7a a \u00e9t\u00e9 de dire \u00e0 Tim que ses id\u00e9es ne passeraient pas le seuil du laboratoire s&rsquo;il ne prenait pas la peine de construire en dessous des r\u00e8gles, des d\u00e9finitions, des standards sur lesquels tout le monde pourrait se mettre d&rsquo;accord pour utiliser son syst\u00e8me. Il fallait, lui ai-je dit, que ces r\u00e8gles soient claires comme le cristal pour que, par exemple, quelqu&rsquo;un \u00e0 Vladivostok qui ne parle pas anglais puisse les impl\u00e9menter facilement. Il n&rsquo;\u00e9tait pas vraiment ravi. Mais quelque temps apr\u00e8s, il a \u00e9crit les sp\u00e9cifications du HTML, du HTTP et de l&rsquo;URL, qui se sont r\u00e9v\u00e9l\u00e9s suffisamment bonnes pour qu&rsquo;aujourd&rsquo;hui encore, ils soient fonctionnels.&nbsp;\u00bb<br \/>\n<\/span><\/p>\n<p><span style=\"color: #777777; font-family: Arial;\">C&rsquo;est ce qu&rsquo;on appelle un g\u00e9nie&nbsp;! Et c&rsquo;est la jeune fille du \u00ab\u00a0joke\u00a0\u00bb qui l&rsquo;explique le mieux : quand un&nbsp; g\u00e9nie invente, il change le monde et l&rsquo;appr\u00e9hension que l&rsquo;on a du monde. On a du mal \u00e0 s&rsquo;imaginer le monde d&rsquo;avant cette invention.<br \/>\n<\/span><\/p>\n<p><span style=\"color: #777777; font-family: Arial;\">Mais Tim Berners-Lee \u00e9tait un id\u00e9aliste, il n&rsquo;aime ce que le web est devenu.<br \/>\n<\/span><\/p>\n<p><span style=\"color: #800000; font-family: Arial;\">&lt;1214&gt;<\/span><\/p>\n","protected":false},"excerpt":{"rendered":"<p>\u00ab&nbsp;Vague mais prometteur&nbsp;\u00bb Mike Sendall \u00e0 Tim Berners-Lee, quand ce dernier lui apporta un document d\u00e9crivant le Web en mars 1989 Le Web est n\u00e9 il y a 30 ans. Tout le monde accepte de reconnaitre l&rsquo;informaticien britannique Tim Berners-Lee<\/p>\n","protected":false},"author":1,"featured_media":0,"comment_status":"open","ping_status":"closed","sticky":false,"template":"","format":"standard","meta":{"footnotes":""},"categories":[1],"tags":[29,137,32],"class_list":["post-6437","post","type-post","status-publish","format-standard","hentry","category-motdujour","tag-hommage","tag-invention","tag-numerique"],"_links":{"self":[{"href":"https:\/\/lemotdujour.fr\/index.php?rest_route=\/wp\/v2\/posts\/6437","targetHints":{"allow":["GET"]}}],"collection":[{"href":"https:\/\/lemotdujour.fr\/index.php?rest_route=\/wp\/v2\/posts"}],"about":[{"href":"https:\/\/lemotdujour.fr\/index.php?rest_route=\/wp\/v2\/types\/post"}],"author":[{"embeddable":true,"href":"https:\/\/lemotdujour.fr\/index.php?rest_route=\/wp\/v2\/users\/1"}],"replies":[{"embeddable":true,"href":"https:\/\/lemotdujour.fr\/index.php?rest_route=%2Fwp%2Fv2%2Fcomments&post=6437"}],"version-history":[{"count":6,"href":"https:\/\/lemotdujour.fr\/index.php?rest_route=\/wp\/v2\/posts\/6437\/revisions"}],"predecessor-version":[{"id":11625,"href":"https:\/\/lemotdujour.fr\/index.php?rest_route=\/wp\/v2\/posts\/6437\/revisions\/11625"}],"wp:attachment":[{"href":"https:\/\/lemotdujour.fr\/index.php?rest_route=%2Fwp%2Fv2%2Fmedia&parent=6437"}],"wp:term":[{"taxonomy":"category","embeddable":true,"href":"https:\/\/lemotdujour.fr\/index.php?rest_route=%2Fwp%2Fv2%2Fcategories&post=6437"},{"taxonomy":"post_tag","embeddable":true,"href":"https:\/\/lemotdujour.fr\/index.php?rest_route=%2Fwp%2Fv2%2Ftags&post=6437"}],"curies":[{"name":"wp","href":"https:\/\/api.w.org\/{rel}","templated":true}]}}