{"id":6426,"date":"2019-03-15T01:34:54","date_gmt":"2019-03-15T00:34:54","guid":{"rendered":"http:\/\/lemotdujour.fr\/?p=6426"},"modified":"2021-06-24T00:02:26","modified_gmt":"2021-06-23T22:02:26","slug":"vendredi-15-mars-2019","status":"publish","type":"post","link":"https:\/\/lemotdujour.fr\/?p=6426","title":{"rendered":"Vendredi 15 mars 2019"},"content":{"rendered":"<div class=\"mdjTexte\">\t\u00abExprimer sa gratitude, c\u2019est accepter l\u2019id\u00e9e que l\u2019on est vuln\u00e9rable.\u00bb<\/div>\n<div class=\"mdjAuteur\">\tDelphine Vigan<\/div>\n<p><span style=\"color: #777777; font-family: Arial;\">Quand on y r\u00e9fl\u00e9chit, on dit bien souvent \u00ab&nbsp;merci&nbsp;\u00bb dans une journ\u00e9e.<br \/>\n<\/span><\/p>\n<p><span style=\"color: #777777; font-family: Arial;\">Merci de me tenir la porte, merci de m&rsquo;apporter quelque chose, merci de me rendre de la monnaie.<br \/>\n<\/span><span style=\"color: #777777; font-family: Arial;\">On le dit par savoir vivre et ce qui n&rsquo;est pas rien. La vie sociale en a besoin.<br \/>\n<\/span><span style=\"color: #777777; font-family: Arial;\">Quelquefois c&rsquo;est presque m\u00e9canique, comme un r\u00e9flexe, sans y penser.<br \/>\n<\/span><\/p>\n<p><span style=\"color: #777777; font-family: Arial;\">Mais la \u00ab&nbsp;<strong>gratitude<\/strong>&nbsp;\u00bb, c&rsquo;est autre chose.<br \/>\n<\/span><\/p>\n<p><span style=\"color: #777777; font-family: Arial;\">On utilise bien plus le mot \u00ab&nbsp;ingratitude&nbsp;\u00bb, ce qui signifie que la gratitude que nous voudrions attendre, que nous souhaiterions, n&rsquo;est pas la r\u00e9ponse que nous recevons ou percevons.<br \/>\n<\/span><\/p>\n<p><span style=\"color: #777777; font-family: Arial;\">On utilise plus souvent le mot \u00ab&nbsp;reconnaissant&nbsp;\u00bb, je vous suis reconnaissant. D&rsquo;ailleurs, pour d\u00e9finir \u00ab&nbsp;gratitude&nbsp;\u00bb les dictionnaires utilisent fr\u00e9quemment le mot reconnaissance.<br \/>\n<\/span><\/p>\n<p><span style=\"color: #777777; font-family: Arial;\">Ainsi le Larousse d\u00e9finit \u00ab&nbsp;gratitude&nbsp;\u00bb par \u00ab&nbsp;Reconnaissance pour un service, pour un bienfait re\u00e7u.&nbsp;\u00bb.<br \/>\n<\/span><\/p>\n<p><span style=\"color: #777777; font-family: Arial;\">Il me semble que \u00ab&nbsp;gratitude&nbsp;\u00bb est plus intense que \u00ab&nbsp;reconnaissance&nbsp;\u00bb, va plus loin dans l&rsquo;intime&nbsp;: \u00ab&nbsp;rendre gr\u00e2ce&nbsp;\u00bb, elle para\u00eet d&rsquo;essence spirituelle.<br \/>\n<\/span><\/p>\n<p><img loading=\"lazy\" decoding=\"async\" class=\"alignleft\" src=\"https:\/\/lemotdujour.fr\/wp-content\/uploads\/2019\/03\/031419_2133_Vendredi15m1.jpg\" alt=\"\" width=\"184\" height=\"288\" align=\"left\"><span style=\"color: #777777; font-family: Arial;\">Michka est une vieille dame, qui vit d\u00e9sormais dans un Ehpad. Elle \u00e9tait dans sa jeunesse journaliste et correctrice. Mais maintenant elle perd le sens des paroles et des mots, le terme savant est <a href=\"https:\/\/fr.wikipedia.org\/wiki\/Aphasie\"><span style=\"color: #0000ff;\">\u00abaphasie\u00bb<\/span><\/a>. Pourtant elle se souvient de son enfance o\u00f9 des personnes bienveillantes l&rsquo;ont sauv\u00e9 des gens qui voulaient lui faire du mal, parce qu&rsquo;elle \u00e9tait juive. Elle n&rsquo;a pas encore exprim\u00e9 sa gratitude \u00e0 leur \u00e9gard et elle voudrait le faire.<br \/>\n<\/span><\/p>\n<p><span style=\"color: #777777; font-family: Arial;\">Marie vient r\u00e9guli\u00e8rement rendre visite \u00e0 Michka pour lui exprimer sa gratitude. Quand elle \u00e9tait enfant, la maman de Marie ne s&rsquo;occupait pas beaucoup d&rsquo;elle, alors la petite fille venait frapper \u00e0 la porte de sa voisine en qu\u00eate d&rsquo;affection et d&rsquo;\u00e9changes. Et quand jeune femme, Marie est tomb\u00e9e malade, c&rsquo;est aussi Michka qui venait la voir.<br \/>\n<\/span><\/p>\n<p><span style=\"color: #777777; font-family: Arial;\">Et puis, il y a encore un troisi\u00e8me personnage, J\u00e9r\u00f4me, l&rsquo;orthophoniste de l&rsquo;Ehpad qui s&rsquo;occupe de Michka et s&rsquo;est attach\u00e9e \u00e0 elle. Lui voudrait exprimer sa gratitude \u00e0 tous ses patients qui lui ont beaucoup apport\u00e9.<br \/>\n<\/span><\/p>\n<p><span style=\"color: #777777; font-family: Arial;\">J\u00e9r\u00f4me dit&nbsp;:<br \/>\n<\/span><\/p>\n<p style=\"margin-left: 28pt;\"><span style=\"color: #c00000; font-family: Arial;\">\u00ab&nbsp;Je suis orthophoniste. Je travaille avec les mots et avec le silence. Les non-dits. Je travaille avec la honte, le secret, les regrets. Je travaille avec l&rsquo;absence, les souvenirs disparus, et ceux qui ressurgissent, au d\u00e9tour d&rsquo;un pr\u00e9nom, d&rsquo;une image, d&rsquo;un mot. Je travaille avec les douleurs d&rsquo;hier et celles d&rsquo;aujourd&rsquo;hui. Les confidences.<br \/>\n<\/span><\/p>\n<p style=\"margin-left: 28pt;\"><span style=\"color: #c00000; font-family: Arial;\">Et la peur de mourir. Cela fait partie de mon m\u00e9tier.<br \/>\n<\/span><\/p>\n<p style=\"margin-left: 28pt;\"><span style=\"color: #c00000; font-family: Arial;\">Mais ce qui continue de m&rsquo;\u00e9tonner, ce qui me sid\u00e8re m\u00eame, ce qui encore aujourd&rsquo;hui, apr\u00e8s plus de dix ans de pratique, me coupe parfois litt\u00e9ralement le souffle, c&rsquo;est la p\u00e9rennit\u00e9 des douleurs d&rsquo;enfance. Une empreinte ardente, incandescente, malgr\u00e9 les ann\u00e9es. Qui ne s&rsquo;efface pas.&nbsp;\u00bb<br \/>\n<\/span><\/p>\n<p><span style=\"color: #777777; font-family: Arial;\">C&rsquo;est la trame du dernier roman de Delphine de Vigan&nbsp;: \u00ab&nbsp;<span style=\"color: #0000ff;\"><a style=\"color: #0000ff;\" href=\"https:\/\/livre.fnac.com\/a13183028\/Delphine-De-Vigan-Les-gratitudes\">Les gratitudes&nbsp;<\/a><\/span>\u00bb dans lequel Michka dit simplement&nbsp;:<br \/>\n<\/span><\/p>\n<p style=\"margin-left: 28pt;\"><span style=\"color: #c00000; font-family: Arial;\">\u00ab C&rsquo;est \u00e7a qui change tout, tu sais, Marie. C&rsquo;est d&rsquo;avoir peur pour quelqu&rsquo;un d&rsquo;autre, quelqu&rsquo;un d&rsquo;autre que soi. \u00bb<br \/>\n<\/span><\/p>\n<p><span style=\"color: #777777; font-family: Arial;\">Delphine de Vigan \u00e9tait l&rsquo;invit\u00e9e de <span style=\"color: #0000ff;\"><a style=\"color: #0000ff;\" href=\"https:\/\/www.franceinter.fr\/emissions\/l-invite-de-8h20-le-grand-entretien\/l-invite-de-8h20-le-grand-entretien-11-mars-2019\">&lt;La matinale de France Inter du 11 mars 2019&gt;<\/a><\/span><br \/>\n<\/span><\/p>\n<p><span style=\"color: #777777; font-family: Arial;\">Vous pouvez aussi retrouver des vid\u00e9os de cette \u00e9mission sur <span style=\"color: #0000ff;\">&lt;<a style=\"color: #0000ff;\" href=\"https:\/\/www.dailymotion.com\/video\/x73yk3k\">cette page<\/a>&gt;<\/span><br \/>\n<\/span><\/p>\n<p><span style=\"color: #777777; font-family: Arial;\">Elle a dit des choses qui m&rsquo;ont beaucoup touch\u00e9.<br \/>\n<\/span><\/p>\n<p style=\"margin-left: 28pt;\"><span style=\"color: #c00000; font-family: Arial;\">\u00ab&nbsp;La gratitude, selon sa d\u00e9finition \u00e9tymologique, c&rsquo;est rendre gr\u00e2ce. Pour moi il y a effectivement cette notion de dette, mais aussi cette notion de partage. Dire \u00e0 quelqu&rsquo;un &lsquo;voil\u00e0 ce que tu m&rsquo;as permis de faire&rsquo;, c&rsquo;est une fa\u00e7on de partager ce moment, cette joie, ce bonheur.&nbsp;\u00bb<br \/>\n<\/span><\/p>\n<p style=\"margin-left: 28pt;\"><img decoding=\"async\" class=\"alignright\" src=\"https:\/\/lemotdujour.fr\/wp-content\/uploads\/2019\/03\/031419_2133_Vendredi15m2.png\" alt=\"\" align=\"left\"><span style=\"color: #c00000; font-family: Arial;\">\u00ab&nbsp;Un concept parfois tr\u00e8s \u00e9loign\u00e9 de nos soci\u00e9t\u00e9s, alors que paradoxalement, \u00ab\u00a0merci est un des mots qu&rsquo;on emploie le plus souvent\u00a0\u00bb dans une journ\u00e9e, pour tout et n&rsquo;importe quoi. \u00ab\u00a0D&rsquo;une mani\u00e8re g\u00e9n\u00e9rale on a plus de mal \u00e0 nommer les choses, on est dans une m\u00e9fiance, une suspicion sur les sentiments qui nous habitent. Exprimer sa gratitude, c&rsquo;est accepter l&rsquo;id\u00e9e qu&rsquo;on a besoin de l&rsquo;autre. Dans une soci\u00e9t\u00e9 comme la n\u00f4tre, c&rsquo;est compliqu\u00e9 de dire \u00e0 l&rsquo;autre &lsquo;sans toi je ne serai rien&rsquo;.&nbsp;\u00bb<br \/>\n<\/span><\/p>\n<p style=\"margin-left: 28pt;\"><span style=\"color: #c00000; font-family: Arial;\">\u00ab&nbsp;Exprimer sa gratitude, c&rsquo;est accepter l&rsquo;id\u00e9e que l&rsquo;on est vuln\u00e9rable&nbsp;\u00bb<br \/>\n<\/span><\/p>\n<p><span style=\"color: #777777; font-family: Arial;\">Elle parle aussi de la vieillesse<br \/>\n<\/span><\/p>\n<p style=\"margin-left: 28pt;\"><span style=\"color: #c00000; font-family: Arial;\">\u00ab&nbsp;Ce qui m&rsquo;int\u00e9resse, c&rsquo;est d&rsquo;approcher la vieillesse par le langage. Mon personnage a travaill\u00e9 avec les mots, pour elle cette perte est encore plus douloureuse. \u00c0 la maison de retraite, tout est petit [un petit go\u00fbter, une petite sortie, une petite toilette&#8230;], c&rsquo;est un univers tr\u00e8s codifi\u00e9, tr\u00e8s contraint. Ce qui m&rsquo;int\u00e9ressait, c&rsquo;est la mani\u00e8re dont la perte d&rsquo;autonomie r\u00e9tr\u00e9cit l&rsquo;univers. Vieillir, c&rsquo;est apprendre \u00e0 perdre.\u00bb<br \/>\n<\/span><\/p>\n<p><span style=\"color: #777777; font-family: Arial;\">Elle fait dire \u00e0 Michka&nbsp;:<br \/>\n<\/span><\/p>\n<p style=\"margin-left: 28pt;\"><span style=\"color: #c00000; font-family: Arial;\">\u00ab Pourquoi dites-vous &lsquo;les personnes \u00e2g\u00e9es&rsquo; ? Vous devriez dire &lsquo;les vieux&rsquo;. C&rsquo;est bien &lsquo;les vieux&rsquo;. \u00c7a a le m\u00e9rite d&rsquo;\u00eatre fier. Vous dites bien &lsquo;les jeunes&rsquo;, non ? Vous ne dites pas les &lsquo;personnes jeunes&rsquo; ? \u00bb<br \/>\n<\/span><\/p>\n<p><span style=\"color: #777777; font-family: Arial;\">Et en \u00e9voquant son propre destin, elle analyse le rapport aujourd&rsquo;hui d&rsquo;une soci\u00e9t\u00e9 qui va de plus en plus vite avec les vieux&nbsp;:<br \/>\n<\/span><\/p>\n<p style=\"margin-left: 28pt;\"><span style=\"color: #c00000; font-family: Arial;\">\u00ab&nbsp;D&rsquo;autant que l\u00e0 encore, notre soci\u00e9t\u00e9 a du mal \u00e0 savoir que faire face \u00e0 la vieillesse. C&rsquo;est sans doute ma propre peur de la vieillesse qui nourrit ce livre : il suffit de regarder ces derniers mois comment on prend en charge la grande vieillesse aujourd&rsquo;hui dans nos soci\u00e9t\u00e9s. On vit tr\u00e8s vieux et en m\u00eame temps on vit dans un monde o\u00f9 ne pas \u00eatre rentable pose un tr\u00e8s gros probl\u00e8me. Si j&rsquo;\u00e9tais tr\u00e8s vieille ce qui me hanterait le plus c&rsquo;est d&rsquo;\u00eatre un poids pour la soci\u00e9t\u00e9.&nbsp;\u00bb<br \/>\n<\/span><\/p>\n<p><span style=\"color: #777777; font-family: Arial;\">Apr\u00e8s cette \u00e9mission, <a href=\"http:\/\/mediateur.radiofrance.fr\/message\/lemission-delphine-de-vigan\/\"><span style=\"color: #0000ff;\">une auditrice a \u00e9crit<\/span><\/a> \u00e0 la m\u00e9diatrice de France Inter&nbsp;:<br \/>\n<\/span><\/p>\n<p style=\"margin-left: 28pt;\"><span style=\"color: #c00000; font-family: Arial;\">\u00ab&nbsp;Je viens d&rsquo;\u00e9couter l&rsquo;\u00e9mission avec Delphine De Vigan. Merci pour ces \u00e9changes, merci de permettre l&rsquo;expression de l&rsquo;humanit\u00e9 \u00e0 la radio, aux auditeurs de s&rsquo;exprimer. Quels t\u00e9moignages touchants dans cette actualit\u00e9 si dure. Merci \u00e0 Delphine De Vigan d&rsquo;\u00e9crire ce qu&rsquo;elle sait si bien dire. Un moment de douceur en ce d\u00e9but de semaine.&nbsp;\u00bb<br \/>\n<\/span><\/p>\n<p><a href=\"https:\/\/www.msn.com\/fr-fr\/actualite\/france\/les-gratitudes-de-delphine-de-vigan-la-chronique-de-clara-dupont-monod\/vi-BBUGFWK\"><span style=\"font-family: Arial;\"><span style=\"color: #0000ff;\">&lt;Clara Dupont-Monod parle aussi avec bonheur de ce livre&gt;<\/span><\/span><\/a><span style=\"color: #777777; font-family: Arial;\"><br \/>\n<\/span><\/p>\n<p><span style=\"color: #777777; font-family: Arial;\">Si nous y r\u00e9fl\u00e9chissons bien, nous avons aussi certainement encore de nombreuses gratitudes \u00e0 exprimer autour de nous.<br \/>\n<\/span><\/p>\n<p><span style=\"color: maroon; font-family: Arial;\">&lt;1213&gt;<\/span><\/p>\n","protected":false},"excerpt":{"rendered":"<p>\u00abExprimer sa gratitude, c\u2019est accepter l\u2019id\u00e9e que l\u2019on est vuln\u00e9rable.\u00bb Delphine Vigan Quand on y r\u00e9fl\u00e9chit, on dit bien souvent \u00ab&nbsp;merci&nbsp;\u00bb dans une journ\u00e9e. Merci de me tenir la porte, merci de m&rsquo;apporter quelque chose, merci de me rendre de<\/p>\n","protected":false},"author":1,"featured_media":0,"comment_status":"open","ping_status":"closed","sticky":false,"template":"","format":"standard","meta":{"footnotes":""},"categories":[1],"tags":[54,9,117],"class_list":["post-6426","post","type-post","status-publish","format-standard","hentry","category-motdujour","tag-humanisme","tag-litterature","tag-viellissement"],"_links":{"self":[{"href":"https:\/\/lemotdujour.fr\/index.php?rest_route=\/wp\/v2\/posts\/6426","targetHints":{"allow":["GET"]}}],"collection":[{"href":"https:\/\/lemotdujour.fr\/index.php?rest_route=\/wp\/v2\/posts"}],"about":[{"href":"https:\/\/lemotdujour.fr\/index.php?rest_route=\/wp\/v2\/types\/post"}],"author":[{"embeddable":true,"href":"https:\/\/lemotdujour.fr\/index.php?rest_route=\/wp\/v2\/users\/1"}],"replies":[{"embeddable":true,"href":"https:\/\/lemotdujour.fr\/index.php?rest_route=%2Fwp%2Fv2%2Fcomments&post=6426"}],"version-history":[{"count":7,"href":"https:\/\/lemotdujour.fr\/index.php?rest_route=\/wp\/v2\/posts\/6426\/revisions"}],"predecessor-version":[{"id":11626,"href":"https:\/\/lemotdujour.fr\/index.php?rest_route=\/wp\/v2\/posts\/6426\/revisions\/11626"}],"wp:attachment":[{"href":"https:\/\/lemotdujour.fr\/index.php?rest_route=%2Fwp%2Fv2%2Fmedia&parent=6426"}],"wp:term":[{"taxonomy":"category","embeddable":true,"href":"https:\/\/lemotdujour.fr\/index.php?rest_route=%2Fwp%2Fv2%2Fcategories&post=6426"},{"taxonomy":"post_tag","embeddable":true,"href":"https:\/\/lemotdujour.fr\/index.php?rest_route=%2Fwp%2Fv2%2Ftags&post=6426"}],"curies":[{"name":"wp","href":"https:\/\/api.w.org\/{rel}","templated":true}]}}