{"id":6414,"date":"2019-03-14T01:40:09","date_gmt":"2019-03-14T00:40:09","guid":{"rendered":"http:\/\/lemotdujour.fr\/?p=6414"},"modified":"2021-06-24T00:03:10","modified_gmt":"2021-06-23T22:03:10","slug":"lundi-xx-mars-2019","status":"publish","type":"post","link":"https:\/\/lemotdujour.fr\/?p=6414","title":{"rendered":"Jeudi 14 mars 2019"},"content":{"rendered":"<div class=\"mdjTexte\">\t\u00ab&nbsp;On cherche un commissaire de police pour Cherbourg&nbsp;\u00bb<\/div>\n<div class=\"mdjAuteur\">\tUne vacance de pouvoir rapport\u00e9e par les m\u00e9dias<\/div>\n<p><span style=\"color: #777777; font-family: Arial;\">Dans mon butinage quotidien, il m&rsquo;arrive de tomber sur des informations insolites ou au moins \u00e9tonnantes.<br \/>\n<\/span><\/p>\n<p><span style=\"color: #777777; font-family: Arial;\">Parmi les nouvelles racont\u00e9es par<span style=\"color: #0000ff;\"> <a style=\"color: #0000ff;\" href=\"https:\/\/www.franceinter.fr\/emissions\/la-revue-de-presse-du-week-end\/la-revue-de-presse-du-week-end-02-mars-2019\">la revue de presse de France Inter du samedi 2 mars<\/a><\/span>, j&rsquo;ai \u00e9t\u00e9 interpell\u00e9 par celle-ci&nbsp;:<br \/>\n<\/span><\/p>\n<p style=\"margin-left: 28pt;\"><span style=\"color: #c00000; font-family: Arial;\">\u00ab&nbsp;Cherbourg n&rsquo;a pas de commissaire depuis huit mois<br \/>\n<\/span><span style=\"color: #c00000; font-family: Arial;\">Cherbourg, 80&nbsp;000 habitants, 4e ville de Normandie.<br \/>\n<\/span><span style=\"color: #c00000; font-family: Arial;\">Mais personne pour prendre la t\u00eate du commissariat, rel\u00e8ve Le Parisien-Aujourd&rsquo;hui en France.<br \/>\n<\/span><span style=\"color: #c00000; font-family: Arial;\">Une prime exceptionnelle, jusqu&rsquo;\u00e0 1&nbsp;000 euros par mois, a \u00e9t\u00e9 ajout\u00e9e sur la fiche de recrutement pour app\u00e2ter les candidats potentiels.<br \/>\n<\/span><span style=\"color: #c00000; font-family: Arial;\">Mais visiblement, \u00e7a ne suffit pas.&nbsp;\u00bb<br \/>\n<\/span><span style=\"color: #c00000; font-family: Arial;\">Pourquoi?&nbsp;\u00bb<br \/>\n<\/span><\/p>\n<p><span style=\"color: #777777; font-family: Arial;\">La r\u00e9ponse est surprenante&nbsp;:<br \/>\n<\/span><\/p>\n<p style=\"margin-left: 28pt;\"><span style=\"color: #c00000; font-family: Arial;\">\u00ab&nbsp;Parce que le taux de d\u00e9linquance de Cherbourg est trop bas ! \u00c7a n&rsquo;est pas attractif pour un commissaire, selon le maire socialiste Benoit Arriv\u00e9, qui a interpell\u00e9 le ministre de l&rsquo;Int\u00e9rieur sur la question.&nbsp;\u00bb<br \/>\n<\/span><\/p>\n<p><span style=\"color: #777777; font-family: Arial;\">En effet, l&rsquo;article du Parisien va bien dans ce sens&nbsp;: <a href=\"http:\/\/www.leparisien.fr\/faits-divers\/invraisemblable-scandaleux-cherbourg-n-a-plus-de-commissaire-depuis-8-mois-02-03-2019-8023296.php\"><span style=\"color: #0000ff;\">\u00ab&nbsp;Invraisemblable&nbsp;\u00bb<\/span><\/a>&nbsp;:<br \/>\n<\/span><\/p>\n<p style=\"margin-left: 28pt;\"><span style=\"color: #c00000; font-family: Arial;\">\u00ab&nbsp;Situation ubuesque dans cette ville de la Manche : le commissariat ne trouve pas de patron. Les autorit\u00e9s se renvoient la balle.<br \/>\n<\/span><span style=\"color: #c00000; font-family: Arial;\">Apr\u00e8s le d\u00e9sert m\u00e9dical\u2026 le d\u00e9sert policier !<br \/>\n<\/span><span style=\"color: #c00000; font-family: Arial;\">Voil\u00e0 pr\u00e8s de huit mois que Cherbourg, quatri\u00e8me ville de Normandie (avec 80 000 habitants), plus grosse circonscription de police du d\u00e9partement de la Manche\u2026 n&rsquo;a pas de commissaire !&nbsp;\u00bb<br \/>\n<\/span><\/p>\n<p><span style=\"color: #777777; font-family: Arial;\">Et le journal de donner la parole \u00e0 un habitant de Cherbourg&nbsp;:<br \/>\n<\/span><\/p>\n<p style=\"margin-left: 28pt;\"><span style=\"color: #c00000; font-family: Arial;\">\u00ab C&rsquo;est invraisemblable que dans une ville comme la n\u00f4tre, avec un port, des constructions de sous-marins, des chantiers navals importants, il n&rsquo;y ait pas de patron au commissariat. Franchement, dans ces p\u00e9riodes agit\u00e9es, c&rsquo;est incompr\u00e9hensible. \u00c7a ne doit pas \u00eatre si compliqu\u00e9 de dire \u00e0 un jeune commissaire : On n&rsquo;a personne \u00e0 Cherbourg, tu y vas\u2026 \u00bb<br \/>\n<\/span><\/p>\n<p><span style=\"color: #777777; font-family: Arial;\">Sonia Krimi est d\u00e9put\u00e9e de la circonscription, \u00e9lue de la R\u00e9publique en marche (LREM), elle en appelle, au ministre de l&rsquo;Int\u00e9rieur de son gouvernement et affirme&nbsp;:<br \/>\n<\/span><\/p>\n<p style=\"margin-left: 28pt;\"><span style=\"color: #c00000; font-family: Arial;\">\u00ab Il semble que les jeunes commissaires soient plus enclins \u00e0 aller vers les circonscriptions o\u00f9 la police est largement sollicit\u00e9e. Mais quoi\u2026 Faut-il que notre taux de d\u00e9linquance remonte pour que nous soyons entendus ? Un commissariat comme celui de Cherbourg est au c\u0153ur d&rsquo;enjeux qui ont imp\u00e9rativement besoin d&rsquo;un patron. Et si personne ne se propose spontan\u00e9ment, c&rsquo;est \u00e0 l&rsquo;\u00c9tat de r\u00e9gler cette situation. C&rsquo;est au ministre et je le lui ai dit. \u00bb<br \/>\n<\/span><\/p>\n<p><a href=\"https:\/\/www.ouest-france.fr\/normandie\/cherbourg-en-cotentin-50100\/le-commissaire-huignard-quitte-cherbourg-5871204\"><span style=\"font-family: Arial;\"><span style=\"color: #0000ff;\">Ouest France<\/span><\/span><\/a><span style=\"color: #777777; font-family: Arial;\"> avait interview\u00e9 le pr\u00e9c\u00e9dent occupant du poste, celui qui a quitt\u00e9 Cherbourg en juillet 2018 pour \u2026 Lyon&nbsp;: le commissaire Huignard. Et ce dernier avait, en effet d\u00e9crit une ville plut\u00f4t sympathique dans mon \u00e9chelle des valeurs&nbsp;:<br \/>\n<\/span><\/p>\n<p style=\"margin-left: 28pt;\"><span style=\"color: #c00000; font-family: Arial;\">\u00ab&nbsp;C&rsquo;est une ville apais\u00e9e. Il n&rsquo;y a pas d&rsquo;attaques cibl\u00e9es envers les forces de l&rsquo;ordre, pas de logique de m\u00e9fiance. La police peut aller dans tous les quartiers. Les gens disent bonjour, la discussion est facile. C&rsquo;est vraiment une population accueillante, \u00e0 l&rsquo;\u00e9coute. [\u2026]<br \/>\n<\/span><\/p>\n<p style=\"margin-left: 28pt;\"><span style=\"color: #c00000; font-family: Arial;\">Nous avons progress\u00e9 sur la s\u00e9curit\u00e9 routi\u00e8re. Il y a eu moins d&rsquo;accidents mortels l&rsquo;ann\u00e9e derni\u00e8re par rapport \u00e0 l&rsquo;ann\u00e9e pr\u00e9c\u00e9dente. Il faut tout de m\u00eame rester vigilant, la tendance peut vite s&rsquo;inverser. Mais c&rsquo;est un bilan satisfaisant dans l&rsquo;ensemble. Cherbourg est une ville plut\u00f4t calme. La d\u00e9linquance y est assez faible, il y a quelques affaires de stup\u00e9fiants, quelques homicides et des violences li\u00e9es \u00e0 l&rsquo;alcool. Cela nous permet de traiter les affaires de fa\u00e7on compl\u00e8te.&nbsp;\u00bb<br \/>\n<\/span><\/p>\n<p><a href=\"https:\/\/france3-regions.francetvinfo.fr\/normandie\/nord-cotentin\/cherbourg-cotentin\/cherbourg-commissaire-police-se-fait-attendre-7-mois-1611163.html\"><span style=\"font-family: Arial;\"><span style=\"color: #0000ff;\">France 3 Normandie<\/span><\/span><\/a><span style=\"color: #777777; font-family: Arial;\"> donne une autre explication g\u00e9ographique&nbsp;:<br \/>\n<\/span><\/p>\n<p style=\"margin-left: 28pt;\"><span style=\"color: #c00000; font-family: Arial;\">\u00ab&nbsp;Plac\u00e9e au Nord de la p\u00e9ninsule du Cotentin en bordure de la Manche, la ville de Cherbourg souffre de son \u00e9loignement g\u00e9ographique. Mais le probl\u00e8me de recrutement des commissaires existe \u00e0 l&rsquo;\u00e9chelle nationale&nbsp;: pr\u00e8s de 200 circonscriptions seraient concern\u00e9es.&nbsp;\u00bb<br \/>\n<\/span><\/p>\n<p><span style=\"color: #777777; font-family: Arial;\">En revanche, le m\u00eame article rapporte l&rsquo;incompr\u00e9hension et le d\u00e9saccord d&rsquo;un responsable syndical de la Police qui consid\u00e8re la prime peu justifi\u00e9e, car ce type de prime est pr\u00e9vu quand le poste est consid\u00e9r\u00e9 comme difficile.<br \/>\n<\/span><\/p>\n<p><span style=\"color: #777777; font-family: Arial;\">Pour lui \u00ab<span style=\"color: #c00000;\">le signal lanc\u00e9 est tr\u00e8s mauvais<span style=\"color: #777777;\"> \u00bb.<br \/>\n<\/span><\/span><\/span><\/p>\n<p><span style=\"color: #777777; font-family: Arial;\">Tout est bien qui finit bien&nbsp;: la Presse de la Manche a publi\u00e9 la bonne nouvelle&nbsp;: \u00ab&nbsp;<a href=\"https:\/\/actu.fr\/normandie\/cherbourg-en-cotentin_50129\/exclusif-enfin-nouveau-commissaire-cherbourg_21797956.html\"><span style=\"color: #0000ff;\">Enfin un nouveau commissaire \u00e0 Cherbourg !<\/span>&nbsp;<\/a>\u00bb. Ce nouveau commissaire prendra ses fonctions le 8 avril 2019.<br \/>\n<\/span><\/p>\n<p><span style=\"color: #777777; font-family: Arial;\">Cette histoire montre toute une s\u00e9rie de probl\u00e9matique d&rsquo;aujourd&rsquo;hui&nbsp;:<br \/>\n<\/span><\/p>\n<ul>\n<li><span style=\"color: #777777; font-family: Arial;\">Les cadres privil\u00e9gient souvent l&rsquo;environnement dans lequel on leur propose des postes. Les m\u00e9tropoles sont privil\u00e9gi\u00e9es. Il faut un environnement attractif si on veut attirer les nomades d&rsquo;aujourd&rsquo;hui&nbsp;!<br \/>\n<\/span><\/li>\n<li><span style=\"color: #777777; font-family: Arial;\">Dans l&rsquo;esprit de beaucoup, c&rsquo;est plus simple d&rsquo;essayer de se faire valoir en am\u00e9liorant une situation d\u00e9grad\u00e9e vers un peu de mieux que d&rsquo;essayer de conserver une situation bonne, m\u00eame si dans le second cas il est possible de mieux travailler et d&rsquo;aller plus loin dans la qualit\u00e9.<br \/>\n<\/span><\/li>\n<li><span style=\"color: #777777; font-family: Arial;\">Enfin, un cas comme Cherbourg n&rsquo;est-il pas en partie une cons\u00e9quence de la <span style=\"color: #0000ff;\"><a style=\"color: #0000ff;\" href=\"https:\/\/lemotdujour.fr\/?p=1445\">quantophr\u00e9nie<\/a><\/span> ambiante, de la gouvernance par les chiffres&nbsp;? Dans une situation avec une grande d\u00e9linquance je suppose que les divers indicateurs statistiques peuvent atteindre des niveaux qui semblent tr\u00e8s significatifs pour les autistes qui se r\u00e9fugient dans le rassurant et stupide confort de la vision binaire et chiffr\u00e9e du monde.<br \/>\n<\/span><\/li>\n<\/ul>\n<p><span style=\"color: maroon; font-family: Arial;\">&lt;1212&gt;<\/span><\/p>\n","protected":false},"excerpt":{"rendered":"<p>\u00ab&nbsp;On cherche un commissaire de police pour Cherbourg&nbsp;\u00bb Une vacance de pouvoir rapport\u00e9e par les m\u00e9dias Dans mon butinage quotidien, il m&rsquo;arrive de tomber sur des informations insolites ou au moins \u00e9tonnantes. Parmi les nouvelles racont\u00e9es par la revue de<\/p>\n","protected":false},"author":1,"featured_media":0,"comment_status":"open","ping_status":"closed","sticky":false,"template":"","format":"standard","meta":{"footnotes":""},"categories":[1],"tags":[15,136,11],"class_list":["post-6414","post","type-post","status-publish","format-standard","hentry","category-motdujour","tag-france","tag-securite","tag-sociologie"],"_links":{"self":[{"href":"https:\/\/lemotdujour.fr\/index.php?rest_route=\/wp\/v2\/posts\/6414","targetHints":{"allow":["GET"]}}],"collection":[{"href":"https:\/\/lemotdujour.fr\/index.php?rest_route=\/wp\/v2\/posts"}],"about":[{"href":"https:\/\/lemotdujour.fr\/index.php?rest_route=\/wp\/v2\/types\/post"}],"author":[{"embeddable":true,"href":"https:\/\/lemotdujour.fr\/index.php?rest_route=\/wp\/v2\/users\/1"}],"replies":[{"embeddable":true,"href":"https:\/\/lemotdujour.fr\/index.php?rest_route=%2Fwp%2Fv2%2Fcomments&post=6414"}],"version-history":[{"count":6,"href":"https:\/\/lemotdujour.fr\/index.php?rest_route=\/wp\/v2\/posts\/6414\/revisions"}],"predecessor-version":[{"id":11627,"href":"https:\/\/lemotdujour.fr\/index.php?rest_route=\/wp\/v2\/posts\/6414\/revisions\/11627"}],"wp:attachment":[{"href":"https:\/\/lemotdujour.fr\/index.php?rest_route=%2Fwp%2Fv2%2Fmedia&parent=6414"}],"wp:term":[{"taxonomy":"category","embeddable":true,"href":"https:\/\/lemotdujour.fr\/index.php?rest_route=%2Fwp%2Fv2%2Fcategories&post=6414"},{"taxonomy":"post_tag","embeddable":true,"href":"https:\/\/lemotdujour.fr\/index.php?rest_route=%2Fwp%2Fv2%2Ftags&post=6414"}],"curies":[{"name":"wp","href":"https:\/\/api.w.org\/{rel}","templated":true}]}}