{"id":6407,"date":"2019-03-13T00:56:28","date_gmt":"2019-03-12T23:56:28","guid":{"rendered":"http:\/\/lemotdujour.fr\/?p=6407"},"modified":"2021-06-24T00:04:34","modified_gmt":"2021-06-23T22:04:34","slug":"mercredi-13-mars-2019","status":"publish","type":"post","link":"https:\/\/lemotdujour.fr\/?p=6407","title":{"rendered":"Mercredi 13 mars 2019"},"content":{"rendered":"<div class=\"mdjTexte\">\t\u00ab&nbsp;La baisse des effectifs dans les services publics est une des raisons importantes de la coupure entre les Fran\u00e7ais et les services publics. Le ph\u00e9nom\u00e8ne de non r\u00e9ponse, \u00e7a s\u2019explique car les services n\u2019en ont plus les moyens&nbsp;\u00bb<\/div>\n<div class=\"mdjAuteur\">\tJacques Toubon, sur France Inter le 12\/03\/2019<\/div>\n<p><span style=\"color: #777777; font-family: Arial;\">Jacques Toubon est le d\u00e9fenseur des droits.<br \/>\n<\/span><\/p>\n<p><span style=\"color: #777777; font-family: Arial;\">Le D\u00e9fenseur des droits est une institution ind\u00e9pendante de l&rsquo;\u00c9tat. Cr\u00e9\u00e9e en 2011 et inscrite dans la Constitution, elle s&rsquo;est vu confier deux missions :<br \/>\n<\/span><\/p>\n<ul>\n<li><span style=\"color: #777777; font-family: Arial;\">D\u00e9fendre les personnes dont les droits ne sont pas respect\u00e9s ;<br \/>\n<\/span><\/li>\n<li><span style=\"color: #777777; font-family: Arial;\">Permettre l&rsquo;\u00e9galit\u00e9 de tous et toutes dans l&rsquo;acc\u00e8s aux droits.<br \/>\n<\/span><\/li>\n<\/ul>\n<p><span style=\"color: #777777; font-family: Arial;\">Cette institution dispose d<span style=\"color: #0000ff;\">&lsquo;<a style=\"color: #0000ff;\" href=\"https:\/\/www.defenseurdesdroits.fr\/fr\/institution\/organisation\/defenseur\">&lt;un site&gt;<\/a> <\/span>qui donne toutes les explications sur les motifs qui permettent de la solliciter et les moyens pour le faire.<br \/>\n<\/span><\/p>\n<p><span style=\"color: #777777; font-family: Arial;\">Le D\u00e9fenseur des droits a \u00e9t\u00e9 pr\u00e9c\u00e9d\u00e9 par 4 institutions. Dans sa volont\u00e9 de rationnaliser, sous la pr\u00e9sidence de Nicolas Sarkozy, le gouvernement a regroup\u00e9 ces quatre institutions :<br \/>\n<\/span><\/p>\n<ul>\n<li><span style=\"color: #777777; font-family: Arial;\">Le M\u00e9diateur de la R\u00e9publique, cr\u00e9\u00e9 en 1973 par le gouvernement Messmer, le premier titulaire fut Antoine Pinay.<br \/>\n<\/span><\/li>\n<li><span style=\"color: #777777; font-family: Arial;\">Le D\u00e9fenseur des enfants, cr\u00e9\u00e9 en 2000 par le gouvernement de Jospin<br \/>\n<\/span><\/li>\n<li><span style=\"color: #777777; font-family: Arial;\">La Haute Autorit\u00e9 de Lutte contre les Discriminations et pour l&rsquo;\u00c9galit\u00e9 (HALDE) cr\u00e9\u00e9 en 2004 par le gouvernement Raffarin<br \/>\n<\/span><\/li>\n<li><span style=\"color: #777777; font-family: Arial;\">La Commission Nationale de D\u00e9ontologie de la S\u00e9curit\u00e9 (CNDS) cr\u00e9\u00e9 en 2000 par le gouvernement de Jospin<br \/>\n<\/span><\/li>\n<\/ul>\n<p><span style=\"color: #777777; font-family: Arial;\">En 2011, mis \u00e0 part le m\u00e9diateur de la r\u00e9publique, les autres institutions \u00e9taient d&rsquo;extraction r\u00e9cente. Le premier titulaire en fut Dominique Baudis qui d\u00e9c\u00e9da lors de son mandat en 2014.<br \/>\n<\/span><\/p>\n<p><span style=\"color: #777777; font-family: Arial;\">Et Fran\u00e7ois Hollande, \u00e0 la surprise g\u00e9n\u00e9rale et notamment de ses nombreux amis nomma Jacques Toubon, ancien maire RPR du 13\u00e8me arrondissement de Paris, ministre de la culture et de la Justice de gouvernements de droite, proche de Jacques Chirac qu&rsquo;il a accompagn\u00e9 pendant toute sa carri\u00e8re politique, le d\u00e9fendant contre vents et mar\u00e9es. Il avait une r\u00e9putation d&rsquo;homme de droite, plut\u00f4t partisan de politiques de s\u00e9curit\u00e9 et d&rsquo;ordre, avec une conscience sociale limit\u00e9e. Les amis de Fran\u00e7ois Hollande \u00e9taient donc doublement surpris&nbsp;: d&rsquo;une part ce n&rsquo;\u00e9tait pas l&rsquo;un d&rsquo;eux qui \u00e9tait nomm\u00e9, d&rsquo;autre part le nomm\u00e9 qui n&rsquo;\u00e9tait pas l&rsquo;ami de Fran\u00e7ois Hollande n&rsquo;avait pas vraiment le profil du r\u00f4le.<br \/>\n<\/span><\/p>\n<p><span style=\"color: #777777; font-family: Arial;\">Mais depuis qu&rsquo;il est d\u00e9fenseur des droits, il surprend (en bien) et il agace le gouvernement.<br \/>\n<\/span><\/p>\n<p><span style=\"color: #777777; font-family: Arial;\">Non seulement il agit lorsqu&rsquo;il est sollicit\u00e9 par des fran\u00e7ais, environ 96&nbsp;000 fois en 2018, mais en outre il produit avec ses services chaque ann\u00e9e un rapport dans lequel il fait le bilan des affaires qui lui ont \u00e9t\u00e9 soumis et il fait une synth\u00e8se des causes et dysfonctionnements qui conduisent les citoyens \u00e0 se plaindre.<br \/>\n<\/span><\/p>\n<p><span style=\"color: #777777; font-family: Arial;\">Vous trouverez le rapport 2018 publi\u00e9 le 11 mars 2019 derri\u00e8re <a href=\"https:\/\/www.defenseurdesdroits.fr\/sites\/default\/files\/atoms\/files\/ddd_raa-2018_accessible.pdf\"><span style=\"color: #0000ff;\">&lt;ce lien&gt;<\/span><\/a><br \/>\n<\/span><\/p>\n<p><span style=\"color: #777777; font-family: Arial;\">Et comme souvent quand une institution produit un rapport, les radios invitent le responsable \u00e0 s&rsquo;exprimer. C&rsquo;est ce qu&rsquo;a fait France Inter ce 12 mars 2019 et vous pouvez donc \u00e9couter <a href=\"https:\/\/www.franceinter.fr\/emissions\/l-invite-de-8h20-le-grand-entretien\/l-invite-de-8h20-le-grand-entretien-12-mars-2019\"><span style=\"color: #0000ff;\">&lt;Jacques Toubon lors de l&rsquo;\u00e9mission 7-9&gt;<\/span><\/a><br \/>\n<\/span><\/p>\n<p><span style=\"color: #777777; font-family: Arial;\">France Inter qui fait une synth\u00e8se <a href=\"https:\/\/www.franceinter.fr\/societe\/le-defenseur-des-droits-de-plus-en-plus-sollicite-et-de-plus-en-plus-indigne\"><span style=\"color: #0000ff;\">&lt;sur cette page&gt;<\/span><\/a> nous indique que le D\u00e9fenseur des droits est de plus en plus sollicit\u00e9 et de plus en plus indign\u00e9. Et on apprend que 80 % des r\u00e8glements amiables sont favorables au demandeur.<br \/>\n<\/span><\/p>\n<p><span style=\"color: #777777; font-family: Arial;\">Le rapport indique par exemple&nbsp;:<br \/>\n<\/span><\/p>\n<p style=\"margin-left: 28pt;\"><span style=\"color: #c00000; font-family: Arial;\">\u00ab&nbsp;Sur nombre de sujets essentiels pour la coh\u00e9sion nationale et l&rsquo;appartenance \u00e0 la R\u00e9publique, s\u00e9curit\u00e9 et libert\u00e9s, politique migratoire et droits humains, universalit\u00e9 et performance, \u00e9galit\u00e9 et modernisation, le d\u00e9bat public n&rsquo;arrive pas \u00e0 s&rsquo;instituer&nbsp;\u00bb<em><br \/>\n<\/em><\/span><\/p>\n<p><span style=\"color: #777777; font-family: Arial;\">L&rsquo;essentiel des demandes concerne l&rsquo;acc\u00e8s aux services publics et aux droits ainsi que des incidents li\u00e9s au maintien de l&rsquo;ordre. Ainsi le rapport fait le constat&nbsp;:<br \/>\n<\/span><\/p>\n<p style=\"margin-left: 28pt;\"><span style=\"color: #c00000; font-family: Arial;\">\u00ab&nbsp;Parall\u00e8lement au recul des services publics, s&rsquo;est implant\u00e9e une politique de renforcement de la s\u00e9curit\u00e9 et de la r\u00e9pression face \u00e0 la menace terroriste, aux troubles sociaux et \u00e0 la crainte d&rsquo;une crise migratoire aliment\u00e9e par le repli sur soi<em>.<\/em> [Une situation qui s&rsquo;est] <em>accentu\u00e9e <\/em>depuis l&rsquo;instauration de l&rsquo;\u00e9tat d&rsquo;urgence en 2015, [un \u00e9tat d&rsquo;urgence qui] <strong>telle une pilule empoisonn\u00e9e, est venu contaminer progressivement le droit commun<\/strong><em>, <\/em>fragilisant l&rsquo;\u00c9tat de droit et libert\u00e9s sur lesquels il repose<em>&nbsp;\u00bb<\/em><br \/>\n<\/span><\/p>\n<p><span style=\"color: #777777; font-family: Arial;\">Mais le plus int\u00e9ressant est ce que Jacques Toubon a expliqu\u00e9 lors de l&rsquo;\u00e9mission de France Inter&nbsp;:<br \/>\n<\/span><\/p>\n<p><span style=\"color: #777777; font-family: Arial;\">Il est revenu sur la probl\u00e9matique du maintien de l&rsquo;ordre&nbsp;:<br \/>\n<\/span><\/p>\n<p style=\"margin-left: 28pt;\"><span style=\"color: #c00000; font-family: Arial;\">\u00ab&nbsp;Il y a des ann\u00e9es que nous disons qu&rsquo;il y a des probl\u00e8mes quant au respect des droits fondamentaux dans la mani\u00e8re dont se fait le maintien de l&rsquo;ordre. \u00c7a fait plus d&rsquo;un an que j&rsquo;ai remis un rapport qui disait ce que l&rsquo;on constate aujourd&rsquo;hui. [\u2026] Interdiction du flash ball super pro, alerte sur les LBD 40&#215;46, sur les grenades offensives, nous avons mis en lumi\u00e8re leur dangerosit\u00e9&nbsp;\u00bb.<br \/>\n<\/span><\/p>\n<p><span style=\"color: #777777; font-family: Arial;\">Ce qui n&rsquo;a pas plu au ministre de l&rsquo;int\u00e9rieur <span style=\"color: #0000ff;\"><a style=\"color: #0000ff;\" href=\"https:\/\/www.rtl.fr\/actu\/politique\/les-actualites-de-12h30-toubon-denonce-un-recul-des-libertes-castaner-reagit-7797188958\">qui a imm\u00e9diatement critiqu\u00e9<\/a> <\/span>ces prises de position et m\u00eame rappel\u00e9 le pass\u00e9 de Jacques Toubon, en tant que ministre de la Justice pendant lequel son discours aurait \u00e9t\u00e9 tr\u00e8s diff\u00e9rent selon Christophe Castaner.<br \/>\n<\/span><\/p>\n<p><span style=\"color: #777777; font-family: Arial;\">Et puis\u2026<br \/>\n<\/span><\/p>\n<p><span style=\"color: #777777; font-family: Arial;\">Je le cite simplement&nbsp;:<br \/>\n<\/span><\/p>\n<p style=\"margin-left: 28pt;\"><span style=\"color: #c00000; font-family: Arial;\">\u00ab&nbsp;C&rsquo;est un rapport qui signale un vrai probl\u00e8me de relation entre ceux qui vivent dans notre pays et la sph\u00e8re publique. Les gens ont le sentiment que la pr\u00e9sence humaine dispara\u00eet.<br \/>\n<\/span><\/p>\n<p style=\"margin-left: 28pt;\"><span style=\"color: #c00000; font-family: Arial;\">[\u2026] &nbsp;Le service public, la R\u00e9publique fran\u00e7aise, ne peut pas admettre de fabriquer des laiss\u00e9s pour compte.<br \/>\n<\/span><\/p>\n<p style=\"margin-left: 28pt;\"><span style=\"color: #c00000; font-family: Arial;\">[\u2026] &nbsp;La num\u00e9risation peut constituer un progr\u00e8s. Il y a des associations qui ont mis en place des coffres forts num\u00e9riques qui rend service aux SDF, \u00ab\u00a0\u00e7a c&rsquo;est un progr\u00e8s\u00a0\u00bb.<br \/>\n<\/span><\/p>\n<p style=\"margin-left: 28pt;\"><span style=\"color: #c00000; font-family: Arial;\">[\u2026] il reste 3 ans et demi pour arriver \u00e0 la num\u00e9risation des formalit\u00e9s administratives. On ne pourra le faire qu&rsquo;en maintenant des alternatives papier, et en accompagnant les gens.<br \/>\n<\/span><\/p>\n<p style=\"margin-left: 28pt;\"><span style=\"color: #c00000; font-family: Arial;\">[\u2026] <strong>La baisse des effectifs dans les services publics est une des raisons importantes de la coupure entre les Fran\u00e7ais et les services publics. Le ph\u00e9nom\u00e8ne de non r\u00e9ponse, \u00e7a s&rsquo;explique car les services n&rsquo;en ont plus les moyens<\/strong>. Nous avons en face de nous une situation o\u00f9 la macro \u00e9conomie et les imp\u00e9ratifs de finances publiques ont pris le pas sur toute autre consid\u00e9ration.\u00bb<br \/>\n<\/span><\/p>\n<p><span style=\"color: #777777; font-family: Arial;\">Les services n&rsquo;ont plus les moyens de r\u00e9aliser un service de qualit\u00e9 et la pr\u00e9sence humaine est importante quand on parle de service public.<br \/>\n<\/span><\/p>\n<p><span style=\"color: #777777; font-family: Arial;\">Peut-\u00eatre que Christophe Castaner dira la m\u00eame chose dans 20 ans s&rsquo;il est nomm\u00e9 d\u00e9fenseur des droits&nbsp;?<br \/>\n<\/span><\/p>\n<p><span style=\"color: #800000; font-family: Arial;\">&lt;1211&gt;<\/span><\/p>\n","protected":false},"excerpt":{"rendered":"<p>\u00ab&nbsp;La baisse des effectifs dans les services publics est une des raisons importantes de la coupure entre les Fran\u00e7ais et les services publics. Le ph\u00e9nom\u00e8ne de non r\u00e9ponse, \u00e7a s\u2019explique car les services n\u2019en ont plus les moyens&nbsp;\u00bb Jacques Toubon,<\/p>\n","protected":false},"author":1,"featured_media":0,"comment_status":"open","ping_status":"closed","sticky":false,"template":"","format":"standard","meta":{"footnotes":""},"categories":[1],"tags":[104,15,3],"class_list":["post-6407","post","type-post","status-publish","format-standard","hentry","category-motdujour","tag-administration","tag-france","tag-politique"],"_links":{"self":[{"href":"https:\/\/lemotdujour.fr\/index.php?rest_route=\/wp\/v2\/posts\/6407","targetHints":{"allow":["GET"]}}],"collection":[{"href":"https:\/\/lemotdujour.fr\/index.php?rest_route=\/wp\/v2\/posts"}],"about":[{"href":"https:\/\/lemotdujour.fr\/index.php?rest_route=\/wp\/v2\/types\/post"}],"author":[{"embeddable":true,"href":"https:\/\/lemotdujour.fr\/index.php?rest_route=\/wp\/v2\/users\/1"}],"replies":[{"embeddable":true,"href":"https:\/\/lemotdujour.fr\/index.php?rest_route=%2Fwp%2Fv2%2Fcomments&post=6407"}],"version-history":[{"count":5,"href":"https:\/\/lemotdujour.fr\/index.php?rest_route=\/wp\/v2\/posts\/6407\/revisions"}],"predecessor-version":[{"id":11628,"href":"https:\/\/lemotdujour.fr\/index.php?rest_route=\/wp\/v2\/posts\/6407\/revisions\/11628"}],"wp:attachment":[{"href":"https:\/\/lemotdujour.fr\/index.php?rest_route=%2Fwp%2Fv2%2Fmedia&parent=6407"}],"wp:term":[{"taxonomy":"category","embeddable":true,"href":"https:\/\/lemotdujour.fr\/index.php?rest_route=%2Fwp%2Fv2%2Fcategories&post=6407"},{"taxonomy":"post_tag","embeddable":true,"href":"https:\/\/lemotdujour.fr\/index.php?rest_route=%2Fwp%2Fv2%2Ftags&post=6407"}],"curies":[{"name":"wp","href":"https:\/\/api.w.org\/{rel}","templated":true}]}}