{"id":6402,"date":"2019-03-20T02:48:06","date_gmt":"2019-03-20T01:48:06","guid":{"rendered":"http:\/\/lemotdujour.fr\/?p=6402"},"modified":"2021-06-23T23:57:58","modified_gmt":"2021-06-23T21:57:58","slug":"mercredi-11-mars-2019","status":"publish","type":"post","link":"https:\/\/lemotdujour.fr\/?p=6402","title":{"rendered":"mercredi 20 mars 2019"},"content":{"rendered":"<div class=\"mdjTexte\">\t\u00ab&nbsp;Retour sur les ar\u00eates de poissons&nbsp;\u00bb<\/div>\n<div class=\"mdjAuteur\">\tSujet d\u00e9j\u00e0 \u00e9voqu\u00e9 mais une page cr\u00e9\u00e9e par le Progr\u00e8s permet d\u2019y revenir<\/div>\n<p><span style=\"color: #777777; font-family: Arial;\">C&rsquo;\u00e9tait il y a un an, j&rsquo;ai \u00e9crit une s\u00e9rie d&rsquo;articles sur la ville de Lyon. Le deuxi\u00e8me de ces mots du jour \u00e9tait consacr\u00e9 \u00e0 un sujet \u00e9tonnant <a href=\"https:\/\/lemotdujour.fr\/?p=4313\"><span style=\"color: #0000ff;\">\u00ab&nbsp;Les Ar\u00eates de Poisson&nbsp;\u00bb<\/span><\/a><span style=\"color: #0000ff;\">.<\/span><br \/>\n<\/span><\/p>\n<p><img decoding=\"async\" class=\"alignleft\" src=\"https:\/\/lemotdujour.fr\/wp-content\/uploads\/2019\/03\/031119_2147_Mercredi11m1.jpg\" alt=\"\" align=\"left\"><span style=\"color: #777777; font-family: Arial;\">Il s&rsquo;agit de galeries creus\u00e9es sous la colline de la croix rousse \u00e0 Lyon, qui selon la datation scientifique remonte \u00e0 l&rsquo;\u00e9poque romaine.<br \/>\n<\/span><\/p>\n<p><span style=\"color: #777777; font-family: Arial;\">En utilisant des outils modernes de pr\u00e9sentation, le journal \u00ab&nbsp;<strong>Le Progr\u00e8s<\/strong>&nbsp;\u00bb a cr\u00e9\u00e9 une page pour pr\u00e9senter ce myst\u00e8re lyonnais&nbsp;: <span style=\"color: #0000ff;\">&lt;<a style=\"color: #0000ff;\" href=\"https:\/\/leprogres.shorthandstories.com\/lyonaretesdepoisson\/index.html\"><strong>Lyon : l&rsquo;\u00e9nigme sous la colline<\/strong><\/a>&gt;<\/span><br \/>\n<\/span><\/p>\n<p><span style=\"color: #777777; font-family: Arial;\">Il n&rsquo;y a aucun \u00e9l\u00e9ment nouveau, mais une autre mani\u00e8re de pr\u00e9senter ce myst\u00e8re qui m\u00e9rite d&rsquo;\u00eatre vue, c&rsquo;est pourquoi je le partage.<\/span><\/p>\n<p><span style=\"color: #777777; font-family: Arial;\"><br \/>\n<\/span><\/p>\n<p><span style=\"color: #800000; font-family: Arial;\">&lt;Article sans num\u00e9ro&gt;<\/span><\/p>\n","protected":false},"excerpt":{"rendered":"<p>\u00ab&nbsp;Retour sur les ar\u00eates de poissons&nbsp;\u00bb Sujet d\u00e9j\u00e0 \u00e9voqu\u00e9 mais une page cr\u00e9\u00e9e par le Progr\u00e8s permet d\u2019y revenir C&rsquo;\u00e9tait il y a un an, j&rsquo;ai \u00e9crit une s\u00e9rie d&rsquo;articles sur la ville de Lyon. Le deuxi\u00e8me de ces mots<\/p>\n","protected":false},"author":1,"featured_media":0,"comment_status":"open","ping_status":"closed","sticky":false,"template":"","format":"standard","meta":{"footnotes":""},"categories":[1],"tags":[17,45],"class_list":["post-6402","post","type-post","status-publish","format-standard","hentry","category-motdujour","tag-histoire","tag-lyon"],"_links":{"self":[{"href":"https:\/\/lemotdujour.fr\/index.php?rest_route=\/wp\/v2\/posts\/6402","targetHints":{"allow":["GET"]}}],"collection":[{"href":"https:\/\/lemotdujour.fr\/index.php?rest_route=\/wp\/v2\/posts"}],"about":[{"href":"https:\/\/lemotdujour.fr\/index.php?rest_route=\/wp\/v2\/types\/post"}],"author":[{"embeddable":true,"href":"https:\/\/lemotdujour.fr\/index.php?rest_route=\/wp\/v2\/users\/1"}],"replies":[{"embeddable":true,"href":"https:\/\/lemotdujour.fr\/index.php?rest_route=%2Fwp%2Fv2%2Fcomments&post=6402"}],"version-history":[{"count":6,"href":"https:\/\/lemotdujour.fr\/index.php?rest_route=\/wp\/v2\/posts\/6402\/revisions"}],"predecessor-version":[{"id":11623,"href":"https:\/\/lemotdujour.fr\/index.php?rest_route=\/wp\/v2\/posts\/6402\/revisions\/11623"}],"wp:attachment":[{"href":"https:\/\/lemotdujour.fr\/index.php?rest_route=%2Fwp%2Fv2%2Fmedia&parent=6402"}],"wp:term":[{"taxonomy":"category","embeddable":true,"href":"https:\/\/lemotdujour.fr\/index.php?rest_route=%2Fwp%2Fv2%2Fcategories&post=6402"},{"taxonomy":"post_tag","embeddable":true,"href":"https:\/\/lemotdujour.fr\/index.php?rest_route=%2Fwp%2Fv2%2Ftags&post=6402"}],"curies":[{"name":"wp","href":"https:\/\/api.w.org\/{rel}","templated":true}]}}