{"id":6377,"date":"2019-03-11T00:08:52","date_gmt":"2019-03-10T23:08:52","guid":{"rendered":"http:\/\/lemotdujour.fr\/?p=6377"},"modified":"2021-06-24T00:06:29","modified_gmt":"2021-06-23T22:06:29","slug":"lundi-11-mars-2019","status":"publish","type":"post","link":"https:\/\/lemotdujour.fr\/?p=6377","title":{"rendered":"Lundi 11 mars 2019"},"content":{"rendered":"<div class=\"mdjTexte\">\t\u00abLe monde est comme un masque qui danse&nbsp;: pour bien le voir, il ne faut pas rester au m\u00eame endroit.\u00bb<\/div>\n<div class=\"mdjAuteur\">\tProverbe igbo cit\u00e9 en conclusion de la lettre de Dominique Edd\u00e9 \u00e0 Alain Finkielkraut.<\/div>\n<p><span style=\"color: #777777; font-family: Arial;\">Sauf \u00e0 refuser tout contact avec les m\u00e9dias, personne ne saurait ignorer qu&rsquo;Alain Finkielkraut a fait l&rsquo;objet, \u00e0 Paris d&rsquo;une agression verbale, lors d&rsquo;un samedi de manifestation des gilets jaunes par un salafiste qui apr\u00e8s l&rsquo;avoir trait\u00e9 de \u00ab&nbsp;sale merde de sioniste&nbsp;\u00bb a eu cette impr\u00e9cation&nbsp;: \u00ab&nbsp;Nous sommes le peuple, la France elle est \u00e0 nous, retourne \u00e0 Tel Aviv&nbsp;\u00bb.<br \/>\n<\/span><\/p>\n<p><span style=\"color: #777777; font-family: Arial;\">Il faut une certaine audace, pour qu&rsquo;un Salafiste puisse s&rsquo;\u00e9crier, dans le pays de Voltaire, le pays de la s\u00e9paration de l\u2019\u00c9glise et de l\u2019\u00c9tat, que la France est \u00e0 des personnes qui professent ses id\u00e9es.<br \/>\n<\/span><\/p>\n<p><span style=\"color: #777777; font-family: Arial;\">C&rsquo;est aussi d&rsquo;une grande stupidit\u00e9, parce qu&rsquo;\u00e9tant donn\u00e9 l&rsquo;id\u00e9ologie d&rsquo;o\u00f9 cet individu parle, il ne pourra qu&rsquo;attiser la haine et la division dans notre pays et alimenter la rh\u00e9torique d&rsquo;extr\u00eame droite contre les musulmans et la th\u00e9orie du grand remplacement.<br \/>\n<\/span><\/p>\n<p><span style=\"color: #777777; font-family: Arial;\">Quasi tous les intellectuels, tous les journalistes, m\u00eame ceux qui sont tr\u00e8s oppos\u00e9s \u00e0 certaines id\u00e9es d&rsquo;Alain Finkielkraut ont pris fait et cause pour lui et ont d\u00e9nonc\u00e9 l&rsquo;acte haineux et stupide du salafiste.<br \/>\n<\/span><\/p>\n<p><span style=\"color: #777777; font-family: Arial;\">J&rsquo;ai avou\u00e9 ma faiblesse pour l&rsquo;\u00e9mission de Finkielkraut sur France Culture&nbsp;: \u00ab<span style=\"color: #0000ff;\">&nbsp;<\/span><a href=\"https:\/\/www.franceculture.fr\/emissions\/repliques\"><span style=\"color: #0000ff;\">R\u00e9pliques<\/span>&nbsp;<\/a>\u00bb qui est selon moi un exemple d&rsquo;\u00e9mission tol\u00e9rante o\u00f9 des id\u00e9es peuvent s&rsquo;exprimer et se discuter dans le respect.<br \/>\n<\/span><\/p>\n<p><span style=\"color: #777777; font-family: Arial;\">Les opinons d&rsquo;Alain Finkielkraut sont quelquefois plus contestables.<br \/>\n<\/span><\/p>\n<p><span style=\"color: #777777; font-family: Arial;\">J&rsquo;ai lu un point de vue que j&rsquo;ai trouv\u00e9 int\u00e9ressant et qui a d&rsquo;autant plus attir\u00e9 mon attention en raison d&rsquo;une censure du journal \u00ab&nbsp;Le Monde&nbsp;\u00bb.<br \/>\n<\/span><\/p>\n<p><span style=\"color: #777777; font-family: Arial;\">L&rsquo;article a \u00e9t\u00e9 \u00e9crit par Dominique Edd\u00e9 qui est libanaise. Elle est romanci\u00e8re, essayiste, critique litt\u00e9raire, traductrice et \u00e9ditrice. Elle \u00e9crit aussi des articles politiques publi\u00e9s dans Le Monde et Le Nouvel Observateur.<br \/>\n<\/span><\/p>\n<p><span style=\"color: #777777; font-family: Arial;\">Son dernier ouvrage traite <span style=\"color: #0000ff;\"><a style=\"color: #0000ff;\" href=\"https:\/\/fr.wikipedia.org\/wiki\/Edward_Sa%C3%AFd\">d&rsquo;Edward Said<\/a><\/span>, universitaire palestino-am\u00e9ricain d\u00e9c\u00e9d\u00e9 en 2003 que j&rsquo;ai d\u00e9j\u00e0 \u00e9voqu\u00e9 parce qu&rsquo;il a cr\u00e9\u00e9 avec Daniel Barenboim, l&rsquo;orchestre comprenant des musiciens arabes et isra\u00e9liens, le &lt;<a href=\"https:\/\/fr.wikipedia.org\/wiki\/West-Eastern_Divan_Orchestra\"><span style=\"color: #0000ff;\">West-Eastern Divan Orchestra<\/span><\/a>&gt;<br \/>\n<\/span><\/p>\n<p><span style=\"color: #777777; font-family: Arial;\">Cet ouvrage a pour titre&nbsp;: \u00ab<span style=\"color: #0000ff;\">&nbsp;<\/span><a href=\"https:\/\/livre.fnac.com\/a10900509\/Dominique-Edde-Edward-Said\"><span style=\"color: #0000ff;\">Edward Sa\u00efd, Le roman de sa pens\u00e9e<\/span>&nbsp;<\/a>\u00bb.<br \/>\n<\/span><\/p>\n<p><span style=\"color: #777777; font-family: Arial;\">Apr\u00e8s l&rsquo;agression elle a souhait\u00e9 \u00e9crire une lettre \u00e0 Alain Finkielkraut.<br \/>\n<\/span><\/p>\n<p><span style=\"color: #777777; font-family: Arial;\">Elle raconte&nbsp;:<br \/>\n<\/span><\/p>\n<p style=\"margin-left: 28pt;\"><span style=\"color: #c00000; font-family: Arial;\">\u00ab&nbsp;R\u00e9dig\u00e9e le 23 f\u00e9vrier dernier, cette lettre \u00e0 Alain Finkielkraut a \u00e9t\u00e9 accept\u00e9e par le journal <em>Le Monde<\/em> qui demandait qu&rsquo;elle lui soit \u00ab r\u00e9serv\u00e9e \u00bb, puis elle a \u00e9t\u00e9 recal\u00e9e, sans pr\u00e9avis, 9 jours plus tard alors qu&rsquo;elle \u00e9tait en route pour l&rsquo;impression.<br \/>\n<\/span><\/p>\n<p style=\"margin-left: 28pt;\"><span style=\"color: #c00000; font-family: Arial;\">L&rsquo;article qui, en revanche, sera <span style=\"color: #0000ff;\"><a style=\"color: #0000ff;\" href=\"https:\/\/www.lemonde.fr\/idees\/article\/2019\/03\/05\/pierre-andre-taguieff-tous-ceux-qui-se-disent-antisionistes-ne-sont-pas-antijuifs-mais-beaucoup-le-sont_5431381_3232.html\" target=\"_blank\" rel=\"noopener\">publi\u00e9 <\/a><\/span>sans contrepoids ce m\u00eame jour, le 5 mars, \u00e9tait sign\u00e9 par le sociologue Pierre-Andr\u00e9 Taguieff. Survol historique de la question du sionisme, de l&rsquo;antisionisme et de \u00ab la diabolisation de l&rsquo;\u00c9tat juif \u00bb, il accomplit le tour de force de vider le pass\u00e9 et le pr\u00e9sent de toute r\u00e9f\u00e9rence \u00e0 la Palestine et aux Palestiniens. N&rsquo;existe \u00e0 ses yeux qu&rsquo;un \u00c9tat juif innocent mis en p\u00e9ril par le Hamas. Quelques mois plus t\u00f4t, un article du sociologue Dany Trom (<a href=\"https:\/\/aoc.media\/analyse\/2018\/06\/18\/letat-disrael-70e-anniversaire\/\" target=\"_blank\" rel=\"noopener\"><span style=\"color: #0000ff;\">publi\u00e9<\/span> <\/a>dans la revue en ligne AOC) dressait, lui aussi, un long bilan des 70 ans d&rsquo;Isra\u00ebl, sans qu&rsquo;y soient cit\u00e9s une seule fois, pas m\u00eame par erreur, les Palestiniens.<br \/>\n<\/span><\/p>\n<p style=\"margin-left: 28pt;\"><span style=\"color: #c00000; font-family: Arial;\">Cette nouvelle vague de n\u00e9gationnisme par omission ressemble \u00e9trangement \u00e0 celle qui en 1948 installait le sionisme sur le principe d&rsquo;une terre inhabit\u00e9e. Derri\u00e8re ce manque d&rsquo;alt\u00e9rit\u00e9 ou cette mani\u00e8re de disposer, \u00e0 sens unique, du pass\u00e9 et de la m\u00e9moire, se joue une partie tr\u00e8s dangereuse. Elle est \u00e0 l&rsquo;origine de ma d\u00e9cision d&rsquo;\u00e9crire cette lettre. Si j&rsquo;ai choisi, apr\u00e8s le curieux revirement du Monde, de solliciter L&rsquo;Orient-Le Jour plut\u00f4t qu&rsquo;un autre m\u00e9dia fran\u00e7ais, c&rsquo;est que le moment est sans doute venu pour moi de prendre la parole sur ces questions \u00e0 partir du lieu qui est le mien et qui me permet de rappeler au passage que s&rsquo;y trouvent par centaines de milliers les r\u00e9fugi\u00e9s palestiniens, victimes de 1948 et de 1967.<br \/>\n<\/span><\/p>\n<p style=\"margin-left: 28pt;\"><span style=\"color: #c00000; font-family: Arial;\">Alors que j&rsquo;\u00e9cris ces lignes, j&rsquo;apprends qu&rsquo;a eu lieu, cette semaine, un d\u00e9fil\u00e9 antis\u00e9mite en Belgique, dans le cadre d&rsquo;un <a href=\"https:\/\/observers.france24.com\/fr\/20190306-belgique-alost-carnaval-caricature-juifs\" target=\"_blank\" rel=\"noopener\">carnaval \u00e0 Alost<\/a>. On peine \u00e0 croire que la haine et la b\u00eatise puissent franchir de telles bornes. On peine aussi \u00e0 trouver les mots qui tiennent tous les bouts. Je ne cesserai, pour ma part, d&rsquo;essayer de me battre avec le peu de moyens dont je dispose contre la haine des Juifs et le n\u00e9gationnisme, contre le fanatisme islamiste et les dictatures, contre la politique coloniale isra\u00e9lienne. De tels efforts s&rsquo;av\u00e8rent de plus en plus d\u00e9risoires tant la brutalit\u00e9 ou la surdit\u00e9 ont partout des longueurs d&rsquo;avance.&nbsp;\u00bb<br \/>\n<\/span><\/p>\n<p><span style=\"color: #777777; font-family: Arial;\">L&rsquo;Orient-Le Jour est un quotidien francophone libanais. C&rsquo;est un des principaux journaux libanais du Moyen-Orient. Et vous trouverez l&rsquo;article derri\u00e8re ce lien&nbsp;: &lt; <a href=\"https:\/\/www.lorientlejour.com\/article\/1160808\/lettre-a-alain-finkielkraut.html\"><span style=\"color: #0000ff;\">Cher Alain Finkielkraut<\/span><\/a>&gt;<br \/>\n<\/span><\/p>\n<p><span style=\"color: #777777; font-family: Arial;\">Elle commence \u00e0 condamner sans ambig\u00fcit\u00e9 l&rsquo;agression&nbsp;:<br \/>\n<\/span><\/p>\n<p style=\"margin-left: 28pt;\"><span style=\"color: #c00000; font-family: Arial;\">\u00ab&nbsp;Cher Alain Finkielkraut,<br \/>\n<\/span><\/p>\n<p style=\"margin-left: 28pt;\"><span style=\"color: #c00000; font-family: Arial;\">Permettez-moi de commencer par vous dire \u00ab&nbsp;salamtak&nbsp;\u00bb, le mot qui s&#8217;emploie en arabe pour souhaiter le meilleur \u00e0 qui \u00e9chappe \u00e0 un accident ou, dans votre cas, une agression. La violence et la haine qui vous ont \u00e9t\u00e9 inflig\u00e9es ne m&rsquo;ont pas seulement indign\u00e9e, elles m&rsquo;ont fait mal. Parviendrais-je, dans cette situation, \u00e0 trouver les mots qui vous diront simultan\u00e9ment ma solidarit\u00e9 et le fond de ma pens\u00e9e ? Je vais essayer. Car, en m&rsquo;adressant \u00e0 vous, je m&rsquo;adresse aussi, \u00e0 travers vous, \u00e0 ceux qui ont envie de paix.&nbsp;\u00bb<br \/>\n<\/span><\/p>\n<p><span style=\"color: #777777; font-family: Arial;\">Le plus simple est de lire l&rsquo;article dans lequel, elle critique Alain Finkielkraut sur son refus de l&rsquo;alt\u00e9rit\u00e9 et je dirai son manque d&#8217;empathie \u00e0 l&rsquo;\u00e9gard du plus grand nombre des musulmans qui ne sont pas salafistes.<br \/>\n<\/span><\/p>\n<p><span style=\"color: #777777; font-family: Arial;\">Elle \u00e9crit ainsi&nbsp;:<br \/>\n<\/span><\/p>\n<p style=\"margin-left: 28pt;\"><span style=\"color: #c00000; font-family: Arial;\">\u00ab&nbsp; Ainsi, l&rsquo;islam salafiste, notre ennemi commun et, pour des raisons d&rsquo;exp\u00e9rience, le mien avant d&rsquo;\u00eatre le v\u00f4tre, vous a-t-il fait plus d&rsquo;une fois confondre deux milliards de musulmans et une culture mill\u00e9naire avec un livre, un verset, un slogan. Pour vous, le temps s&rsquo;est arr\u00eat\u00e9 au moment o\u00f9 le nazisme a d\u00e9capit\u00e9 l&rsquo;humanit\u00e9. Il n&rsquo;y avait plus d&rsquo;avenir et de chemin possible que dans l&rsquo;ant\u00e9riorit\u00e9. Dans le retour \u00e0 une civilisation telle qu&rsquo;un Europ\u00e9en pouvait la r\u00eaver avant la catastrophe. Cela, j&rsquo;ai d&rsquo;autant moins de mal \u00e0 le comprendre que j&rsquo;ai la m\u00eame nostalgie que vous des chantiers intellectuels du d\u00e9but du si\u00e8cle dernier. Mais vous vous \u00eates autoris\u00e9 cette fusion de la nostalgie et de la pens\u00e9e qui, au prix de la lucidit\u00e9, met la seconde au service de la premi\u00e8re. Plus inqui\u00e9tant, vous avez renonc\u00e9 dans ce \u00ab&nbsp;monde d&rsquo;hier&nbsp;\u00bb \u00e0 ce qu&rsquo;il avait de plus r\u00e9jouissant&nbsp;: son cosmopolitisme, son m\u00e9lange. Les couleurs, les langues, les visages, les m\u00e9moires qui, venues d&rsquo;ailleurs, polluent le monde que vous regrettez, sont assign\u00e9es par vous \u00e0 dispara\u00eetre ou \u00e0 se faire oublier. Vous dites que deux menaces p\u00e8sent sur la France&nbsp;: la jud\u00e9ophobie et la francophobie. Pourquoi refusez-vous obstin\u00e9ment d&rsquo;inscrire l&rsquo;islamophobie dans la liste de vos inqui\u00e9tudes ? Ce n&rsquo;est pas faire de la place \u00e0 l&rsquo;islamisme que d&rsquo;en faire aux musulmans. C&rsquo;est m\u00eame le contraire. \u00c0 ne vouloir, \u00e0 ne pouvoir partager votre malaise avec celui d&rsquo;un nombre consid\u00e9rable de musulmans fran\u00e7ais, vous faites ce que le sionisme a fait \u00e0 ses d\u00e9buts, lorsqu&rsquo;il a pr\u00e9tendu que la terre d&rsquo;Isra\u00ebl \u00e9tait \u00ab&nbsp;une terre sans peuple pour un peuple sans terre&nbsp;\u00bb. Vous niez une partie de la r\u00e9alit\u00e9 pour en faire exister une autre. Sans prendre la peine de vous repr\u00e9senter, au passage, la frustration, la rage muette de ceux qui, dans vos propos, passent \u00e0 la trappe.&nbsp;\u00bb<br \/>\n<\/span><\/p>\n<p><span style=\"color: #777777; font-family: Arial;\">Elle revient sur cette id\u00e9e sotte de vouloir l\u00e9gif\u00e9rer sur le mot \u00ab&nbsp;antisioniste&nbsp;\u00bb&nbsp;:<br \/>\n<\/span><\/p>\n<p style=\"margin-left: 28pt;\"><span style=\"color: #c00000; font-family: Arial;\">\u00ab&nbsp;Peut-\u00eatre aurez-vous l&rsquo;oreille du pouvoir en leur faisant savoir qu&rsquo;ils ne cloueront pas le bec des opposants au r\u00e9gime isra\u00e9lien en clouant le bec des enrag\u00e9s. On a trop l&rsquo;habitude en France de prendre les mots et les esprits en otage, de privil\u00e9gier l&rsquo;affect au m\u00e9pris de la raison chaque fois qu&rsquo;est \u00e9voqu\u00e9e la question d&rsquo;Isra\u00ebl et de la Palestine. On nous demande \u00e0 pr\u00e9sent de reconna\u00eetre, sans broncher, que l&rsquo;antis\u00e9mitisme et l&rsquo;antisionisme sont des synonymes.<br \/>\n<\/span><\/p>\n<p style=\"margin-left: 28pt;\"><span style=\"color: #c00000; font-family: Arial;\">Que l&rsquo;on commence par nous dire ce que l&rsquo;on entend par sionisme et donc par antisionisme. Si antisioniste signifie \u00eatre contre l&rsquo;existence d&rsquo;Isra\u00ebl, je ne suis pas antisioniste. Si cela signifie, en revanche, \u00eatre contre un \u00c9tat d&rsquo;Isra\u00ebl, strictement juif, tel que le veulent Netanyahu et bien d&rsquo;autres, alors oui, je le suis. Tout comme je suis contre toute purification ethnique.<br \/>\n<\/span><\/p>\n<p style=\"margin-left: 28pt;\"><span style=\"color: #c00000; font-family: Arial;\">Mandela \u00e9tait-il antis\u00e9mite au pr\u00e9texte qu&rsquo;il d\u00e9fendait des droits \u00e9gaux pour les Palestiniens et les Isra\u00e9liens ?<br \/>\n<\/span><\/p>\n<p style=\"margin-left: 28pt;\"><span style=\"color: #c00000; font-family: Arial;\">L&rsquo;antis\u00e9mitisme et le n\u00e9gationnisme sont des plaies contre lesquelles je n&rsquo;ai cess\u00e9 de me battre comme bien d&rsquo;autres intellectuels arabes. Que l&rsquo;on ne nous demande pas \u00e0 pr\u00e9sent d&rsquo;ent\u00e9riner un autre n\u00e9gationnisme \u2013 celui qui liquide notre m\u00e9moire \u2013 du seul fait que nous sommes d\u00e9faits. Oui, le monde arabe est mort. Oui, tous les pays de la r\u00e9gion, o\u00f9 je vis, sont morcel\u00e9s, en miettes. Oui, la r\u00e9sistance palestinienne a \u00e9chou\u00e9. Oui, la plupart desdites r\u00e9volutions arabes ont \u00e9t\u00e9 confisqu\u00e9es. Mais le souvenir n&rsquo;appartient pas que je sache au seul camp du pouvoir, du vainqueur. Il n&rsquo;est pas encore interdit de penser quand on est \u00e0 genoux.&nbsp;\u00bb<br \/>\n<\/span><\/p>\n<p><span style=\"color: #777777; font-family: Arial;\">L&rsquo;article est beaucoup plus riche que ce que j&rsquo;en cite. Elle finit par un proverbe igbo&nbsp;:<br \/>\n<\/span><\/p>\n<p style=\"margin-left: 28pt;\"><span style=\"color: #c00000; font-family: Arial;\"><strong>\u00ab&nbsp;Le monde est comme un masque qui danse&nbsp;: pour bien le voir, il ne faut pas rester au m\u00eame endroit.&nbsp;\u00bb<br \/>\n<\/strong><\/span><\/p>\n<p><span style=\"color: #777777; font-family: Arial;\"><em>L&rsquo;igbo aussi appel\u00e9 ibo est une langue parl\u00e9e au Nig\u00e9ria, dans la r\u00e9gion qui avait abrit\u00e9e la r\u00e9volte du Biafra.<br \/>\n<\/em><\/span><\/p>\n<p><span style=\"color: #777777; font-family: Arial;\">Ce proverbe igbo ressemble un peu \u00e0 l&rsquo;expression que j&rsquo;ai parfois utilis\u00e9 de tourner autour du pot, afin de voir le pot sous tous ses aspects. <\/span><\/p>\n<p><span style=\"color: #777777; font-family: Arial;\">J&rsquo;ai avou\u00e9 mon incapacit\u00e9 actuellement de r\u00e9diger un mot du jour \u00e9quilibr\u00e9 sur Isra\u00ebl, mais je crois qu&rsquo;il faut lire cette intellectuelle arabe mod\u00e9r\u00e9e et qui dit une autre partie de la r\u00e9alit\u00e9 de ce qui se joue dans cet orient complexe.<br \/>\n<\/span><\/p>\n<p><span style=\"color: #777777; font-family: Arial;\">Je ne comprends pas la censure du Monde.<br \/>\n<\/span><\/p>\n<p><span style=\"color: #777777; font-family: Arial;\">Je redonne le lien vers son article&nbsp;: \u00ab&nbsp;<span style=\"color: #0000ff;\"><a style=\"color: #0000ff;\" href=\"https:\/\/www.lorientlejour.com\/article\/1160808\/lettre-a-alain-finkielkraut.html\">Cher Alain Finkielkraut<\/a><\/span>&nbsp;\u00bb<br \/>\n<\/span><\/p>\n<p><span style=\"color: #800000; font-family: Arial;\">&lt;1209&gt;<\/span><\/p>\n","protected":false},"excerpt":{"rendered":"<p>\u00abLe monde est comme un masque qui danse&nbsp;: pour bien le voir, il ne faut pas rester au m\u00eame endroit.\u00bb Proverbe igbo cit\u00e9 en conclusion de la lettre de Dominique Edd\u00e9 \u00e0 Alain Finkielkraut. Sauf \u00e0 refuser tout contact avec<\/p>\n","protected":false},"author":1,"featured_media":0,"comment_status":"open","ping_status":"closed","sticky":false,"template":"","format":"standard","meta":{"footnotes":""},"categories":[1],"tags":[109,18,34],"class_list":["post-6377","post","type-post","status-publish","format-standard","hentry","category-motdujour","tag-geopolitique","tag-international","tag-religion"],"_links":{"self":[{"href":"https:\/\/lemotdujour.fr\/index.php?rest_route=\/wp\/v2\/posts\/6377","targetHints":{"allow":["GET"]}}],"collection":[{"href":"https:\/\/lemotdujour.fr\/index.php?rest_route=\/wp\/v2\/posts"}],"about":[{"href":"https:\/\/lemotdujour.fr\/index.php?rest_route=\/wp\/v2\/types\/post"}],"author":[{"embeddable":true,"href":"https:\/\/lemotdujour.fr\/index.php?rest_route=\/wp\/v2\/users\/1"}],"replies":[{"embeddable":true,"href":"https:\/\/lemotdujour.fr\/index.php?rest_route=%2Fwp%2Fv2%2Fcomments&post=6377"}],"version-history":[{"count":5,"href":"https:\/\/lemotdujour.fr\/index.php?rest_route=\/wp\/v2\/posts\/6377\/revisions"}],"predecessor-version":[{"id":11630,"href":"https:\/\/lemotdujour.fr\/index.php?rest_route=\/wp\/v2\/posts\/6377\/revisions\/11630"}],"wp:attachment":[{"href":"https:\/\/lemotdujour.fr\/index.php?rest_route=%2Fwp%2Fv2%2Fmedia&parent=6377"}],"wp:term":[{"taxonomy":"category","embeddable":true,"href":"https:\/\/lemotdujour.fr\/index.php?rest_route=%2Fwp%2Fv2%2Fcategories&post=6377"},{"taxonomy":"post_tag","embeddable":true,"href":"https:\/\/lemotdujour.fr\/index.php?rest_route=%2Fwp%2Fv2%2Ftags&post=6377"}],"curies":[{"name":"wp","href":"https:\/\/api.w.org\/{rel}","templated":true}]}}