{"id":636,"date":"2014-03-11T01:00:00","date_gmt":"2014-03-10T22:00:00","guid":{"rendered":"http:\/\/lemotdujour.fr\/?p=636"},"modified":"2017-05-08T13:21:22","modified_gmt":"2017-05-08T11:21:22","slug":"mardi-11032014","status":"publish","type":"post","link":"https:\/\/lemotdujour.fr\/?p=636","title":{"rendered":"Mardi 11\/03\/2014"},"content":{"rendered":"<div class=\"mdjDate\">Mardi 11\/03\/2014<\/div>\n<div class=\"mdjTexte\">\u00ab\u00a0La loi ne peut pas interdire la b\u00eatise\u00a0\u00bb<\/div>\n<div class=\"mdjAuteur\">Fran\u00e7ois Hollande<\/div>\n<div class=\"mdjComplements\">Propos tenus par le Pr\u00e9sident, lors de la Journ\u00e9e des femmes de cette ann\u00e9e : <a href=\"http:\/\/www.bfmtv.com\/politique\/hollande-droit-femmes-est-un-combat-permanent-728058.html\">http:\/\/www.bfmtv.com\/politique\/hollande-droit-femmes-est-un-combat-permanent-728058.html<\/a><\/div>\n<div class=\"mdjComplements\">Notre Pr\u00e9sident est tr\u00e8s critiqu\u00e9, mais ce propos me para\u00eet d&rsquo;une grande lucidit\u00e9 il faut donc le mettre en exergue.<\/div>\n<div class=\"mdjComplements\">Einstein avait dit : \u00ab\u00a0Deux choses sont infinies l&rsquo;Univers et la B\u00eatise humaine\u00a0\u00bb mais je n&rsquo;en suis pas totalement s\u00fbr pour l&rsquo;Univers.<\/div>\n<div class=\"mdjComplements\">La b\u00eatise notamment \u00e0 l&rsquo;\u00e9gard des femmes a \u00e9t\u00e9 de tous temps immense. B\u00eatise qui tr\u00e8s souvent s&rsquo;est mu\u00e9e en violence, violence extr\u00eame.<\/div>\n<div class=\"mdjComplements\">Et nous ne parlons pas du pass\u00e9, aujourd&rsquo;hui dans le monde cette violence est plus que jamais omnipr\u00e9sente.<\/div>\n<div class=\"mdjComplements\">Elle est pr\u00e9sente, dans les pays o\u00f9 des religions imposent leurs lois imb\u00e9ciles, dans les pays o\u00f9 la guerre s&rsquo;attaque aux corps, \u00e0 l&rsquo;intimit\u00e9, \u00e0 la sensibilit\u00e9 et \u00e0 l&rsquo;honneur des femmes par le viol et la torture comme en Syrie ou d&rsquo;autres pays dans des guerres oubli\u00e9es ou ignor\u00e9es de notre Occident. Elle est aussi tr\u00e8s pr\u00e9sente dans nos Etats occidentaux. Ainsi, \u00ab\u00a0le Monde\u00a0\u00bb parle de l&rsquo;offensive des pays conservateurs sur les droits des femmes en Europe et dans le monde. Article que je joins en pi\u00e8ce jointe.<\/div>\n<div class=\"mdjComplements\">Si la loi ne peut pas interdire la b\u00eatise, essayons comme le colibri de prendre notre part dans la lutte quotidienne contre ce fl\u00e9au.<\/div>\n","protected":false},"excerpt":{"rendered":"<p>Mardi 11\/03\/2014 \u00ab\u00a0La loi ne peut pas interdire la b\u00eatise\u00a0\u00bb Fran\u00e7ois Hollande Propos tenus par le Pr\u00e9sident, lors de la Journ\u00e9e des femmes de cette ann\u00e9e : http:\/\/www.bfmtv.com\/politique\/hollande-droit-femmes-est-un-combat-permanent-728058.html Notre Pr\u00e9sident est tr\u00e8s critiqu\u00e9, mais ce propos me para\u00eet d&rsquo;une grande<\/p>\n","protected":false},"author":1,"featured_media":0,"comment_status":"closed","ping_status":"closed","sticky":false,"template":"","format":"standard","meta":{"footnotes":""},"categories":[1],"tags":[],"class_list":["post-636","post","type-post","status-publish","format-standard","hentry","category-motdujour"],"_links":{"self":[{"href":"https:\/\/lemotdujour.fr\/index.php?rest_route=\/wp\/v2\/posts\/636","targetHints":{"allow":["GET"]}}],"collection":[{"href":"https:\/\/lemotdujour.fr\/index.php?rest_route=\/wp\/v2\/posts"}],"about":[{"href":"https:\/\/lemotdujour.fr\/index.php?rest_route=\/wp\/v2\/types\/post"}],"author":[{"embeddable":true,"href":"https:\/\/lemotdujour.fr\/index.php?rest_route=\/wp\/v2\/users\/1"}],"replies":[{"embeddable":true,"href":"https:\/\/lemotdujour.fr\/index.php?rest_route=%2Fwp%2Fv2%2Fcomments&post=636"}],"version-history":[{"count":1,"href":"https:\/\/lemotdujour.fr\/index.php?rest_route=\/wp\/v2\/posts\/636\/revisions"}],"predecessor-version":[{"id":637,"href":"https:\/\/lemotdujour.fr\/index.php?rest_route=\/wp\/v2\/posts\/636\/revisions\/637"}],"wp:attachment":[{"href":"https:\/\/lemotdujour.fr\/index.php?rest_route=%2Fwp%2Fv2%2Fmedia&parent=636"}],"wp:term":[{"taxonomy":"category","embeddable":true,"href":"https:\/\/lemotdujour.fr\/index.php?rest_route=%2Fwp%2Fv2%2Fcategories&post=636"},{"taxonomy":"post_tag","embeddable":true,"href":"https:\/\/lemotdujour.fr\/index.php?rest_route=%2Fwp%2Fv2%2Ftags&post=636"}],"curies":[{"name":"wp","href":"https:\/\/api.w.org\/{rel}","templated":true}]}}