{"id":634,"date":"2014-03-10T01:00:00","date_gmt":"2014-03-09T22:00:00","guid":{"rendered":"http:\/\/lemotdujour.fr\/?p=634"},"modified":"2017-05-31T21:21:31","modified_gmt":"2017-05-31T19:21:31","slug":"lundi-10032014","status":"publish","type":"post","link":"https:\/\/lemotdujour.fr\/?p=634","title":{"rendered":"Lundi 10 mars 2014"},"content":{"rendered":"<div class=\"mdjTexte\">\u00ab\u00a0Il nous regardait comme si on \u00e9tait des diamants,<br \/>\net forc\u00e9ment si on vous regarde comme \u00e7a,<br \/>\nvous devenez un diamant.\u00a0\u00bb<\/div>\n<div class=\"mdjComplements\"><span style=\"color: #800000;\">Pierre Arditi rendant hommage \u00e0 Alain Resnais<\/span><\/div>\n<div class=\"mdjComplements\"><span style=\"color: #000080;\">&lt;<a style=\"color: #000080;\" href=\"https:\/\/www.youtube.com\/watch?v=jmUjGPr1ykY\">https:\/\/www.youtube.com\/watch?v=jmUjGPr1ykY&gt;<\/a><\/span><\/div>\n<div class=\"mdjComplements\">C&rsquo;est en ce jour du 10 mars qu&rsquo;aura lieu la c\u00e9r\u00e9monie de l&rsquo;Adieu \u00e0 Alain Resnais.<\/div>\n<div class=\"mdjComplements\">J&rsquo;ai eu ma premi\u00e8re rencontre avec l\u2019\u0153uvre d&rsquo;Alain Resnais, en 1978 \u00e0 Strasbourg, en entrant par \u00ab\u00a0Providence\u00a0\u00bb. D\u00e8s les premi\u00e8res images je fus fascin\u00e9 par la ma\u00eetrise du cin\u00e9aste qui filmait l&rsquo;introspection et les fantasmes d&rsquo;un vieil homme se penchant sur son pass\u00e9.<\/div>\n<div class=\"mdjComplements\">Par suite j&rsquo;ai suivi ce grand cin\u00e9aste souvent avec enthousiasme toujours avec int\u00e9r\u00eat que ce soit Mon oncle d\u2019Am\u00e9rique, On conna\u00eet la chanson, I want to go home ou cette extraordinaire performance d&rsquo;acteurs que f\u00fbt smoking \/ no smoking, et encore les herbes folles.<\/div>\n<div class=\"mdjComplements\">Des films si diff\u00e9rents les uns des autres.<\/div>\n<div class=\"mdjComplements\">Et je trouve merveilleux cet hommage d&rsquo;un de ses acteurs f\u00e9tiches.<\/div>\n<div class=\"mdjComplements\">Il rappelle un point fondamental : le regard de l&rsquo;autre est essentiel dans nos performances.<\/div>\n<div class=\"mdjComplements\">Des exp\u00e9riences l&rsquo;ont montr\u00e9 : des \u00e9l\u00e8ves \u00e0 qui on disait qu&rsquo;ils \u00e9taient formidables avaient de meilleurs r\u00e9sultats que des \u00e9l\u00e8ves que l&rsquo;on critiquait sans arr\u00eat, alors qu&rsquo;au d\u00e9part les deux populations n&rsquo;avaient pas des performances diff\u00e9rentes.<\/div>\n<div class=\"mdjComplements\"><span style=\"color: #800000;\">&lt;254&gt;<\/span><\/div>\n","protected":false},"excerpt":{"rendered":"<p>\u00ab\u00a0Il nous regardait comme si on \u00e9tait des diamants, et forc\u00e9ment si on vous regarde comme \u00e7a, vous devenez un diamant.\u00a0\u00bb Pierre Arditi rendant hommage \u00e0 Alain Resnais &lt;https:\/\/www.youtube.com\/watch?v=jmUjGPr1ykY&gt; C&rsquo;est en ce jour du 10 mars qu&rsquo;aura lieu la c\u00e9r\u00e9monie<\/p>\n","protected":false},"author":1,"featured_media":0,"comment_status":"closed","ping_status":"closed","sticky":false,"template":"","format":"standard","meta":{"footnotes":""},"categories":[1],"tags":[25,29],"class_list":["post-634","post","type-post","status-publish","format-standard","hentry","category-motdujour","tag-cinema","tag-hommage"],"_links":{"self":[{"href":"https:\/\/lemotdujour.fr\/index.php?rest_route=\/wp\/v2\/posts\/634","targetHints":{"allow":["GET"]}}],"collection":[{"href":"https:\/\/lemotdujour.fr\/index.php?rest_route=\/wp\/v2\/posts"}],"about":[{"href":"https:\/\/lemotdujour.fr\/index.php?rest_route=\/wp\/v2\/types\/post"}],"author":[{"embeddable":true,"href":"https:\/\/lemotdujour.fr\/index.php?rest_route=\/wp\/v2\/users\/1"}],"replies":[{"embeddable":true,"href":"https:\/\/lemotdujour.fr\/index.php?rest_route=%2Fwp%2Fv2%2Fcomments&post=634"}],"version-history":[{"count":6,"href":"https:\/\/lemotdujour.fr\/index.php?rest_route=\/wp\/v2\/posts\/634\/revisions"}],"predecessor-version":[{"id":2405,"href":"https:\/\/lemotdujour.fr\/index.php?rest_route=\/wp\/v2\/posts\/634\/revisions\/2405"}],"wp:attachment":[{"href":"https:\/\/lemotdujour.fr\/index.php?rest_route=%2Fwp%2Fv2%2Fmedia&parent=634"}],"wp:term":[{"taxonomy":"category","embeddable":true,"href":"https:\/\/lemotdujour.fr\/index.php?rest_route=%2Fwp%2Fv2%2Fcategories&post=634"},{"taxonomy":"post_tag","embeddable":true,"href":"https:\/\/lemotdujour.fr\/index.php?rest_route=%2Fwp%2Fv2%2Ftags&post=634"}],"curies":[{"name":"wp","href":"https:\/\/api.w.org\/{rel}","templated":true}]}}