{"id":6334,"date":"2019-03-05T01:32:45","date_gmt":"2019-03-05T00:32:45","guid":{"rendered":"http:\/\/lemotdujour.fr\/?p=6334"},"modified":"2021-06-24T00:13:17","modified_gmt":"2021-06-23T22:13:17","slug":"mardi-5-mars-2019","status":"publish","type":"post","link":"https:\/\/lemotdujour.fr\/?p=6334","title":{"rendered":"Mardi 5 mars 2019"},"content":{"rendered":"<div class=\"mdjTexte\">\t\u00ab&nbsp;Mardi gras&nbsp;\u00bb<\/div>\n<div class=\"mdjAuteur\">\tC\u2019est aujourd\u2019hui<\/div>\n<p><span style=\"color: #777777; font-family: Arial;\">Nous sommes donc le jour de mardi gras, demain ce sera mercredi des cendres et commencera la p\u00e9riode de car\u00eame.<br \/>\n<\/span><\/p>\n<p><span style=\"color: #777777; font-family: Arial;\">Car\u00eame fut l&rsquo;objet du mot du jour <a href=\"https:\/\/lemotdujour.fr\/?p=4474\"><span style=\"color: #0000ff;\">du &lt;29 mars 2018&gt;<\/span><\/a>, il para\u00eet juste de consacrer, une ann\u00e9e apr\u00e8s, un mot \u00e0 mardi-gras.<br \/>\n<\/span><\/p>\n<p><span style=\"color: #777777; font-family: Arial;\">Quand on fait des recherches sur mardi gras, la question qui semble la plus importante est de savoir ce qu&rsquo;on mange le Mardi Gras ?<br \/>\n<\/span><\/p>\n<p><span style=\"color: #777777; font-family: Arial;\">La r\u00e9ponse semble&nbsp;: des beignets et des cr\u00eapes pour utiliser les aliments \u00ab\u00a0gras\u00a0\u00bb (comme le beurre) qu&rsquo;on ne pourra plus consommer pendant la p\u00e9riode de Car\u00eame.<br \/>\n<\/span><\/p>\n<p><a href=\"https:\/\/france3-regions.francetvinfo.fr\/bourgogne-franche-comte\/doubs\/haut-doubs\/c-est-mardi-gras-voici-recette-beignets-franche-comte-1632896.html\"><span style=\"font-family: Arial;\"><span style=\"color: #0000ff;\">&lt;Voici une recette de beignets de Franche-Comt\u00e9&gt;<\/span><\/span><\/a><span style=\"color: #777777; font-family: Arial;\"> mise en ligne hier le 4 mars<br \/>\n<\/span><\/p>\n<p><span style=\"color: #777777; font-family: Arial;\">A Lyon ce sont les <strong>bugnes<\/strong> et <a href=\"https:\/\/cuisine.journaldesfemmes.fr\/recette\/341476-bugnes-lyonnaises\"><span style=\"color: #0000ff;\">&lt;Ce journal pr\u00e9tend disposer de la meilleure recette&gt;<\/span><\/a><br \/>\n<\/span><\/p>\n<p><span style=\"color: #777777; font-family: Arial;\">Le<span style=\"color: #0000ff;\"> <a style=\"color: #0000ff;\" href=\"https:\/\/www.linternaute.com\/sortir\/guide-des-loisirs\/1213241-mardi-gras-2019-pourquoi-manger-des-beignets-des-bugnes-ou-crepes\/\">site l&rsquo;Internaute<\/a><\/span> pr\u00e9cise que les r\u00e9gions ont chacun leur particularit\u00e9&nbsp;:<br \/>\n<\/span><\/p>\n<p style=\"margin-left: 28pt;\"><span style=\"color: #c00000; font-family: Arial;\">\u00ab&nbsp;Chaque r\u00e9gion de France a ses beignets. Ainsi \u00e0 Lyon, on perp\u00e9tue la tradition des bugnes depuis le XVIe si\u00e8cle, en Aquitaine, on mange des Merveilles, dans les Vosges on mange des beugnots, et en Provence ce sont des oreillettes&#8230;&nbsp;\u00bb<br \/>\n<\/span><\/p>\n<p><span style=\"color: #777777; font-family: Arial;\">Ce site nous permet d&rsquo;ailleurs d&rsquo;\u00eatre plus savant&nbsp;:<br \/>\n<\/span><\/p>\n<p style=\"margin-left: 28pt;\"><span style=\"color: #c00000; font-family: Arial;\">\u00ab&nbsp;Mardi gras est le dernier jour du Carnaval. Le mot italien provient du latin \u00ab\u00a0carnis levare\u00a0\u00bb (\u00ab\u00a0\u00f4ter la viande\u00a0\u00bb). Il fait r\u00e9f\u00e9rence aux derniers repas \u00ab\u00a0gras\u00a0\u00bb pris avant le Car\u00eame (on parlait au XVIIIe si\u00e8cle de \u00ab\u00a0Dimanche gras\u00a0\u00bb ou de \u00ab\u00a0Lundi gras\u00a0\u00bb avant Mardi gras). Autrefois, cette saison correspondait, dans une soci\u00e9t\u00e9 encore majoritairement agricole, \u00e0 l&rsquo;une des p\u00e9riodes les plus critiques. En effet, en f\u00e9vrier et en mars, les paysans puisaient dans leurs derni\u00e8res r\u00e9serves de nourriture stock\u00e9es avant ou pendant l&rsquo;hiver : la facilit\u00e9 \u00e0 stocker \u0153ufs et beurre a favoris\u00e9 &#8211; au m\u00eame titre que pour la Chandeleur &#8211; la tradition consistant \u00e0 pr\u00e9parer cr\u00eapes et gaufres pendant cette p\u00e9riode.<br \/>\n<\/span><\/p>\n<p style=\"margin-left: 28pt;\"><span style=\"color: #c00000; font-family: Arial;\">Des rituels pa\u00efens existaient dans la p\u00e9riode proche de mardi gras : ils annon\u00e7aient ou c\u00e9l\u00e9braient la renaissance de la nature (dur\u00e9e du jour en progression, d\u00e9but du d\u00e9gel, puis premiers bourgeons&#8230;). C&rsquo;est cette r\u00e9alit\u00e9 qui \u00e9tait traduite dans le calendrier romain, o\u00f9 le jour de l&rsquo;an \u00e9tait fix\u00e9 au 1er mars&#8230; D&rsquo;ailleurs, il a fallu attendre le XVIe si\u00e8cle pour le que jour de l&rsquo;an soit fix\u00e9 au 1er janvier ! Avec l&rsquo;av\u00e8nement de la chr\u00e9tient\u00e9 et la mise en place de la tradition du je\u00fbne du Car\u00eame (au IVe si\u00e8cle), la f\u00eate se transforme en p\u00e9riode d&rsquo;exub\u00e9rance pr\u00e9c\u00e9dant les rigueurs de l&rsquo;avant-P\u00e2ques.<br \/>\n<\/span><\/p>\n<p style=\"margin-left: 28pt;\"><span style=\"color: #c00000; font-family: Arial;\">Au Moyen Age, le Car\u00eame correspondait \u00e0 une p\u00e9riode des plus contraignantes pour la population, priv\u00e9e de danse, de f\u00eate, de nourriture copieuse, de sexe et de plaisir, relevait l&rsquo;historien des religions Odon Vallet sur France 2 en 2014. Avant que cette p\u00e9riode ne commence, la f\u00eate du Mardi gras et son carnaval permettaient notamment d&rsquo;\u00e9lire un \u00ab\u00a0pape des fous\u00a0\u00bb et d&rsquo;inverser l&rsquo;ordre du monde rationnel en m\u00eame temps que l&rsquo;ordre social (les riches pouvaient se d\u00e9guiser en pauvres, les hommes en femmes&#8230;).<br \/>\n<\/span><\/p>\n<p style=\"margin-left: 28pt;\"><span style=\"color: #c00000; font-family: Arial;\">La dualit\u00e9 de la p\u00e9riode est illustr\u00e9e par le tableau \u00ab&nbsp;<a href=\"http:\/\/www.lankaart.org\/article-31489526.html\"><span style=\"color: #0000ff;\">Le combat de Carnaval et de Car\u00eame&nbsp;\u00bbde Bruegel (1559).<\/span><\/a> Sur une place marchande se mesurent deux chars. Le premier est par\u00e9 : un homme ventripotent enjambe un tonneau, entour\u00e9 de personnages absurdes et de musiciens. Sur l&rsquo;autre char, une vieille femme, tract\u00e9e par des moines et des nonnes. Sur une planche en bois, on remarque des poissons, symboles du Car\u00eame (p\u00e9riode o\u00f9 l&rsquo;on s&rsquo;abstient de viande, hors produits de la mer). C\u00f4t\u00e9 auberge (Carnaval), on joue au d\u00e9 et on se gave de gaufres ; c\u00f4t\u00e9 \u00e9glise (Car\u00eame), les personnages voil\u00e9s se prosternent&#8230;&nbsp;\u00bb<br \/>\n<\/span><\/p>\n<p><img loading=\"lazy\" decoding=\"async\" class=\"aligncenter\" src=\"https:\/\/lemotdujour.fr\/wp-content\/uploads\/2019\/03\/030419_2132_Mardi5mars21-1.jpg\" alt=\"\" width=\"866\" height=\"617\"><span style=\"color: #777777; font-family: Arial;\"><br \/>\n<\/span><\/p>\n<p><span style=\"color: #777777; font-family: Arial;\">Et \u00e0 P\u00e9rigueux, le journal <a href=\"https:\/\/www.sudouest.fr\/2019\/03\/04\/a-perigueux-petassou-se-prepare-pour-mardi-gras-5868587-1980.php\"><span style=\"color: #0000ff;\">Sud-Ouest<\/span><\/a> nous apprend que la f\u00eate sera celle de \u00ab&nbsp;<strong>P\u00e9tassou&nbsp;<\/strong>\u00bb le roi carnaval,<br \/>\n<\/span><\/p>\n<p><span style=\"color: #777777; font-family: Arial;\">Aujourd&rsquo;hui il me semble qu&rsquo;il y a plus de gens qui f\u00eatent mardi gras que de personnes qui suivent la rigueur de car\u00eame.<br \/>\n<\/span><\/p>\n<p><span style=\"color: #777777; font-family: Arial;\">C&rsquo;est une erreur du point de vue de la sant\u00e9, je\u00fbner est bien meilleur que faire bombance.<br \/>\n<\/span><\/p>\n<p><span style=\"color: #777777; font-family: Arial;\">Mardi gras tombe cette ann\u00e9e le 5 mars 2019, et les ann\u00e9es suivantes ce sera&nbsp;:<br \/>\n<\/span><\/p>\n<ul>\n<li style=\"list-style-type: none;\">\n<ul>\n<li><span style=\"color: #777777; font-family: Arial;\">Le 25 f\u00e9vrier 2020<br \/>\n<\/span><\/li>\n<li><span style=\"color: #777777; font-family: Arial;\">Le16 f\u00e9vrier 2021<br \/>\n<\/span><\/li>\n<li><span style=\"color: #777777; font-family: Arial;\">Le 1 mars 2022<\/span><\/li>\n<\/ul>\n<\/li>\n<\/ul>\n<p><span style=\"color: #777777; font-family: Arial;\">Ce qui signifie qu&rsquo;en 2021, P\u00e2ques tombera tr\u00e8s t\u00f4t dans l&rsquo;ann\u00e9e&#8230;<\/span><\/p>\n<p><span style=\"color: #800000;\">&lt;1205&gt;<\/span><\/p>\n","protected":false},"excerpt":{"rendered":"<p>\u00ab&nbsp;Mardi gras&nbsp;\u00bb C\u2019est aujourd\u2019hui Nous sommes donc le jour de mardi gras, demain ce sera mercredi des cendres et commencera la p\u00e9riode de car\u00eame. Car\u00eame fut l&rsquo;objet du mot du jour du &lt;29 mars 2018&gt;, il para\u00eet juste de consacrer,<\/p>\n","protected":false},"author":1,"featured_media":0,"comment_status":"open","ping_status":"closed","sticky":false,"template":"","format":"standard","meta":{"footnotes":""},"categories":[1],"tags":[17,34,7],"class_list":["post-6334","post","type-post","status-publish","format-standard","hentry","category-motdujour","tag-histoire","tag-religion","tag-societe"],"_links":{"self":[{"href":"https:\/\/lemotdujour.fr\/index.php?rest_route=\/wp\/v2\/posts\/6334","targetHints":{"allow":["GET"]}}],"collection":[{"href":"https:\/\/lemotdujour.fr\/index.php?rest_route=\/wp\/v2\/posts"}],"about":[{"href":"https:\/\/lemotdujour.fr\/index.php?rest_route=\/wp\/v2\/types\/post"}],"author":[{"embeddable":true,"href":"https:\/\/lemotdujour.fr\/index.php?rest_route=\/wp\/v2\/users\/1"}],"replies":[{"embeddable":true,"href":"https:\/\/lemotdujour.fr\/index.php?rest_route=%2Fwp%2Fv2%2Fcomments&post=6334"}],"version-history":[{"count":5,"href":"https:\/\/lemotdujour.fr\/index.php?rest_route=\/wp\/v2\/posts\/6334\/revisions"}],"predecessor-version":[{"id":11635,"href":"https:\/\/lemotdujour.fr\/index.php?rest_route=\/wp\/v2\/posts\/6334\/revisions\/11635"}],"wp:attachment":[{"href":"https:\/\/lemotdujour.fr\/index.php?rest_route=%2Fwp%2Fv2%2Fmedia&parent=6334"}],"wp:term":[{"taxonomy":"category","embeddable":true,"href":"https:\/\/lemotdujour.fr\/index.php?rest_route=%2Fwp%2Fv2%2Fcategories&post=6334"},{"taxonomy":"post_tag","embeddable":true,"href":"https:\/\/lemotdujour.fr\/index.php?rest_route=%2Fwp%2Fv2%2Ftags&post=6334"}],"curies":[{"name":"wp","href":"https:\/\/api.w.org\/{rel}","templated":true}]}}