{"id":632,"date":"2014-03-07T01:00:00","date_gmt":"2014-03-06T22:00:00","guid":{"rendered":"http:\/\/lemotdujour.fr\/?p=632"},"modified":"2017-05-08T13:21:21","modified_gmt":"2017-05-08T11:21:21","slug":"vendredi-07032014","status":"publish","type":"post","link":"https:\/\/lemotdujour.fr\/?p=632","title":{"rendered":"Vendredi 07\/03\/2014"},"content":{"rendered":"<div class=\"mdjDate\">Vendredi 07\/03\/2014<\/div>\n<div class=\"mdjTexte\">\u00ab\u00a0Attendre notre heure<br \/>Cacher nos capacit\u00e9s<br \/>Et ne jamais revendiquer le leadership\u00a0\u00bb<\/div>\n<div class=\"mdjAuteur\">Teng Hsiao-Ping<\/div>\n<div class=\"mdjComplements\">Cit\u00e9 par Claude Meyer, \u00e9conomiste, professeur \u00e0 Sciences-Po. et grand sp\u00e9cialiste de la Chine alors qu&rsquo;il \u00e9tait l&rsquo;invit\u00e9 des Matins de France Culture du 19\/02\/2014<\/div>\n<div class=\"mdjComplements\">Il vient de publier \u00ab\u00a0La Chine, banquier du monde\u00a0\u00bb chez Fayard.<\/div>\n<div class=\"mdjComplements\">Le 18\/02 l\u2019Etat fran\u00e7ais et l\u2019entreprise automobile d\u2019Etat chinoise Dongfeng entraient au capital de PSA Peugeot Citro\u00ebn apr\u00e8s des mois de n\u00e9gociations compliqu\u00e9es.<\/div>\n<div class=\"mdjComplements\">Pour certains et notamment pour la famille Peugeot, cela ressemble \u00e0 un mariage forc\u00e9. Pourtant, aussi bien l\u2019Etat fran\u00e7ais que l\u2019Etat chinois \u00e0 travers Dongfeng ne d\u00e9tiendront (entre guillemets) que 14% du capital de PSA Peugeot Citro\u00ebn et seront limit\u00e9s \u00e0 cette portion.<\/div>\n<div class=\"mdjComplements\">La strat\u00e9gie d\u2019investissement chinois hors des fronti\u00e8res se poursuit donc, mais sous le regard des occidentaux.<\/div>\n<div class=\"mdjComplements\">Un regard vigilant certes mais aussi un regard gourmand, car qui dit Chine, dit argent et m\u00eame beaucoup d\u2019argent.<\/div>\n<div class=\"mdjComplements\">\u00a0Alors pourquoi tant de crainte vis-\u00e0-vis de l\u2019investisseur chinois ?<\/div>\n<div class=\"mdjComplements\">Peut-\u00eatre parce qu&rsquo;on sait aujourd&rsquo;hui qu&rsquo;elle \u00e9tait la strat\u00e9gie de l&rsquo;Homme qui a sorti la Chine du mao\u00efsme pour la jeter dans la comp\u00e9tition du capitalisme international.<\/div>\n<div class=\"mdjComplements\">Depuis, elle ne fait que surprendre par sa rapidit\u00e9 de d\u00e9veloppement et sa capacit\u00e9 \u00e0 investir tous les domaines de l&rsquo;\u00e9conomie.<\/div>\n","protected":false},"excerpt":{"rendered":"<p>Vendredi 07\/03\/2014 \u00ab\u00a0Attendre notre heureCacher nos capacit\u00e9sEt ne jamais revendiquer le leadership\u00a0\u00bb Teng Hsiao-Ping Cit\u00e9 par Claude Meyer, \u00e9conomiste, professeur \u00e0 Sciences-Po. et grand sp\u00e9cialiste de la Chine alors qu&rsquo;il \u00e9tait l&rsquo;invit\u00e9 des Matins de France Culture du 19\/02\/2014 Il<\/p>\n","protected":false},"author":1,"featured_media":0,"comment_status":"closed","ping_status":"closed","sticky":false,"template":"","format":"standard","meta":{"footnotes":""},"categories":[1],"tags":[],"class_list":["post-632","post","type-post","status-publish","format-standard","hentry","category-motdujour"],"_links":{"self":[{"href":"https:\/\/lemotdujour.fr\/index.php?rest_route=\/wp\/v2\/posts\/632","targetHints":{"allow":["GET"]}}],"collection":[{"href":"https:\/\/lemotdujour.fr\/index.php?rest_route=\/wp\/v2\/posts"}],"about":[{"href":"https:\/\/lemotdujour.fr\/index.php?rest_route=\/wp\/v2\/types\/post"}],"author":[{"embeddable":true,"href":"https:\/\/lemotdujour.fr\/index.php?rest_route=\/wp\/v2\/users\/1"}],"replies":[{"embeddable":true,"href":"https:\/\/lemotdujour.fr\/index.php?rest_route=%2Fwp%2Fv2%2Fcomments&post=632"}],"version-history":[{"count":1,"href":"https:\/\/lemotdujour.fr\/index.php?rest_route=\/wp\/v2\/posts\/632\/revisions"}],"predecessor-version":[{"id":633,"href":"https:\/\/lemotdujour.fr\/index.php?rest_route=\/wp\/v2\/posts\/632\/revisions\/633"}],"wp:attachment":[{"href":"https:\/\/lemotdujour.fr\/index.php?rest_route=%2Fwp%2Fv2%2Fmedia&parent=632"}],"wp:term":[{"taxonomy":"category","embeddable":true,"href":"https:\/\/lemotdujour.fr\/index.php?rest_route=%2Fwp%2Fv2%2Fcategories&post=632"},{"taxonomy":"post_tag","embeddable":true,"href":"https:\/\/lemotdujour.fr\/index.php?rest_route=%2Fwp%2Fv2%2Ftags&post=632"}],"curies":[{"name":"wp","href":"https:\/\/api.w.org\/{rel}","templated":true}]}}