{"id":6312,"date":"2019-03-01T00:40:05","date_gmt":"2019-02-28T23:40:05","guid":{"rendered":"http:\/\/lemotdujour.fr\/?p=6312"},"modified":"2019-12-20T12:33:06","modified_gmt":"2019-12-20T11:33:06","slug":"vendredi-1er-mars-2019","status":"publish","type":"post","link":"https:\/\/lemotdujour.fr\/?p=6312","title":{"rendered":"Vendredi 1er mars 2019"},"content":{"rendered":"<div class=\"mdjTexte\">\u00ab&nbsp;Le sionisme appara\u00eet parce qu\u2019il y a l\u2019antis\u00e9mitisme&nbsp;\u00bb<\/div>\n<div class=\"mdjAuteur\">Alain Dieckhoff<\/div>\n<p><span style=\"color: #777777; font-family: Arial;\">Tout le monde l&rsquo;a compris, et le plus grand nombre est d&rsquo;accord l&rsquo;\u00abantis\u00e9mitisme\u00bb est inacceptable, ind\u00e9fendable, condamnable.<br \/>\n<\/span><\/p>\n<p><span style=\"color: #777777; font-family: Arial;\">Mais l&rsquo;\u00abantisionisme\u00bb serait acceptable pour certains, alors que d&rsquo;autres voudraient l&rsquo;assimiler \u00e0 de l&rsquo;antis\u00e9mitisme.<br \/>\n<\/span><\/p>\n<p><span style=\"color: #777777; font-family: Arial;\">Il semblerait que dans l&rsquo;esprit de certains l&rsquo;\u00abantisionisme\u00bb constitue simplement un synonyme de \u00ab&nbsp;critique du gouvernement de l\u2019\u00c9tat d&rsquo;Isra\u00ebl&nbsp;\u00bb pour d&rsquo;autres, plus radicaux \u00ab&nbsp;une critique de l&rsquo;\u00c9tat d&rsquo;Isra\u00ebl&nbsp;\u00bb et dans son stade ultime \u00ab&nbsp;la remise en cause de l&rsquo;existence de l&rsquo;\u00c9tat d&rsquo;Isra\u00ebl&nbsp;\u00bb.<br \/>\n<\/span><\/p>\n<p><span style=\"color: #777777; font-family: Arial;\">Mais sait-on bien de quoi on parle&nbsp;? Parce que pour adh\u00e9rer \u00e0 l&rsquo;antisionisme, il faut comprendre et savoir ce qu&rsquo;est le \u00ab&nbsp;<strong>sionisme<\/strong>&nbsp;\u00bb.<br \/>\n<\/span><\/p>\n<p><span style=\"color: #777777; font-family: Arial;\">Albert Camus a \u00e9crit : \u00abMal nommer un objet, c&rsquo;est ajouter au malheur de ce monde<em>.<\/em>\u00bb<br \/>\n<\/span><\/p>\n<p><span style=\"color: #777777; font-family: Arial;\">Dans sionisme, la racine est \u00ab&nbsp;Sion&nbsp;\u00bb<br \/>\n<\/span><\/p>\n<p><span style=\"color: #777777; font-family: Arial;\">Et \u00ab&nbsp;<a href=\"https:\/\/fr.wikipedia.org\/wiki\/Mont_Sion\"><span style=\"color: #0000ff;\">Sion<\/span><\/a>&nbsp;\u00bb est le nom d&rsquo;une colline de J\u00e9rusalem. C&rsquo;est aussi le symbole de J\u00e9rusalem; le symbole du pays des H\u00e9breux, ou du peuple lui-m\u00eame. Dans le livre d&rsquo;Isa\u00efe le peuple H\u00e9breux est nomm\u00e9&nbsp;:&nbsp;\u00ab&nbsp;la fille de Sion&nbsp;\u00bb.<br \/>\n<\/span><\/p>\n<p><span style=\"color: #777777; font-family: Arial;\">Mais quand on parle de \u00ab&nbsp;<strong>sionisme<\/strong>&nbsp;\u00bb on parle d&rsquo;un concept qui a \u00e9merg\u00e9 dans la communaut\u00e9 juive ashk\u00e9naze, c&rsquo;est-\u00e0-dire les juifs d&rsquo;Europe.<br \/>\n<\/span><\/p>\n<p><span style=\"color: #777777; font-family: Arial;\">Il y eut un premier mouvement qui est n\u00e9 en Russie \u00ab&nbsp;<a href=\"https:\/\/fr.wikipedia.org\/wiki\/Amants_de_Sion\"><span style=\"color: #0000ff;\">Les amants de Sion<\/span>&nbsp;<\/a>\u00bb. Il est fond\u00e9 en Russie en 1881 par un m\u00e9decin d&rsquo;Odessa, L\u00e9on Pinsker et Mo\u00efse Lilienblum, \u00e0 la suite de <a href=\"https:\/\/fr.wikipedia.org\/wiki\/Pogroms_antis%C3%A9mites_en_Russie\"><span style=\"color: #0000ff;\">pogroms antis\u00e9mites en Russie<\/span> <\/a> qui d\u00e9couragent la volont\u00e9 d&rsquo;assimilation des juifs et engendrent la naissance d&rsquo;un mouvement populaire, organis\u00e9 autour de l&rsquo;id\u00e9e du \u00ab retour vers Sion \u00bb. Le Conseil Odessa, cr\u00e9\u00e9 par les amants de Sion est dissout en 1919 par les Bolch\u00e9viques.<br \/>\n<\/span><\/p>\n<p><a href=\"http:\/\/jewisheritagefr.blogspot.com\/2008\/03\/leon-pinsker.html\"><span style=\"font-family: Arial;\"><span style=\"color: #0000ff;\">L\u00e9on Pinsker<\/span><\/span><\/a><span style=\"color: #777777; font-family: Arial;\"> (1821-1891) d\u00e9veloppait l&rsquo;id\u00e9e de cr\u00e9er un \u00c9tat ind\u00e9pendant pour prot\u00e9ger les juifs, mais pas forc\u00e9ment en Palestine, il envisageait une autre option en Am\u00e9rique du Nord.<br \/>\n<\/span><\/p>\n<p><span style=\"color: #777777; font-family: Arial;\">Des projets et id\u00e9es similaires avaient pr\u00e9c\u00e9demment d\u00e9j\u00e0 \u00e9t\u00e9 \u00e9voqu\u00e9s \u00e0 titre individuel, par d&rsquo;autres personnalit\u00e9s juives mais les Amants de Sion sont par contre le premier mouvement populaire de grande envergure \u00e0 d\u00e9velopper l&rsquo;id\u00e9e de cr\u00e9er un territoire sp\u00e9cifique pour les juifs, territoire qui ne serait pas forc\u00e9ment un \u00c9tat mais pourrait \u00eatre une province autonome avec de large pr\u00e9rogative \u00e0 l&rsquo;int\u00e9rieur d&rsquo;un \u00c9tat.<br \/>\n<\/span><\/p>\n<p><span style=\"color: #777777; font-family: Arial;\">Au sens stricto le mot \u00ab&nbsp;<strong>sionisme<\/strong>&nbsp;\u00bb semble \u00eatre apparu pour la premi\u00e8re fois en Allemagne. En Allemagne le terme est \u00ab&nbsp;<span style=\"color: #0000ff;\"><a style=\"color: #0000ff;\" href=\"http:\/\/zakhor-online.com\/?p=9917\"><strong>Zionismus<\/strong><\/a><\/span>&nbsp;\u00bb et il est utilis\u00e9 le 16 mai 1890, sous la plume d&rsquo;un publiciste juif de langue allemande, <a href=\"https:\/\/archive.is\/sP20h\"><span style=\"color: #0000ff;\">Nathan Birnbaum<\/span><\/a> (1864-1937). En 1893, Nathan Birnbaum signe un article intitul\u00e9 \u00ab&nbsp;<strong>Les principes du sionisme<\/strong>&nbsp;\u00bb. Max Bodenheimer publie un texte qui s&rsquo;ouvre sur ces mots : \u00ab&nbsp;Sionistes de tous les pays, unissez-vous !&nbsp;\u00bb.<br \/>\n<\/span><\/p>\n<p><span style=\"color: #777777; font-family: Arial;\">Mais pour l&rsquo;Histoire, le \u00ab&nbsp;<strong>sionisme<\/strong>&nbsp;\u00bb c&rsquo;est <strong>Theodor Herzl<\/strong>.<br \/>\n<\/span><\/p>\n<p><span style=\"color: #777777; font-family: Arial;\">Pour \u00eatre plus savant je vous donne un lien vers une vid\u00e9o&nbsp;dans laquelle&nbsp;: &lt;<a href=\"https:\/\/www.dailymotion.com\/video\/x6g6v0s\"><strong><span style=\"color: #0000ff;\">12 mars 2018, la journaliste Val\u00e9rie Perez re\u00e7oit Denis Charbit<\/span><\/strong><\/a>&gt; pour parler de Theodor Herzl. Denis Charbit est universitaire \u00e0 l&rsquo;Open University de Tel-Aviv et a \u00e9crit un livre \u00ab&nbsp;<a href=\"https:\/\/livre.fnac.com\/a11183798\/Denis-Charbit-Retour-a-altneuland-la-traversee-des-utopies-sionistes\"><span style=\"color: #0000ff;\">Retour \u00e0 Altneuland: la travers\u00e9e des utopies sionistes<\/span>&nbsp;<\/a>\u00bb<br \/>\n<\/span><\/p>\n<p><span style=\"color: #777777; font-family: Arial;\">Et une \u00e9mission plus r\u00e9cente de France Culture, le 21 f\u00e9vrier 2019&nbsp;: \u00ab&nbsp;<a href=\"https:\/\/www.franceculture.fr\/emissions\/linvite-des-matins\/antisionisme-critique-de-letat-disrael-de-quoi-parle-t\"><span style=\"color: #0000ff;\">Antisionisme de quoi parle t&rsquo;on&nbsp;<\/span><\/a>\u00bb. Guillaume Erner avait invit\u00e9 <strong>Alain Dieckhoff<\/strong>, directeur de recherche au CNRS.<br \/>\n<\/span><\/p>\n<p><span style=\"color: #777777; font-family: Arial;\">La premi\u00e8re \u00e9mission parle essentiellement d&rsquo;Histoire, du sionisme et de Theodor Herzl, la seconde parle d&rsquo;actualit\u00e9 et d&rsquo;antisionisme.<br \/>\n<\/span><\/p>\n<p><span style=\"color: #777777; font-family: Arial;\">Et dans cette seconde \u00e9mission, Alain Diechkoff dit une chose \u00e9vidente&nbsp;:<br \/>\n<\/span><\/p>\n<p style=\"margin-left: 28pt;\"><span style=\"color: #c00000; font-family: Arial;\">\u00ab&nbsp;Le sionisme appara\u00eet parce qu&rsquo;il y a l&rsquo;antis\u00e9mitisme&nbsp;\u00bb<br \/>\n<\/span><\/p>\n<p><span style=\"color: #777777; font-family: Arial;\">C&rsquo;est cela, la triste r\u00e9alit\u00e9 historique.<br \/>\n<\/span><\/p>\n<p><span style=\"color: #777777; font-family: Arial;\">C&rsquo;est \u00e0 cause de <a href=\"https:\/\/fr.wikipedia.org\/wiki\/Pogroms_antis%C3%A9mites_en_Russie\"><span style=\"color: #0000ff;\">ces terribles pogroms<\/span><\/a> en Russie et dans les pays slaves qu&rsquo;a \u00e9merg\u00e9 l&rsquo;id\u00e9e de la n\u00e9cessit\u00e9 d&rsquo;un \u00c9tat protecteur des juifs.<br \/>\n<\/span><\/p>\n<p><span style=\"color: #777777; font-family: Arial;\">Dans les \u00c9tats de l&rsquo;Europe de l&rsquo;ouest, la grande masse des \u00e9lites juives \u00e9taient pour l&rsquo;assimilation au sein des nations chr\u00e9tiennes. D&rsquo;ailleurs dans l&rsquo;essor de la pens\u00e9e des lumi\u00e8res beaucoup pensaient qu&rsquo;\u00e0 terme les soci\u00e9t\u00e9s sortiraient des religions.<br \/>\n<\/span><\/p>\n<p><a href=\"https:\/\/fr.wikipedia.org\/wiki\/Theodor_Herzl\"><span style=\"font-family: Arial;\"><span style=\"color: #0000ff;\">Theodor Herzl<\/span><\/span><\/a><span style=\"color: #777777; font-family: Arial;\"> \u00e9taient dans cette logique. Il n&rsquo;a d&rsquo;ailleurs pas fait circoncire son fils et Denis Charbit nous apprend qu&rsquo;il avait eu l&rsquo;id\u00e9e de demander au Pape de venir dans une grande c\u00e9r\u00e9monie, convertir, en une fois, des milliers de juifs qui acceptaient de quitter leur religion pour rentrer dans la religion dominante.<br \/>\n<\/span><\/p>\n<p><span style=\"color: #777777; font-family: Arial;\">Theodor Herzl est n\u00e9 dans l&#8217;empire austro hongrois en 1860, dans le quartier juif de Budapest, capitale du Royaume de Hongrie. Wikipedia explique que cette ville abrite une population juive nombreuse, qui repr\u00e9sente 20 % de ses habitants, aussi certains nommaient-ils la ville \u00ab Judapest \u00bb.<br \/>\n<\/span><\/p>\n<p><span style=\"color: #777777; font-family: Arial;\">Theodor Herzl vit dans une famille bourgeoise germanophone. Son p\u00e8re, issu de l&rsquo;immigration de la partie orientale de l&#8217;empire austro-hongrois, est d\u00e9j\u00e0 un partisan de l&rsquo;assimilation des Juifs au sein de leurs terres d&rsquo;accueil.<br \/>\n<\/span><\/p>\n<p><span style=\"color: #777777; font-family: Arial;\">Apr\u00e8s des \u00e9tudes de Droit, Herzl essaye de devenir dramaturge et commence par \u00e9crire des pi\u00e8ces de th\u00e9\u00e2tre, mais pour assurer un salaire r\u00e9gulier il devient journaliste \u00e0 Vienne.<br \/>\n<\/span><\/p>\n<p><span style=\"color: #777777; font-family: Arial;\">Il devient par la suite correspondant du journal <em>Die Neue Freie Presse<\/em> \u00e0 Paris.<br \/>\n<\/span><\/p>\n<p><span style=\"color: #777777; font-family: Arial;\">Et Wikipedia nous rapporte qu&rsquo;en faisant le compte-rendu pour son journal d&rsquo;une pi\u00e8ce d&rsquo;Alexandre Dumas fils, \u00ab&nbsp;La Femme de Claude&nbsp;\u00bb, o\u00f9 un certain Daniel encourageait les Juifs \u00e0 revenir \u00e0 la terre de leurs anc\u00eatres, il \u00e9crit :<br \/>\n<\/span><\/p>\n<p style=\"margin-left: 28pt;\"><span style=\"color: #c00000; font-family: Arial;\">\u00ab Le bon Juif Daniel veut retrouver sa patrie perdue et r\u00e9unir \u00e0 nouveau ses fr\u00e8res dispers\u00e9s. Mais sinc\u00e8rement un tel Juif doit savoir qu&rsquo;il ne rendrait gu\u00e8re service aux siens en leur rendant leur patrie historique. Et si un jour les Juifs y retournaient, ils s&rsquo;apercevraient d\u00e8s le lendemain qu&rsquo;ils n&rsquo;ont pas grand&rsquo;chose \u00e0 mettre en commun. Ils sont enracin\u00e9s depuis de longs si\u00e8cles en des patries nouvelles, d\u00e9nationalis\u00e9s, diff\u00e9renci\u00e9s, et le peu de ressemblance qui les distingue encore ne tient qu&rsquo;\u00e0 l&rsquo;oppression que partout ils ont d\u00fb subir. \u00bb<br \/>\n<\/span><\/p>\n<p><span style=\"color: #777777; font-family: Arial;\">Pas la moindre de trace de sionisme.<br \/>\n<\/span><\/p>\n<p><span style=\"color: #777777; font-family: Arial;\">Mais il va aussi couvrir l&rsquo;affaire Dreyfus.<br \/>\n<\/span><\/p>\n<p><span style=\"color: #777777; font-family: Arial;\">Lors de cette affaire, dans les articles qu&rsquo;il \u00e9crit il consid\u00e8re comme acquis que le capitaine Dreyfus est coupable de trahison. Un de ses articles commencent par cette phrase&nbsp;: \u00ab&nbsp;Mais pourquoi a-t-il trahi&nbsp;?&nbsp;\u00bb<br \/>\n<\/span><\/p>\n<p><span style=\"color: #777777; font-family: Arial;\">Ce n&rsquo;est donc pas l&rsquo;histoire d&rsquo;une injustice qu&rsquo;il raconte.<br \/>\n<\/span><\/p>\n<p><span style=\"color: #777777; font-family: Arial;\">Mais ce qui va le marquer, c&rsquo;est la r\u00e9action d&rsquo;une foule fran\u00e7aise qui va crier de mani\u00e8re haineuse \u00ab&nbsp;Morts aux juifs&nbsp;\u00bb. Non pas mort au capitaine Dreyfus, qui nous le savons aujourd&rsquo;hui \u00e9tait innocent ce que ne savait pas Herzl \u00e0 ce moment.<br \/>\n<\/span><\/p>\n<p><span style=\"color: #777777; font-family: Arial;\">Mais, mort \u00e0 tous les juifs !<br \/>\n<\/span><\/p>\n<p><span style=\"color: #777777; font-family: Arial;\">La France \u00e9tait cens\u00e9e \u00eatre immunis\u00e9e contre l&rsquo;antis\u00e9mitisme. C&rsquo;\u00e9tait le pays qui, le premier au monde, avait donn\u00e9 une totale \u00e9galit\u00e9 civique aux Juifs, en 1791. C&rsquo;\u00e9tait aussi le pays qui avait donn\u00e9 la nationalit\u00e9 fran\u00e7aise aux Juifs indig\u00e8nes d&rsquo;Alg\u00e9rie en 1871 (d\u00e9cret Cr\u00e9mieux). Elle repr\u00e9sentait la modernit\u00e9 occidentale en marche vers plus d&rsquo;\u00e9galit\u00e9. Que ce pays pr\u00e9cis\u00e9ment soit secou\u00e9 d&rsquo;une telle haine des juifs, l&rsquo;\u00e9branle au plus profond de lui-m\u00eame.<br \/>\n<\/span><\/p>\n<p><span style=\"color: #777777; font-family: Arial;\">Les juifs seront-ils toujours rejet\u00e9s&nbsp;? Toujours ha\u00efs&nbsp;?<br \/>\n<\/span><\/p>\n<p><span style=\"color: #777777; font-family: Arial;\">Parall\u00e8lement, dans son pays l&#8217;empereur Fran\u00e7ois-Joseph dans un objectif de d\u00e9mocratisation mesur\u00e9e d\u00e9cide de permettre des \u00e9lections locales libres. C&rsquo;est-\u00e0-dire il permet aux habitants de son empire d&rsquo;\u00e9lire des bourgmestres de ville. Et la population de Vienne, va librement \u00e9lire un maire professant essentiellement une id\u00e9ologie antis\u00e9mite. C&rsquo;est un autre coup dur&nbsp;: quand on donne la parole au peuple, il r\u00e9agit comme antis\u00e9mite. Fran\u00e7ois Joseph \u00e9cartera cet \u00e9lu.<br \/>\n<\/span><\/p>\n<p><span style=\"color: #777777; font-family: Arial;\">Mais Hertzl va d\u00e9sormais consacrer les 9 ann\u00e9es qui lui restent \u00e0 vivre,<em> il mourra \u00e0 44 ans en 1904<\/em>, \u00e0 \u0153uvrer \u00e0 la cr\u00e9ation d&rsquo;un \u00c9tat pour les juifs, car il ne croit plus en l&rsquo;assimilation.<br \/>\n<\/span><\/p>\n<p><span style=\"color: #777777; font-family: Arial;\">Il pense que si tous les juifs se retrouvent dans un \u00c9tat et quittent les \u00c9tats chr\u00e9tiens europ\u00e9ens, l&rsquo;antis\u00e9mitisme dispara\u00eetra. Nous savons depuis que c&rsquo;est faux, il arrive m\u00eame que des \u00c9tats sans juifs soient antis\u00e9mites.<br \/>\n<\/span><\/p>\n<p><span style=\"color: #777777; font-family: Arial;\">Il semble cependant que si c&rsquo;est le r\u00e9cit le plus usit\u00e9, aliment\u00e9 par Herzl lui-m\u00eame qui dit que c&rsquo;est l&rsquo;affaire Dreyfus qui l&rsquo;a converti au sionisme, la r\u00e9alit\u00e9 est peut-\u00eatre un peu diff\u00e9rente. L&rsquo;affaire Dreyfus a \u00e9t\u00e9 certainement un \u00ab&nbsp;coup de tonnerre&nbsp;\u00bb pour Th\u00e9odore Herzl. Cependant, Claude Klein, dans son ouvrage intitul\u00e9 <em>Essai sur le sionisme<\/em>, estime que \u00ab&nbsp;la r\u00e9alit\u00e9 est \u00e9videmment bien loin de cette fiction&nbsp;\u00bb. Selon ce dernier, la question juive et l&rsquo;antis\u00e9mitisme n&rsquo;ont jamais cess\u00e9 de hanter Th\u00e9odore Herzl. Mais c&rsquo;est bien l&rsquo;antis\u00e9mitisme qui a fait le sionisme.<br \/>\n<\/span><\/p>\n<p><span style=\"color: #777777; font-family: Arial;\">Profond\u00e9ment marqu\u00e9 par la culture europ\u00e9enne il veut cr\u00e9er un \u00c9tat de culture europ\u00e9enne, un \u00c9tat avec tous les bons \u00e9l\u00e9ments des \u00c9tats europ\u00e9ens mais sans les tares de l&rsquo;Europe, sans ses d\u00e9ficiences.<br \/>\n<\/span><\/p>\n<p><span style=\"color: #777777; font-family: Arial;\">Il ne cro\u00eet pas que dans cet \u00c9tat on puisse parler h\u00e9breu, autrement que lors des c\u00e9r\u00e9monies religieuses. Il dit&nbsp;:<br \/>\n<\/span><\/p>\n<p style=\"margin-left: 28pt;\"><span style=\"color: #c00000; font-family: Arial;\">\u00ab&nbsp;On ne peut m\u00eame pas acheter un billet de train en h\u00e9breux&nbsp;\u00bb.<br \/>\n<\/span><\/p>\n<p><span style=\"color: #777777; font-family: Arial;\">En 1896, il \u00e9crit un livre dans lequel il esquisse ce que pourrait \u00eatre l&rsquo;Etat juif&nbsp;: \u00ab&nbsp;<strong><em>Der Judenstaat<\/em><\/strong>.&nbsp;\u00bb<br \/>\n<\/span><\/p>\n<p><span style=\"color: #777777; font-family: Arial;\">Et, en <strong>1897<\/strong>, Herzl r\u00e9unit \u00e0 B\u00e2le, avec l&rsquo;aide de Max Nordau, le premier congr\u00e8s sioniste. Les assises de l&rsquo;Organisation sioniste mondiale sont \u00e9tablies et il la pr\u00e9sidera jusqu&rsquo;\u00e0 sa mort, en 1904.<br \/>\n<\/span><\/p>\n<p><span style=\"color: #777777; font-family: Arial;\">Il dira&nbsp;: \u00ab&nbsp;<span style=\"color: #c00000;\">Ce jour-l\u00e0 j&rsquo;ai cr\u00e9\u00e9 l\u2019\u00c9tat des juifs<span style=\"color: #777777;\">&nbsp;\u00bb<br \/>\n<\/span><\/span><\/span><\/p>\n<p><span style=\"color: #777777; font-family: Arial;\">Dans son journal au lendemain du congr\u00e8s de B\u00e2le.<br \/>\n<\/span><\/p>\n<p style=\"margin-left: 28pt;\"><span style=\"color: #c00000; font-family: Arial;\">\u00ab&nbsp;Aujourd&rsquo;hui quand je parle d&rsquo;un \u00c9tat juif on rit de moi, dans 50 ans on me trouvera tout \u00e0 fait s\u00e9rieux&nbsp;\u00bb<br \/>\n<\/span><\/p>\n<p><span style=\"color: #777777; font-family: Arial;\">50 ans apr\u00e8s, le 29 novembre 1947, l&rsquo;Assembl\u00e9e g\u00e9n\u00e9rale des Nations unies vote la cr\u00e9ation d&rsquo;un \u00c9tat juif.<br \/>\n<\/span><\/p>\n<p><span style=\"color: #777777; font-family: Arial;\">Et quand Ben Gourion proclame la naissance de l\u2019\u00c9tat d&rsquo;Isra\u00ebl, il le fait sous un immense portrait de Theodor Hertzl.<br \/>\n<\/span><\/p>\n<p><img loading=\"lazy\" decoding=\"async\" class=\"\" src=\"https:\/\/lemotdujour.fr\/wp-content\/uploads\/2019\/03\/022819_2319_Vendredi1er1.jpg\" alt=\"\" width=\"734\" height=\"482\"><span style=\"color: #777777; font-family: Arial;\"><br \/>\n<\/span><\/p>\n<p><span style=\"color: #777777; font-family: Arial;\">Hertzl a \u00e9crit deux livres, le premier \u00ab <strong>L\u2019\u00c9tat des juifs<\/strong>&nbsp;\u00bb d\u00e9j\u00e0 cit\u00e9 et un second qui \u00e9tait un roman de fiction qu&rsquo;il a appel\u00e9&nbsp;: \u00ab&nbsp;<strong>Altneuland<\/strong>&nbsp;\u00bb qu&rsquo;on peut traduire en fran\u00e7ais par&nbsp;: Le Pays ancien-nouveau<br \/>\n<\/span><\/p>\n<p><span style=\"color: #777777; font-family: Arial;\"><img loading=\"lazy\" decoding=\"async\" class=\"wp-image-6317 alignleft\" src=\"https:\/\/lemotdujour.fr\/wp-content\/uploads\/2019\/03\/Altneuland.jpg\" alt=\"\" width=\"247\" height=\"401\" srcset=\"https:\/\/lemotdujour.fr\/wp-content\/uploads\/2019\/03\/Altneuland.jpg 420w, https:\/\/lemotdujour.fr\/wp-content\/uploads\/2019\/03\/Altneuland-185x300.jpg 185w\" sizes=\"auto, (max-width: 247px) 100vw, 247px\" \/>En exergue de ce roman il a \u00e9crit&nbsp;:<br \/>\n<\/span><\/p>\n<p style=\"margin-left: 28pt;\"><span style=\"color: #c00000; font-family: Arial;\">\u00ab&nbsp;Si vous le voulez, ce ne sera pas un r\u00eave&nbsp;\u00bb<br \/>\n<\/span><\/p>\n<p><span style=\"color: #0000ff;\"><a style=\"color: #0000ff;\" href=\"https:\/\/fr.wikipedia.org\/wiki\/Nahum_Sokolow\"><span style=\"font-family: Arial;\">Nahum Sokolow<\/span><\/a><\/span><span style=\"color: #777777; font-family: Arial;\"> (1859-1936) qui fut un de ses successeurs \u00e0 la t\u00eate de l&rsquo;Organisation Sioniste Mondiale, traduisit ce livre en h\u00e9breu sous le titre de \u00ab&nbsp;<strong>Tel Aviv<\/strong>&nbsp;\u00bb (Le Mont du Printemps).<br \/>\n<\/span><\/p>\n<p><span style=\"color: #777777; font-family: Arial;\">Et quand les juifs de Palestine construisirent la premi\u00e8re grande ville d&rsquo;implantation, ils lui donn\u00e8rent le nom de \u00ab&nbsp;Tel Aviv&nbsp;\u00bb<br \/>\n<\/span><\/p>\n<p><span style=\"color: #777777; font-family: Arial;\">C&rsquo;est l&rsquo;antis\u00e9mitisme europ\u00e9en qui a conduit \u00e0 l&rsquo;\u00e9mergence du sionisme.<br \/>\n<\/span><\/p>\n<p><span style=\"color: #777777; font-family: Arial;\">Mais Theodor Hertzl qui voulait :&nbsp;\u00ab Pour un peuple sans terre, une terre sans peuple&nbsp;\u00bb a conduit \u00e0 cr\u00e9er un \u00c9tat juif sur une terre qui avait d\u00e9j\u00e0 un peuple.<br \/>\n<\/span><\/p>\n<p><span style=\"color: #777777; font-family: Arial;\">Pourtant d&rsquo;autres solutions avaient \u00e9t\u00e9 \u00e9voqu\u00e9es&nbsp;:<br \/>\n<\/span><\/p>\n<p><span style=\"color: #777777; font-family: Arial;\">Celle qui avait \u00e9t\u00e9 le plus loin est le \u00ab&nbsp;<strong>Plan Ouganda<\/strong>&nbsp;\u00bb&nbsp;:<br \/>\n<\/span><\/p>\n<p><span style=\"color: #777777; font-family: Arial;\">1903 fut l&rsquo;ann\u00e9e des terribles pogroms de Kichinev. Ceux-ci seront suivis par une s\u00e9rie d&rsquo;autres pogroms jusqu&rsquo;en 1906. L&rsquo;\u00e9motion dans le monde occidental \u00e9tait grande, tant les pogroms ont \u00e9t\u00e9 sanglants. Cette \u00e9motion est une des raisons pour lesquelles le gouvernement britannique, en particulier Joseph Chamberlain, secr\u00e9taire aux colonies propose en 1903 \u00e0 Theodor Herzl de donner \u00e0 l&rsquo;Organisation Sioniste Mondial une partie de l&rsquo;Ouganda de l&rsquo;\u00e9poque (dans l&rsquo;actuel Kenya), pour y cr\u00e9er un \u00ab&nbsp;Foyer national juif&nbsp;\u00bb.<br \/>\n<\/span><\/p>\n<p><span style=\"color: #777777; font-family: Arial;\">Hostile \u00e0 l&rsquo;abandon de la Palestine, le sixi\u00e8me congr\u00e8s sioniste de 1903 se divisa fortement. Une commission est cependant envoy\u00e9e sur place.<br \/>\n<\/span><\/p>\n<p><span style=\"color: #777777; font-family: Arial;\">Mais, en 1905, le septi\u00e8me congr\u00e8s sioniste se tint \u00e0 B\u00e2le. Il y fut d\u00e9cid\u00e9 de repousser d\u00e9finitivement la proposition de l&rsquo;Ouganda, ainsi que toute alternative \u00e0 la Palestine.<br \/>\n<\/span><\/p>\n<p><span style=\"color: #c00000; font-family: Arial;\">&lt;1203&gt;<\/span><\/p>\n","protected":false},"excerpt":{"rendered":"<p>\u00ab&nbsp;Le sionisme appara\u00eet parce qu\u2019il y a l\u2019antis\u00e9mitisme&nbsp;\u00bb Alain Dieckhoff Tout le monde l&rsquo;a compris, et le plus grand nombre est d&rsquo;accord l&rsquo;\u00abantis\u00e9mitisme\u00bb est inacceptable, ind\u00e9fendable, condamnable. Mais l&rsquo;\u00abantisionisme\u00bb serait acceptable pour certains, alors que d&rsquo;autres voudraient l&rsquo;assimiler \u00e0 de<\/p>\n","protected":false},"author":1,"featured_media":0,"comment_status":"open","ping_status":"closed","sticky":false,"template":"","format":"standard","meta":{"footnotes":""},"categories":[1],"tags":[134,15,151],"class_list":["post-6312","post","type-post","status-publish","format-standard","hentry","category-motdujour","tag-antisemitisme","tag-france","tag-israel"],"_links":{"self":[{"href":"https:\/\/lemotdujour.fr\/index.php?rest_route=\/wp\/v2\/posts\/6312","targetHints":{"allow":["GET"]}}],"collection":[{"href":"https:\/\/lemotdujour.fr\/index.php?rest_route=\/wp\/v2\/posts"}],"about":[{"href":"https:\/\/lemotdujour.fr\/index.php?rest_route=\/wp\/v2\/types\/post"}],"author":[{"embeddable":true,"href":"https:\/\/lemotdujour.fr\/index.php?rest_route=\/wp\/v2\/users\/1"}],"replies":[{"embeddable":true,"href":"https:\/\/lemotdujour.fr\/index.php?rest_route=%2Fwp%2Fv2%2Fcomments&post=6312"}],"version-history":[{"count":6,"href":"https:\/\/lemotdujour.fr\/index.php?rest_route=\/wp\/v2\/posts\/6312\/revisions"}],"predecessor-version":[{"id":7710,"href":"https:\/\/lemotdujour.fr\/index.php?rest_route=\/wp\/v2\/posts\/6312\/revisions\/7710"}],"wp:attachment":[{"href":"https:\/\/lemotdujour.fr\/index.php?rest_route=%2Fwp%2Fv2%2Fmedia&parent=6312"}],"wp:term":[{"taxonomy":"category","embeddable":true,"href":"https:\/\/lemotdujour.fr\/index.php?rest_route=%2Fwp%2Fv2%2Fcategories&post=6312"},{"taxonomy":"post_tag","embeddable":true,"href":"https:\/\/lemotdujour.fr\/index.php?rest_route=%2Fwp%2Fv2%2Ftags&post=6312"}],"curies":[{"name":"wp","href":"https:\/\/api.w.org\/{rel}","templated":true}]}}