{"id":6303,"date":"2019-02-28T02:55:16","date_gmt":"2019-02-28T01:55:16","guid":{"rendered":"http:\/\/lemotdujour.fr\/?p=6303"},"modified":"2021-06-24T00:15:22","modified_gmt":"2021-06-23T22:15:22","slug":"jeudi-28-fevrier-2019","status":"publish","type":"post","link":"https:\/\/lemotdujour.fr\/?p=6303","title":{"rendered":"Jeudi 28 f\u00e9vrier 2019"},"content":{"rendered":"<div class=\"mdjTexte\">\t\u00ab&nbsp;Je suis fran\u00e7ais&nbsp;\u00bb<\/div>\n<div class=\"mdjAuteur\">\tL\u00e9on Blum, dans le Populaire du 19 novembre 1938, r\u00e9ponse \u00e0 toutes les attaques antis\u00e9mites qui l\u2019accusait d\u2019\u00eatre contre la France.<\/div>\n<p><span style=\"color: #777777; font-family: Arial;\">L\u00e9on Blum n\u00e9 le 9 avril 1872 \u00e0 Paris et mort le 30 mars 1950 \u00e0 Jouy-en-Josas, est un homme d&rsquo;\u00c9tat qui a profond\u00e9ment marqu\u00e9 la Gauche, le socialisme et la France.<br \/>\n<\/span><\/p>\n<p><span style=\"color: #777777; font-family: Arial;\">Il restera dans l&rsquo;Histoire comme le chef du gouvernement du front populaire en 1936.<br \/>\n<\/span><\/p>\n<p><span style=\"color: #777777; font-family: Arial;\">Il commen\u00e7a par \u00e9crire des critiques de livres et des pi\u00e8ces de th\u00e9\u00e2tre. Il faisait partie du milieu intellectuel de Paris.<em><br \/>\n<\/em><\/span><\/p>\n<p><span style=\"color: #777777; font-family: Arial;\">Mais l&rsquo;affaire Dreyfus le pousse \u00e0 se lancer en politique et il rencontre Jean Jaur\u00e8s en 1897 avec qui il va participer \u00e0 la fondation du journal \u00ab&nbsp;L&rsquo;Humanit\u00e9&nbsp;\u00bb en 1904.<br \/>\n<\/span><\/p>\n<p><span style=\"color: #777777; font-family: Arial;\">Apr\u00e8s la guerre, en 1919 L\u00e9on Blum acc\u00e8de au cercle dirigeant de la SFIO.<br \/>\n<\/span><\/p>\n<p><img decoding=\"async\" class=\"alignleft\" src=\"https:\/\/lemotdujour.fr\/wp-content\/uploads\/2019\/02\/022719_2154_Jeudi28fvri1.jpg\" alt=\"\" align=\"left\"><span style=\"color: #777777; font-family: Arial;\">Il s&rsquo;illustra lors du fameux congr\u00e8s de la SFIO de Tours de 1920, ce moment unique o\u00f9 il n&rsquo;y eut qu&rsquo;en France, parmi les grands Etats d\u00e9velopp\u00e9s qu&rsquo;il se trouva une majorit\u00e9 de socialistes pour adh\u00e9rer \u00e0 la Troisi\u00e8me Internationale , celles des communistes, des bolcheviques, de L\u00e9nine. C&rsquo;est ce qui explique que le journal de Jaur\u00e8s \u00ab&nbsp;L&rsquo;Humanit\u00e9&nbsp;\u00bb devint communiste, il suivit la majorit\u00e9.<br \/>\n<\/span><\/p>\n<p><span style=\"color: #777777; font-family: Arial;\">Blum refusa alors de se plier \u00e0 la majorit\u00e9.<br \/>\n<\/span><\/p>\n<p><span style=\"color: #777777; font-family: Arial;\">Selon des propos relat\u00e9s par Jean Lacouture dans la biographie consacr\u00e9e \u00e0 L\u00e9on Blum, celui-ci aurait dit :<br \/>\n<\/span><\/p>\n<p style=\"margin-left: 28pt;\"><span style=\"color: #c00000; font-family: Arial;\">\u00ab Le bolchevisme s&rsquo;est d\u00e9tach\u00e9 du socialisme comme certaines h\u00e9r\u00e9sies se sont d\u00e9tach\u00e9es de religions pour former des religions nouvelles [\u2026] C&rsquo;est parce que le bolchevisme a confondu la prise du pouvoir avec la R\u00e9volution, le moyen avec la fin, qu&rsquo;il oriente toute sa tactique vers cette conqu\u00eate du pouvoir, sans tenir compte ni du moment, ni des circonstances, ni des cons\u00e9quences, qu&rsquo;aujourd&rsquo;hui encore toute la volont\u00e9 du gouvernement des Soviets est tendue vers la conservation du pouvoir politique absolu, bien qu&rsquo;il se sache hors d&rsquo;\u00e9tat d&rsquo;en tirer la transformation sociale. \u00bb<br \/>\n<\/span><\/p>\n<p><span style=\"color: #777777; font-family: Arial;\">A la fin du Congr\u00e8s de Tours, il pronon\u00e7a son discours c\u00e9l\u00e8bre dont la conclusion fut&nbsp;:<br \/>\n<\/span><\/p>\n<p style=\"margin-left: 28pt;\"><span style=\"color: #c00000; font-family: Arial;\">\u00ab Nous sommes convaincus, jusqu&rsquo;au fond de nous-m\u00eames, que, pendant que vous irez courir l&rsquo;aventure, il faut que quelqu&rsquo;un reste garder la vieille maison. [\u2026] Dans cette heure qui, pour nous tous, est une heure d&rsquo;anxi\u00e9t\u00e9 tragique, n&rsquo;ajoutons pas encore cela \u00e0 notre douleur et \u00e0 nos craintes. Sachons nous abstenir des mots qui blessent, qui d\u00e9chirent, des actes qui l\u00e8sent, de tout ce qui serait d\u00e9chirement fratricide. Je vous dis cela parce que c&rsquo;est sans doute la derni\u00e8re fois que je m&rsquo;adresse \u00e0 beaucoup d&rsquo;entre vous et parce qu&rsquo;il faut pourtant que cela soit dit. Les uns et les autres, m\u00eame s\u00e9par\u00e9s, restons des socialistes ; malgr\u00e9 tout, restons des fr\u00e8res qu&rsquo;aura s\u00e9par\u00e9s une querelle cruelle, mais une querelle de famille, et qu&rsquo;un foyer commun pourra encore r\u00e9unir. \u00bb<br \/>\n<\/span><\/p>\n<p><span style=\"color: #777777; font-family: Arial;\">Jusqu&rsquo;\u00e0 aujourd&rsquo;hui les deux parties de la famille ne surent se r\u00e9concilier. Ils sont en train de dispara\u00eetre tous les deux, de mani\u00e8re s\u00e9par\u00e9e.<br \/>\n<\/span><\/p>\n<p><span style=\"color: #777777; font-family: Arial;\">Blum fut un grand homme politique, clair, \u00e9loquent, humaniste, sup\u00e9rieurement intelligent, visionnaire sur certains points.<br \/>\n<\/span><\/p>\n<p><span style=\"color: #777777; font-family: Arial;\">Il \u00e9tait juif, le premier chef de gouvernement juif que la France s&rsquo;est donn\u00e9e.<br \/>\n<\/span><\/p>\n<p><span style=\"color: #777777; font-family: Arial;\">Il faut \u00eatre juste sur ce point, comme sur les autres conqu\u00eates des droits de l&rsquo;homme, la Grande Bretagne nous a toujours devanc\u00e9. Le 27 f\u00e9vrier 1868, soit pr\u00e8s de 70 ans avant, un juif devint Premier Ministre \u00e0 Londres, Benjamin Disraeli.<br \/>\n<\/span><\/p>\n<p><span style=\"color: #777777; font-family: Arial;\">Blum fut la proie de l&rsquo;antis\u00e9mitisme le plus abject&nbsp;: \u00ab&nbsp;<strong>l&rsquo;Obs<\/strong>&nbsp;\u00bb a consacr\u00e9 un article \u00e0 cette haine qui lui fut constamment jet\u00e9e&nbsp;: \u00ab&nbsp;<span style=\"color: #0000ff;\"><a style=\"color: #0000ff;\" href=\"https:\/\/www.nouvelobs.com\/histoire\/20190220.OBS0555\/a-mort-le-juif-quand-leon-blum-se-faisait-lyncher-en-plein-paris.html\">A mort le juif !&nbsp;<\/a><\/span>\u00bb<br \/>\n<\/span><\/p>\n<p><span style=\"color: #777777; font-family: Arial;\">L&rsquo;Obs raconte d&rsquo;abord l&rsquo;agression du 13 f\u00e9vrier 1936&nbsp;:<br \/>\n<\/span><\/p>\n<p style=\"margin-left: 28pt;\"><span style=\"color: #c00000; font-family: Arial;\">\u00ab&nbsp; Ce 13 f\u00e9vrier 1936, L\u00e9on Blum, alors d\u00e9put\u00e9 SFIO (qui deviendra le Parti socialiste en 1969) sort de la chambre des d\u00e9put\u00e9s en voiture. Il est bloqu\u00e9 au niveau du croisement de la rue de l&rsquo;Universit\u00e9 et du boulevard Saint-Germain. Un groupe d&rsquo;\u00e9tudiants et de militants royalistes sont venus assister aux obs\u00e8ques de l&rsquo;historien Jacques Bainville, proche collaborateur de Charles Maurras, ennemi jur\u00e9 de Blum et patron du journal d&rsquo;ultradroite \u00a0\u00bb ils bloquent la voiture, tandis que les insultes fusent. \u00ab&nbsp;On va le pendre !&nbsp;\u00bb ; \u00ab&nbsp;Blum assassin !&nbsp;\u00bb\u00a0\u00bb<br \/>\n<\/span><\/p>\n<p style=\"margin-left: 28pt;\"><span style=\"color: #c00000; font-family: Arial;\">La foule \u2013 plusieurs centaines de personnes selon la police \u2013 commence \u00e0 s&rsquo;\u00e9nerver. Une dizaine d&rsquo;individus s&rsquo;acharnent sur le v\u00e9hicule. Ils tapent avec leurs poings, avec des cannes. Un homme saisit une rampe d&rsquo;\u00e9clairage, tape sur la vitre qui vole en \u00e9clat. Blum est bless\u00e9. Avec le couple d&rsquo;amis qui l&rsquo;accompagnent, il se r\u00e9fugie en h\u00e2te dans un immeuble tandis que la foule continue \u00e0 gronder : \u00ab&nbsp;Achevez-le !&nbsp;\u00bb&nbsp;\u00bb<br \/>\n<\/span><\/p>\n<p><span style=\"color: #777777; font-family: Arial;\">Il rapporte des \u00e9crits du journal de Maurras \u00ab&nbsp;l&rsquo;Action fran\u00e7aise&nbsp;\u00bb&nbsp;:<br \/>\n<\/span><\/p>\n<p style=\"margin-left: 28pt;\"><span style=\"color: #c00000; font-family: Arial;\">\u00ab&nbsp;Ce juif allemand naturalis\u00e9 ou fils de naturalis\u00e9, qui disait aux Fran\u00e7ais, en pleine chambre, qu&rsquo;il les ha\u00efssait, n&rsquo;est pas \u00e0 traiter comme une personne naturelle. C&rsquo;est un monstre de la R\u00e9publique d\u00e9mocratique. D\u00e9tritus humain, \u00e0 traiter comme tel. [\u2026] C&rsquo;est un homme \u00e0 fusiller, mais dans le dos.&nbsp;\u00bb<br \/>\n<\/span><\/p>\n<p><span style=\"color: #777777; font-family: Arial;\">Et quand un journal conservateur \u00ab&nbsp;Le Journal&nbsp;\u00bb cherche \u00e0 jouer de la mod\u00e9ration, il s&#8217;empresse d&rsquo;ajouter<br \/>\n<\/span><\/p>\n<p style=\"margin-left: 28pt;\"><span style=\"color: #c00000; font-family: Arial;\">\u00ab&nbsp;Assez de ces incidents. Mais assez aussi de ces provocations. [\u2026] Si nous regrettons que le d\u00e9put\u00e9 de Narbonne ait \u00e9t\u00e9 malmen\u00e9, nous esp\u00e9rons qu&rsquo;il comprendra mieux d\u00e9sormais le danger d&rsquo;un appel \u00e0 la force brutale pour mater ceux qui pensent autrement que lui.&nbsp;\u00bb<br \/>\n<\/span><\/p>\n<p><span style=\"color: #777777; font-family: Arial;\">Toujours cette accusation que le juif l\u2019a bien cherch\u00e9.<\/span><\/p>\n<p><span style=\"color: #777777; font-family: Arial;\">Quand en Mai 1936 : le Front populaire gagne le second tour des l\u00e9gislatives, Charles Maurras \u00e9crira&nbsp;:<br \/>\n<\/span><\/p>\n<p style=\"margin-left: 28pt;\"><span style=\"color: #c00000; font-family: Arial;\">\u00ab&nbsp;Chacun prendra conscience du bon moyen de d\u00e9fendre sa vie du sacrificateur juif : le couteau de cuisine. [\u2026]<br \/>\n<\/span><\/p>\n<p style=\"margin-left: 28pt;\"><span style=\"color: #c00000; font-family: Arial;\">Le jour de l&rsquo;invasion, il restera toujours en France quelques bons couteaux de cuisine et Monsieur Blum en sera le ressortissant num\u00e9ro 1. . [\u2026]<br \/>\n<\/span><\/p>\n<p style=\"margin-left: 28pt;\"><span style=\"color: #c00000; font-family: Arial;\">Juif d&rsquo;abord ! C&rsquo;est en tant que juif qu&rsquo;il faut voir, concevoir, entendre, combattre et abattre le Blum. [\u2026] Si, par chance, un Etat r\u00e9gulier a pu \u00eatre substitu\u00e9 au d\u00e9mocratique couteau de cuisine, il conviendra que M. Blum soit guillotin\u00e9 dans le rite des parricides : un voile noir tendu sur ses traits de chameau.&nbsp;\u00bb<br \/>\n<\/span><\/p>\n<p><span style=\"color: #777777; font-family: Arial;\">Des insultes et toujours ces accusations de ne pas \u00eatre fran\u00e7ais.<br \/>\n<\/span><\/p>\n<p><span style=\"color: #777777; font-family: Arial;\">L\u00e9on Blum se r\u00e9sout \u00e0 r\u00e9pondre, dans son journal, \u00ab&nbsp;Le Populaire&nbsp;\u00bb, le 19 novembre 1938 avec une tribune : \u00ab&nbsp;Je suis fran\u00e7ais&nbsp;\u00bb<br \/>\n<\/span><\/p>\n<p style=\"margin-left: 28pt;\"><span style=\"color: #c00000; font-family: Arial;\">\u00ab&nbsp;Sous la signature d&rsquo;un homme que je ne veux pas nommer, la feuille inf\u00e2me reprend avec une assurance effront\u00e9e une histoire qui courait d\u00e9j\u00e0 depuis longtemps dans la basse presse d&rsquo;\u00e9chos et dans les feuilles de chantage. Elle assure que le nom que je porte n&rsquo;est pas le mien, que je ne suis pas n\u00e9 en France, mais en Bulgarie.<br \/>\n<\/span><\/p>\n<p style=\"margin-left: 28pt;\"><span style=\"color: #c00000; font-family: Arial;\">\u00ab&nbsp;Cette l\u00e9gende n&rsquo;a pas encore pris dans le public la m\u00eame consistance que celle de mes maisons suisses, de mes ch\u00e2teaux fran\u00e7ais, de mon h\u00f4tel parisien, de ma vaisselle plate et de mes laquais en culotte courte. Avec un peu de t\u00e9nacit\u00e9 et de patience, la feuille inf\u00e2me en viendra sans doute \u00e0 bout !\u00a0\u00bb<br \/>\n<\/span><\/p>\n<p style=\"margin-left: 28pt;\"><span style=\"color: #c00000; font-family: Arial;\">\u00ab&nbsp; Je suis n\u00e9 \u00e0 Paris le 9 avril 1872, fran\u00e7ais, de parents fran\u00e7ais. Ma maison natale, 151 rue Saint-Denis, existe encore et chacun peut voir en passant la fa\u00e7ade \u00e9troite et pauvre. [\u2026]<br \/>\n<\/span><\/p>\n<p style=\"margin-left: 28pt;\"><span style=\"color: #c00000; font-family: Arial;\">\u00ab\u00a0Aussi loin qu&rsquo;il soit possible de remonter dans l&rsquo;histoire d&rsquo;une famille plus que modeste, mon ascendance est purement fran\u00e7aise. Depuis que les juifs fran\u00e7ais poss\u00e8dent un \u00e9tat civil, mes anc\u00eatres paternels ont port\u00e9 le nom que je porte aujourd&rsquo;hui.\u00a0\u00bb<br \/>\n<\/span><\/p>\n<p style=\"margin-left: 28pt;\"><span style=\"color: #c00000; font-family: Arial;\">Tous ces faits sont ais\u00e9s \u00e0 d\u00e9montrer [\u2026] La feuille inf\u00e2me a entrepris sa campagne sans se soucier un instant d&rsquo;\u00e9claircir si son accusation \u00e9tait vraie [\u2026] Tout cela sera colport\u00e9 par la m\u00e9disance ou la haine comme l&rsquo;histoire de mes ch\u00e2teaux et de mes laquais. Des gens honn\u00eates et de bonne foi se diront \u00e0 nouveau &lsquo;Tout de m\u00eame, il y a forc\u00e9ment quelque chose de vrai. Pas de fum\u00e9e sans feu&rsquo;. Et le mensonge aura pris un beau jour. [\u2026] Il en sera ainsi jusqu&rsquo;au jour o\u00f9 la loi permettra enfin de prendre \u00e0 la gorge la feuille inf\u00e2me et son pitre ob\u00e8se [\u2026] de les ch\u00e2tier quand ils ont menti ou quand ils ont assassin\u00e9.&nbsp;\u00bb<br \/>\n<\/span><\/p>\n<p><span style=\"color: #777777; font-family: Arial;\">Voil\u00e0 ce qu&rsquo;\u00e9tait l&rsquo;antis\u00e9mitisme d&rsquo;avant-guerre.<br \/>\n<\/span><\/p>\n<p><span style=\"color: #777777; font-family: Arial;\">Antis\u00e9mitisme qui n&rsquo;\u00e9tait plus possible depuis la shoah. C&rsquo;est ce que l&rsquo;on croyait.<br \/>\n<\/span><\/p>\n<p><span style=\"color: #777777; font-family: Arial;\">La perte de m\u00e9moire \u00e9tant pass\u00e9e par l\u00e0, les r\u00e9seaux sociaux ayant lib\u00e9r\u00e9 la parole, de tels propos sont \u00e0 nouveau pr\u00e9sents dans la soci\u00e9t\u00e9 fran\u00e7aise.<br \/>\n<\/span><\/p>\n<p><span style=\"color: #777777; font-family: Arial;\">Et c&rsquo;est tragique\u2026<br \/>\n<\/span><\/p>\n<p><span style=\"color: #c00000; font-family: Arial;\">&lt;1200&gt;<\/span><\/p>\n","protected":false},"excerpt":{"rendered":"<p>\u00ab&nbsp;Je suis fran\u00e7ais&nbsp;\u00bb L\u00e9on Blum, dans le Populaire du 19 novembre 1938, r\u00e9ponse \u00e0 toutes les attaques antis\u00e9mites qui l\u2019accusait d\u2019\u00eatre contre la France. L\u00e9on Blum n\u00e9 le 9 avril 1872 \u00e0 Paris et mort le 30 mars 1950 \u00e0<\/p>\n","protected":false},"author":1,"featured_media":0,"comment_status":"open","ping_status":"closed","sticky":false,"template":"","format":"standard","meta":{"footnotes":""},"categories":[1],"tags":[134,15,112],"class_list":["post-6303","post","type-post","status-publish","format-standard","hentry","category-motdujour","tag-antisemitisme","tag-france","tag-socialisme"],"_links":{"self":[{"href":"https:\/\/lemotdujour.fr\/index.php?rest_route=\/wp\/v2\/posts\/6303","targetHints":{"allow":["GET"]}}],"collection":[{"href":"https:\/\/lemotdujour.fr\/index.php?rest_route=\/wp\/v2\/posts"}],"about":[{"href":"https:\/\/lemotdujour.fr\/index.php?rest_route=\/wp\/v2\/types\/post"}],"author":[{"embeddable":true,"href":"https:\/\/lemotdujour.fr\/index.php?rest_route=\/wp\/v2\/users\/1"}],"replies":[{"embeddable":true,"href":"https:\/\/lemotdujour.fr\/index.php?rest_route=%2Fwp%2Fv2%2Fcomments&post=6303"}],"version-history":[{"count":7,"href":"https:\/\/lemotdujour.fr\/index.php?rest_route=\/wp\/v2\/posts\/6303\/revisions"}],"predecessor-version":[{"id":11637,"href":"https:\/\/lemotdujour.fr\/index.php?rest_route=\/wp\/v2\/posts\/6303\/revisions\/11637"}],"wp:attachment":[{"href":"https:\/\/lemotdujour.fr\/index.php?rest_route=%2Fwp%2Fv2%2Fmedia&parent=6303"}],"wp:term":[{"taxonomy":"category","embeddable":true,"href":"https:\/\/lemotdujour.fr\/index.php?rest_route=%2Fwp%2Fv2%2Fcategories&post=6303"},{"taxonomy":"post_tag","embeddable":true,"href":"https:\/\/lemotdujour.fr\/index.php?rest_route=%2Fwp%2Fv2%2Ftags&post=6303"}],"curies":[{"name":"wp","href":"https:\/\/api.w.org\/{rel}","templated":true}]}}