{"id":6285,"date":"2019-02-27T01:47:09","date_gmt":"2019-02-27T00:47:09","guid":{"rendered":"http:\/\/lemotdujour.fr\/?p=6285"},"modified":"2021-06-24T00:16:18","modified_gmt":"2021-06-23T22:16:18","slug":"mercredi-27-fevrier-2019","status":"publish","type":"post","link":"https:\/\/lemotdujour.fr\/?p=6285","title":{"rendered":"Mercredi 27 f\u00e9vrier 2019"},"content":{"rendered":"<div class=\"mdjTexte\">\t\u00abQuand vous entendez dire du mal du juif, tendez l\u2019oreille, on parle de vous !\u00bb<\/div>\n<div class=\"mdjAuteur\">\tFrantz Fanon<\/div>\n<p><span style=\"color: #777777; font-family: Arial;\">C&rsquo;est dans l&rsquo;article du journal &lt;<span style=\"color: #0000ff;\"><a style=\"color: #0000ff;\" href=\"https:\/\/www.lemonde.fr\/idees\/article\/2019\/02\/12\/delphine-horvilleur-la-parole-antisemite-ne-dit-rien-du-mouvement-des-gilets-jaunes-mais-ne-lui-est-pas-non-plus-etrangere_5422560_3232.html\">Le Monde<\/a><\/span>&gt; cit\u00e9 hier que Delphine Horvilleur a \u00e9crit&nbsp;:<br \/>\n<\/span><\/p>\n<p style=\"margin-left: 28pt;\"><span style=\"color: #c00000; font-family: Arial;\">\u00ab&nbsp;Cette haine qui veut \u00ab faire la peau \u00bb m\u00eame aux morts raconte qu&rsquo;elle ne s&rsquo;arr\u00eatera pas aux juifs qu&rsquo;elle vise toujours d&rsquo;abord.<br \/>\n<\/span><\/p>\n<p style=\"margin-left: 28pt;\"><span style=\"color: #c00000; font-family: Arial;\">Elle agit, comme toujours, en pr\u00e9curseur d&rsquo;une haine g\u00e9n\u00e9ralis\u00e9e, qui frappe le juif sous la forme d&rsquo;une r\u00e9p\u00e9tition g\u00e9n\u00e9rale.<br \/>\n<\/span><\/p>\n<p style=\"margin-left: 28pt;\"><span style=\"color: #c00000; font-family: Arial;\"><strong>\u00ab Quand vous entendez dire du mal du juif, disait Frantz Fanon, tendez l&rsquo;oreille, on parle de vous ! \u00bb&nbsp;<\/strong>\u00bb<br \/>\n<\/span><\/p>\n<p><span style=\"color: #777777; font-family: Arial;\">Par hasard, j&rsquo;ai lu un autre article dans &lt;<span style=\"color: #0000ff;\"><a style=\"color: #0000ff;\" href=\"https:\/\/www.liberation.fr\/direct\/element\/bordeaux-pas-de-rue-frantz-fanon-le-rassemblement-national-sy-oppose_93590\/\">Lib\u00e9ration<\/a><\/span>&gt; parlant de Frantz Fanon&nbsp;:<br \/>\n<\/span><\/p>\n<p style=\"margin-left: 28pt;\"><span style=\"color: #c00000; font-family: Arial;\">\u00ab&nbsp;Le maire de Bordeaux, Alain Jupp\u00e9, a d\u00e9cid\u00e9 de \u00absurseoir\u00bb \u00e0 la proposition de nommer une ruelle d&rsquo;un des nouveaux quartiers de la ville du nom de Frantz Fanon (grande figure anticolonialiste). <em>\u00abAujourd&rsquo;hui, le choix du nom de Frantz Fanon suscite des incompr\u00e9hensions, des pol\u00e9miques, des oppositions que je peux comprendre. Dans un souci d&rsquo;apaisement, j&rsquo;ai donc d\u00e9cid\u00e9 de surseoir \u00e0 cette proposition\u00bb<\/em>,&nbsp;\u00bb<br \/>\n<\/span><\/p>\n<p><span style=\"color: #777777; font-family: Arial;\">Frantz Fanon est mort \u00e0 36 ans d&rsquo;une leuc\u00e9mie. Mais dans son existence br\u00e8ve il fut psychiatre, \u00e9crivain et une figure embl\u00e9matique du tiers-mondisme .<br \/>\n<\/span><\/p>\n<p><img decoding=\"async\" class=\"alignleft\" src=\"https:\/\/lemotdujour.fr\/wp-content\/uploads\/2019\/02\/022519_2246_Mercredi27f1.jpg\" alt=\"\" align=\"left\"><span style=\"color: #777777; font-family: Arial;\">Je tire de ce site&nbsp;:<span style=\"color: #0000ff;\"> <a style=\"color: #0000ff;\" href=\"http:\/\/ile-en-ile.org\/fanon\/\">&lt;Ile en ile&gt;<\/a> <\/span>des \u00e9l\u00e9ments de biographie&nbsp;:<br \/>\n<\/span><\/p>\n<p><span style=\"color: #777777; font-family: Arial;\">Il est n\u00e9 en 1925 \u00e0 Fort-de-France en Martinique. Il re\u00e7oit son \u00e9ducation secondaire au lyc\u00e9e Schoelcher o\u00f9 Aim\u00e9 C\u00e9saire l&rsquo;influencera. Fanon deviendra un penseur-phare du Tiers-mondialisme et de l&rsquo;anti-colonialisme.<br \/>\n<\/span><\/p>\n<p><span style=\"color: #777777; font-family: Arial;\">En 1943, Fanon rejoint les forces fran\u00e7aises libres \u00e0 la Dominique. Luttant c\u00f4te \u00e0 c\u00f4te avec les \u00ab tirailleurs s\u00e9n\u00e9galais \u00bb, il est d\u00e9cid\u00e9 \u00e0 lib\u00e9rer la m\u00e8re-patrie du nazisme. \u00c0 ses amis qui lui disent que cette guerre n&rsquo;est pas la leur, Fanon r\u00e9pond :<br \/>\n<\/span><\/p>\n<p style=\"margin-left: 28pt;\"><span style=\"color: #c00000; font-family: Arial;\">\u00ab Chaque fois que la dignit\u00e9 et la libert\u00e9 de l&rsquo;homme sont en question, nous sommes concern\u00e9s, Blancs, Noirs ou Jaunes, et chaque fois qu&rsquo;elles seront menac\u00e9es en quelque lieu que ce soit, je m&rsquo;engagerai sans retour \u00bb.<br \/>\n<\/span><\/p>\n<p><span style=\"color: #777777; font-family: Arial;\">Son id\u00e9alisme prend alors une tournure marquante car la seconde guerre mondiale r\u00e9v\u00e8le au descendant d&rsquo;esclaves que la France qui leur avait inculqu\u00e9 un sens du patriotisme tricolore, avait \u00e9galement instill\u00e9 dans l&rsquo;esprit martiniquais et guadeloup\u00e9en un complexe de sup\u00e9riorit\u00e9 par rapport aux Africains. La condescendance pour d&rsquo;autres fr\u00e8res soldats d&rsquo;Afrique, la diff\u00e9renciation sentie chaque jour entre troupes fran\u00e7aises et celles des colonies, la hi\u00e9rarchie dans l&rsquo;arm\u00e9e et les administrations mettent Fanon mal \u00e0 l&rsquo;aise. Ces ann\u00e9es de guerre l&rsquo;engageront sur la double piste d&rsquo;une lib\u00e9ration mentale et physique.<br \/>\n<\/span><\/p>\n<p><span style=\"color: #777777; font-family: Arial;\">Fanon entame des \u00e9tudes de m\u00e9decine \u00e0 Lyon, loin de Paris, parce que, plaisantait-il, <span style=\"color: #c00000;\">\u00ab il y a trop de n\u00e8gres \u00e0 Paris<span style=\"color: #777777;\"> \u00bb .<br \/>\n<\/span><\/span><\/span><\/p>\n<p><span style=\"color: #777777; font-family: Arial;\">La m\u00e9decine \u2013 aussi bien que des cours de philosophie et de psychiatrie \u2013 lui permet de voir plus clair dans le processus complexe de la colonisation et dans la d\u00e9subjectivation du colonis\u00e9. La m\u00e9decine est une porte qui conduit Fanon vers la psychologie en milieu colonial, c&rsquo;est-\u00e0-dire une branche de la psychologie qui prend en compte l&rsquo;univers de la violence et l&rsquo;ali\u00e9nation du colonis\u00e9. [\u2026] En Alg\u00e9rie, Fanon fera adapter de nouvelles structures, la socioth\u00e9rapie (la gu\u00e9rison par des pratiques sociales) et l&rsquo;ergoth\u00e9rapie (la gu\u00e9rison par la pratique de m\u00e9tiers) et introduira des donn\u00e9es sp\u00e9cifiquement \u00ab postcoloniales \u00bb. Pr\u00e9occup\u00e9 par le racisme qu&rsquo;il affronte dans la vie quotidienne, il publie \u00ab&nbsp;<strong>Peau noire, masques blancs<\/strong>&nbsp;\u00bb en 1952, sa th\u00e8se de doctorat en psychiatrie.<br \/>\n<\/span><\/p>\n<p><span style=\"color: #777777; font-family: Arial;\">[\u2026]<br \/>\n<\/span><\/p>\n<p><span style=\"color: #777777; font-family: Arial;\">Responsable de l&rsquo;h\u00f4pital psychiatrique \u00e0 Blida de 1953 jusqu&rsquo;\u00e0 1956, Fanon soigne de jour les bless\u00e9s parmi les soldats fran\u00e7ais, de nuit plut\u00f4t les victimes de l&rsquo;oppression coloniale. Il s&rsquo;engage dans le politique car, comme il l&rsquo;\u00e9crira dans sa lettre de d\u00e9mission, il y a un lien entre la psychose et l&rsquo;ali\u00e9nation colonialiste :<br \/>\n<\/span><\/p>\n<p style=\"margin-left: 28pt;\"><span style=\"color: #c00000; font-family: Arial;\">\u00ab La folie est l&rsquo;un des moyens de l&rsquo;homme de perdre sa libert\u00e9. [\u2026] Si la psychiatrie est une technique m\u00e9dicale qui se propose de permettre \u00e0 l&rsquo;homme de ne plus \u00eatre \u00e9tranger \u00e0 son environnement, je me dois d&rsquo;affirmer que l&rsquo;Arabe, ali\u00e9n\u00e9 permanent dans son pays, vit dans un \u00e9tat de d\u00e9personnalisation absolue \u00bb.<br \/>\n<\/span><\/p>\n<p><span style=\"color: #777777; font-family: Arial;\">Deux ans apr\u00e8s le d\u00e9clenchement de la guerre de lib\u00e9ration, Fanon d\u00e9missionne de son poste \u00e0 Blida.<br \/>\n<\/span><\/p>\n<p><span style=\"color: #777777; font-family: Arial;\">Il sera expuls\u00e9 d&rsquo;Alg\u00e9rie en 1957 par les autorit\u00e9s fran\u00e7aises et s&rsquo;installera \u00e0 Tunis, o\u00f9 il rejoint le Gouvernement provisoire de la R\u00e9publique alg\u00e9rienne. Il devient membre de r\u00e9daction d&rsquo;El Moudjahid, organe important du FLN (le Front de lib\u00e9ration nationale) et en 1959, fait partie de la d\u00e9l\u00e9gation alg\u00e9rienne au Congr\u00e8s pan-africain d&rsquo;Accra. En mars 1960, Fanon est nomm\u00e9 ambassadeur de l&rsquo;Alg\u00e9rie au Ghana et assume un r\u00f4le diplomatique. Il publie <strong>\u00ab&nbsp;L&rsquo;An V de la r\u00e9volution alg\u00e9rienne<\/strong>&nbsp;\u00bb en 1959 et \u00ab&nbsp;<strong>Les Damn\u00e9s de la terre<\/strong>&nbsp;\u00bb en 1961.<br \/>\n<\/span><\/p>\n<p><a href=\"https:\/\/fr.wikipedia.org\/wiki\/Frantz_Fanon\"><span style=\"font-family: Arial;\"><span style=\"color: #0000ff;\">&lt;Wikipedia&gt;<\/span><\/span><\/a><span style=\"color: #777777; font-family: Arial;\"> lui consacre un long article.<br \/>\n<\/span><\/p>\n<p><span style=\"color: #777777; font-family: Arial;\">Il est notamment question d&rsquo;une rencontre m\u00e9morable avec Jean-Paul Sartre&nbsp;:<br \/>\n<\/span><\/p>\n<p style=\"margin-left: 28pt;\"><span style=\"color: #c00000; font-family: Arial;\">\u00ab&nbsp;D\u00e8s ses premiers \u00e9crits, Fanon ne cesse de se r\u00e9f\u00e9rer au philosophe Jean-Paul Sartre (notamment \u00e0 R\u00e9flexions sur la question juive, Orph\u00e9e noir, et L&rsquo;\u00catre et le N\u00e9ant). \u00c0 la publication de la Critique de la raison dialectique (1960), il se fait envoyer une copie de l&rsquo;ouvrage et il parvient \u00e0 le lire malgr\u00e9 son \u00e9tat de faiblesse provoqu\u00e9 par sa leuc\u00e9mie. Il fait m\u00eame une conf\u00e9rence sur la Critique de la raison dialectique aux combattants alg\u00e9riens de l&rsquo;Arm\u00e9e de lib\u00e9ration nationale.<br \/>\n<\/span><\/p>\n<p style=\"margin-left: 28pt;\"><span style=\"color: #c00000; font-family: Arial;\">C&rsquo;est en 1960 qu&rsquo;il demande \u00e0 Claude Lanzmann et Marcel P\u00e9ju, venus \u00e0 Tunis pour parler au dirigeant du GPRA, de rencontrer le philosophe. Il veut \u00e9galement que Sartre pr\u00e9face son dernier ouvrage, Les Damn\u00e9s de la Terre. Ainsi \u00e9crit-il \u00e0 l&rsquo;\u00e9diteur Fran\u00e7ois Masp\u00e9ro : \u00ab Demandez \u00e0 Sartre de me pr\u00e9facer. Dites-lui que chaque fois que je me mets \u00e0 ma table, je pense \u00e0 lui \u00bb15.<br \/>\n<\/span><\/p>\n<p style=\"margin-left: 28pt;\"><span style=\"color: #c00000; font-family: Arial;\">La rencontre a lieu \u00e0 Rome, pendant l&rsquo;\u00e9t\u00e9 1961. Sartre interrompt son strict r\u00e9gime de travail pour passer trois jours entiers \u00e0 parler avec Fanon. Comme le raconte Claude Lanzmann, \u00ab pendant trois jours, Sartre n&rsquo;a pas travaill\u00e9. Nous avons \u00e9cout\u00e9 Fanon pendant trois jours. [\u2026] Ce furent trois journ\u00e9es \u00e9reintantes, physiquement et \u00e9motionnellement. Je n&rsquo;ai jamais vu Sartre aussi s\u00e9duit et boulevers\u00e9 par un homme \u00bb. L&rsquo;admiration est r\u00e9ciproque, comme le rapporte Simone de Beauvoir : \u00ab Fanon avait \u00e9norm\u00e9ment de choses \u00e0 dire \u00e0 Sartre et de questions \u00e0 lui poser. \u00ab Je paierais vingt mille francs par jour pour parler avec Sartre du matin au soir pendant quinze jours \u00bb, dit-il en riant \u00e0 Lanzmann \u00bb&nbsp;\u00bb.<br \/>\n<\/span><\/p>\n<p><span style=\"color: #777777; font-family: Arial;\">Atteint d&rsquo;une leuc\u00e9mie, il se fait soigner \u00e0 Moscou, puis, en octobre 1961, \u00e0 Bethesda pr\u00e8s de Washington, o\u00f9 il meurt le 6 d\u00e9cembre 1961 \u00e0 l&rsquo;\u00e2ge de 36 ans, quelques mois avant l&rsquo;ind\u00e9pendance alg\u00e9rienne, sous le nom d&rsquo;Ibrahim Omar Fanon. Dans une lettre laiss\u00e9e \u00e0 ses amis, il demandera \u00e0 \u00eatre inhum\u00e9 en Alg\u00e9rie. Son corps est transf\u00e9r\u00e9 \u00e0 Tunis, et sera transport\u00e9 par une d\u00e9l\u00e9gation du GPRA \u00e0 la fronti\u00e8re. Son corps sera inhum\u00e9 par Chadli Bendjedid, futur pr\u00e9sident alg\u00e9rien, dans le cimeti\u00e8re de Sifana pr\u00e8s de Sidi Trad, du c\u00f4t\u00e9 alg\u00e9rien. Avec lui, sont inhum\u00e9s trois de ses ouvrages : Peau noire et masques blancs, La cinqui\u00e8me ann\u00e9e de la r\u00e9volution alg\u00e9rienne et Les Damn\u00e9s de la terre. Sa d\u00e9pouille sera transf\u00e9r\u00e9e en 1965, et inhum\u00e9e au cimeti\u00e8re des \u00ab Chouhadas \u00bb (cimeti\u00e8re des martyrs de la guerre) pr\u00e8s de la fronti\u00e8re alg\u00e9ro-tunisienne, dans la commune d&rsquo;A\u00efn Kerma (wilaya d&rsquo;El-Tarf).<br \/>\n<\/span><\/p>\n<p><span style=\"color: #777777; font-family: Arial;\">On apprend qu&rsquo;il a eu deux enfants, un gar\u00e7on et une fille Mireille, qui \u00e9pousera Bernard Mend\u00e8s France, fils de Pierre Mend\u00e8s France.<br \/>\n<\/span><\/p>\n<p><span style=\"color: #777777; font-family: Arial;\">Wikipedia parle de&nbsp;: \u00ab&nbsp;<strong>L&rsquo;amn\u00e9sie fran\u00e7aise et la reconnaissance tardive<\/strong>&nbsp;\u00bb<br \/>\n<\/span><\/p>\n<p style=\"margin-left: 28pt;\"><span style=\"color: #c00000; font-family: Arial;\">\u00ab&nbsp;Selon sa biographe, Alice Cherki, Fanon devient en France, \u00ab le pays pour lequel la guerre d&rsquo;Alg\u00e9rie n&rsquo;a pas eu lieu \u00bb, \u00ab un philosophe maudit \u00bb. Il est occult\u00e9 pour sa condamnation radicale du colonialisme fran\u00e7ais : \u00ab En redonnant \u00e0 la colonie son r\u00f4le dans la construction de la nation, de l&rsquo;identit\u00e9 nationale et de la r\u00e9publique fran\u00e7aise, Fanon fait appara\u00eetre comment la notion de \u00ab race \u00bb n&rsquo;est pas ext\u00e9rieure au corps r\u00e9publicain et comment elle le hante \u00bb. En d\u00e9voilant le clivage racial au fondement du syst\u00e8me colonial, Fanon g\u00eane le r\u00e9publicanisme d&rsquo;une France qui se dit indiff\u00e9rente aux diff\u00e9rences mais qui, dans son propre empire colonial, a d\u00e9ni\u00e9 des droits \u00e0 des populations au motif de leur \u00ab race \u00bb dite inf\u00e9rieure.<br \/>\n<\/span><\/p>\n<p style=\"margin-left: 28pt;\"><span style=\"color: #c00000; font-family: Arial;\">La reconnaissance de Frantz Fanon en France fut tardive. Fort de France poss\u00e8de d\u00e9sormais une avenue \u00e0 son nom bien que la proposition qu&rsquo;en avait faite son maire, Aim\u00e9 C\u00e9saire, en 1965 e\u00fbt \u00e9t\u00e9 rejet\u00e9e pendant des ann\u00e9es. Il faut attendre 1982 pour que s&rsquo;organise, sous l&rsquo;impulsion de Marcel Manville, un m\u00e9morial international (colloque) en son honneur en Martinique. Peu \u00e0 peu, plusieurs hommages lui sont rendus dans son \u00eele natale. Le lyc\u00e9e de La Trinit\u00e9 est baptis\u00e9 en son honneur, la ville de Rivi\u00e8re-Pilote lui consacre une avenue et une biblioth\u00e8que. En France m\u00e9tropolitaine toutefois, s&rsquo;il existe de nombreuses rues portant ce nom, David Macey signale n&rsquo;avoir trouv\u00e9 aucune avenue Frantz Fanon. En Alg\u00e9rie, d\u00e8s 1963, une avenue Frantz Fanon est inaugur\u00e9e \u00e0 Alger. La reconnaissance d\u00e9passe d\u00e9sormais ces deux pays et la m\u00e9moire de Frantz Fanon est honor\u00e9e dans de nombreux pays (Italie, Nigeria, \u00c9tats-Unis) o\u00f9 des centres de recherche ont \u00e9t\u00e9 baptis\u00e9s \u00e0 sa m\u00e9moire.&nbsp;\u00bb<br \/>\n<\/span><\/p>\n<p><span style=\"color: #777777; font-family: Arial;\">Une personnalit\u00e9 pleine de profondeur, d&rsquo;intelligence et d&rsquo;humanit\u00e9. Et c&rsquo;est un homme qui a compris que dans une soci\u00e9t\u00e9 lorsqu&rsquo;on commen\u00e7ait \u00e0 se prendre aux juifs, les autres minorit\u00e9s devaient se m\u00e9fier car cette soci\u00e9t\u00e9 \u00e9tait en train de se d\u00e9liter et d&rsquo;entrer dans des heures sombres. C&rsquo;est une autre fa\u00e7on de parler du canari des mineurs \u00e9voqu\u00e9 par Delphine Horvilleur.<br \/>\n<\/span><\/p>\n<p><span style=\"color: #777777; font-family: Arial;\">Un chroniqueur du Monde Afrique, Abdourahman Waberi, lui a consacr\u00e9 un article, en f\u00e9vrier 2017, \u00ab&nbsp;<a href=\"https:\/\/www.lemonde.fr\/afrique\/article\/2017\/02\/20\/frantz-fanon-toujours-vivant_5082573_3212.html\"><span style=\"color: #0000ff;\">Frantz Fanon, toujours vivant&nbsp;<\/span><\/a>\u00bb<br \/>\n<\/span><\/p>\n<p><span style=\"color: #c00000; font-family: Arial;\">&lt;1199&gt;<\/span><\/p>\n","protected":false},"excerpt":{"rendered":"<p>\u00abQuand vous entendez dire du mal du juif, tendez l\u2019oreille, on parle de vous !\u00bb Frantz Fanon C&rsquo;est dans l&rsquo;article du journal &lt;Le Monde&gt; cit\u00e9 hier que Delphine Horvilleur a \u00e9crit&nbsp;: \u00ab&nbsp;Cette haine qui veut \u00ab faire la peau \u00bb<\/p>\n","protected":false},"author":1,"featured_media":0,"comment_status":"open","ping_status":"closed","sticky":false,"template":"","format":"standard","meta":{"footnotes":""},"categories":[1],"tags":[135,17,29],"class_list":["post-6285","post","type-post","status-publish","format-standard","hentry","category-motdujour","tag-anticolonialisme","tag-histoire","tag-hommage"],"_links":{"self":[{"href":"https:\/\/lemotdujour.fr\/index.php?rest_route=\/wp\/v2\/posts\/6285","targetHints":{"allow":["GET"]}}],"collection":[{"href":"https:\/\/lemotdujour.fr\/index.php?rest_route=\/wp\/v2\/posts"}],"about":[{"href":"https:\/\/lemotdujour.fr\/index.php?rest_route=\/wp\/v2\/types\/post"}],"author":[{"embeddable":true,"href":"https:\/\/lemotdujour.fr\/index.php?rest_route=\/wp\/v2\/users\/1"}],"replies":[{"embeddable":true,"href":"https:\/\/lemotdujour.fr\/index.php?rest_route=%2Fwp%2Fv2%2Fcomments&post=6285"}],"version-history":[{"count":9,"href":"https:\/\/lemotdujour.fr\/index.php?rest_route=\/wp\/v2\/posts\/6285\/revisions"}],"predecessor-version":[{"id":11638,"href":"https:\/\/lemotdujour.fr\/index.php?rest_route=\/wp\/v2\/posts\/6285\/revisions\/11638"}],"wp:attachment":[{"href":"https:\/\/lemotdujour.fr\/index.php?rest_route=%2Fwp%2Fv2%2Fmedia&parent=6285"}],"wp:term":[{"taxonomy":"category","embeddable":true,"href":"https:\/\/lemotdujour.fr\/index.php?rest_route=%2Fwp%2Fv2%2Fcategories&post=6285"},{"taxonomy":"post_tag","embeddable":true,"href":"https:\/\/lemotdujour.fr\/index.php?rest_route=%2Fwp%2Fv2%2Ftags&post=6285"}],"curies":[{"name":"wp","href":"https:\/\/api.w.org\/{rel}","templated":true}]}}