{"id":628,"date":"2014-03-05T01:00:00","date_gmt":"2014-03-04T22:00:00","guid":{"rendered":"http:\/\/lemotdujour.fr\/?p=628"},"modified":"2017-05-08T13:21:18","modified_gmt":"2017-05-08T11:21:18","slug":"mercredi-05032014","status":"publish","type":"post","link":"https:\/\/lemotdujour.fr\/?p=628","title":{"rendered":"Mercredi 05\/03\/2014"},"content":{"rendered":"<div class=\"mdjDate\">Mercredi 05\/03\/2014<\/div>\n<div class=\"mdjTexte\">\u00ab les menaces d\u00e9passant en gravit\u00e9 tous ce qu\u2019on a connu jusqu\u2019ici, les r\u00e9ponses doivent \u00eatre \u00e0 la hauteur \u00bb<\/div>\n<div class=\"mdjAuteur\">Michel Rocard<\/div>\n<div class=\"mdjComplements\">Michel Rocard a donn\u00e9 cet avis sur le site du m\u00e9dia l&rsquo;Opinion. Pour pouvoir lire l&rsquo;article il faut \u00eatre abonn\u00e9 et je ne suis pas parvenu \u00e0 m&rsquo;abonner, il semble que mon navigateur n&rsquo;\u00e9tait pas convaincu de la s\u00e9curit\u00e9 de la transaction.<\/div>\n<div class=\"mdjComplements\">Mais il y a des extraits de cet article sur d&rsquo;autres sites. Ainsi sur le site des Echos, Article des Echos du 27\/02 :<\/div>\n<div class=\"mdjCiter\"> Les Etats europ\u00e9ens ne doivent plus se financer sur le march\u00e9 priv\u00e9 et payer des int\u00e9r\u00eats, et l'\u00a0\u00bborage menace\u00a0\u00bb devant le niveau actuel de la dette mondiale, estime l&rsquo;ancien Premier ministre socialiste Michel Rocard, dans une interview Jeudi \u00e0 l&rsquo;Opinion.<\/div>\n<div class=\"mdjCiter\">\u00ab\u00a0Il faut financer les Etats sans leur faire payer d&rsquo;int\u00e9r\u00eats (&#8230;) Il ne faut plus que les Etats, en Europe, se financent sur le march\u00e9 priv\u00e9\u00a0\u00bb, souligne M. Rocard.<\/div>\n<div class=\"mdjCiter\">\u00ab\u00a0Depuis la fin des Trente Glorieuses, fait-il valoir, notre dette s&rsquo;\u00e9l\u00e8verait, dans ce sc\u00e9nario, \u00e0 20% du PIB au lieu de 90%\u00a0\u00bb.<\/div>\n<div class=\"mdjCiter\">\u00ab\u00a0J&rsquo;admets que ce serait une violation absolue du consensus mon\u00e9tariste sous l&rsquo;\u00e9gide duquel on est gouvern\u00e9\u00a0\u00bb, poursuit l&rsquo;ancien Premier ministre.<\/div>\n<div class=\"mdjCiter\">\u00ab\u00a0Mais il est temps, d&rsquo;une part, de se rappeler que la croissance am\u00e9ricaine et britannique est enti\u00e8rement financ\u00e9e par la planche \u00e0 billets; d&rsquo;autre part, que la dette mondiale est actuellement trois fois sup\u00e9rieure au PIB mondial\u00a0\u00bb, rel\u00e8ve-t-il.<\/div>\n<div class=\"mdjCiter\">Selon lui, \u00ab\u00a0l&rsquo;orage menace. Il faut sortir de cet \u00e9tau. C&rsquo;est vital (&#8230;) Je demande \u00e0 tous les grands penseurs de sciences \u00e9conomiques de me dire si mon id\u00e9e n&rsquo;est pas tenable\u00a0\u00bb.<\/div>\n<div class=\"mdjCiter\">\u00ab\u00a0La Banque centrale europ\u00e9enne n&rsquo;a pas le droit de se comporter comme elle le fait aujourd&rsquo;hui. Il est vital que nous d\u00e9passions nos conformismes intellectuels, compte tenu du fait que les +savants+ n&rsquo;ont rien vu venir et que la mise en place d&rsquo;un autre syst\u00e8me ne peut \u00eatre, bien entendu, que progressive. Ni, cela va de soi, se limiter \u00e0 la seule France\u00a0\u00bb, d\u00e9veloppe encore l&rsquo;ancien Premier ministre.<\/div>\n<div class=\"mdjCiter\">\u00ab\u00a0Le pouvoir, en France comme en Europe, doit se moquer des m\u00e9dias, enseigner \u00e0 tous les logiques de l&rsquo;\u00e9conomie, griller la quotidiennet\u00e9 et accepter l&rsquo;\u00e9vidence que, les menaces d\u00e9passant en gravit\u00e9 et en nature tout ce qu&rsquo;on a connu jusqu&rsquo;ici, les r\u00e9ponses doivent \u00eatre \u00e0 la hauteur\u00a0\u00bb, analyse-t-il aussi.<\/div>\n<div class=\"mdjComplements\">Un autre d&rsquo;un journaliste : Dominique de Montvalon sur son <a href=\"http:\/\/www.lopinion.fr\/blog\/hollande-2017\/noire-vision-rocard-vous-ne-voyez-pas-que-je-pue-l-angoisse-9700\">blog<\/a><\/div>\n<div class=\"mdjCiter\">Une Europe sans boussole ni le moindre \u00ab\u00a0commandement\u00a0\u00bb; une dette qui grimpe, qui grimpe; un ch\u00f4mage qui s&rsquo;\u00e9tend; une pr\u00e9carit\u00e9 qui se g\u00e9n\u00e9ralise: <a href=\"http:\/\/www.lopinion.fr\/26-fevrier-2014\/europe-dette-chomage-michel-rocard-dit-angoisse-9659\">Michel Rocard vient de confier \u00e0 l&rsquo;Opinion<\/a> ses angoisses &#8211; ou plut\u00f4t: son angoisse.<\/div>\n<div class=\"mdjCiter\">Le propos, qui n&rsquo;est pas ordinaire, ne rel\u00e8ve pas une seconde de l&rsquo;humeur, encore moins du calcul politicien. D&rsquo;abord, parce que ce n&rsquo;est pas le genre de l&rsquo;ancien Premier ministre: \u00e0 83 ans, toujours sur la cr\u00eate de la vague. Ensuite parce que l&rsquo;homme, toujours tr\u00e8s courtis\u00e9 dans toute l&rsquo;Europe, n&rsquo;a plus rien \u00e0 attendre, donc \u00e0 demander: \u00e0 gauche, il jouerait d\u00e9sormais plut\u00f4t, \u00e0 sa fa\u00e7on, le r\u00f4le d&rsquo;une vigie.<\/div>\n<div class=\"mdjCiter\">\u00ab\u00a0L&rsquo;orage menace\u00a0\u00bb, constate-t-il, faisant observer que la dette mondiale est actuellement trois fois sup\u00e9rieure au PIB mondial. Et de plaider pour que les Etats n&rsquo;aient plus \u00e0 payer demain -il l&rsquo;admet, ce serait une vraie r\u00e9volution- les int\u00e9r\u00eats de leurs dettes. \u00ab\u00a0Il faut sortir de cet \u00e9tau, c&rsquo;est vital (&#8230;). Vous disant cela, je vous parle la peur au ventre car le risque, si nous continuons de glisser, c&rsquo;est un nouvel Hitler\u00a0\u00bb. Et quand on lui dit que la \u00ab\u00a0crise\u00a0\u00bb angoisse les Fran\u00e7ais, il a cette r\u00e9plique, du tac au tac: \u00ab\u00a0Et moi, vous ne voyez pas que je pue l&rsquo;angoisse ?\u00a0\u00bb. L&rsquo;ancien Premier ministre &#8211; sans citer ni Hollande ni Barroso ni tous les autres &#8211; formule, sur un ton grave, des conseils \u00e0 ceux qui, dans la temp\u00eate, ont en charge le destin de leurs compatriotes: \u00ab\u00a0Le pouvoir, en France comme en Europe, doit se moquer des m\u00e9dias, enseigner \u00e0 tous les logiques de l&rsquo;\u00e9conomie, griller la quotidiennet\u00e9 (sic) et accepter l&rsquo;id\u00e9e que, les menaces d\u00e9passant en gravit\u00e9 et en nature tout ce qu&rsquo;on a connu jusqu&rsquo;ici, les r\u00e9ponses doivent \u00eatre \u00e0 la hauteur\u00a0\u00bb. En clair: il serait imp\u00e9ratif de sortir, pour \u00e9viter que \u00ab\u00a0tout se termine dans la rue\u00a0\u00bb, de \u00ab\u00a0nos conformismes intellectuels\u00a0\u00bb.<\/div>\n<div class=\"mdjComplements\">La vision caricaturale d&rsquo;un solitaire &#8211; un peu comme l&rsquo;\u00e9tait un St\u00e9phane Hessel, mort il y a exactement un an, le 26 f\u00e9vrier 2013 ? Ou la lucidit\u00e9 d&rsquo;un homme d&rsquo;action qui voit poindre avec effroi de noirs orages ? En tout cas, Michel Rocard ne sourit pas.<\/div>\n<div class=\"mdjComplements\">Pour ceux qui voudrait aller sur le site de l&rsquo;Opinion : <a href=\"http:\/\/www.lopinion.fr\/26-fevrier-2014\/europe-dette-chomage-michel-rocard-dit-angoisse-9659\">&lt;ICI&gt;<\/a><\/div>\n","protected":false},"excerpt":{"rendered":"<p>Mercredi 05\/03\/2014 \u00ab les menaces d\u00e9passant en gravit\u00e9 tous ce qu\u2019on a connu jusqu\u2019ici, les r\u00e9ponses doivent \u00eatre \u00e0 la hauteur \u00bb Michel Rocard Michel Rocard a donn\u00e9 cet avis sur le site du m\u00e9dia l&rsquo;Opinion. Pour pouvoir lire l&rsquo;article<\/p>\n","protected":false},"author":1,"featured_media":0,"comment_status":"closed","ping_status":"closed","sticky":false,"template":"","format":"standard","meta":{"footnotes":""},"categories":[1],"tags":[],"class_list":["post-628","post","type-post","status-publish","format-standard","hentry","category-motdujour"],"_links":{"self":[{"href":"https:\/\/lemotdujour.fr\/index.php?rest_route=\/wp\/v2\/posts\/628","targetHints":{"allow":["GET"]}}],"collection":[{"href":"https:\/\/lemotdujour.fr\/index.php?rest_route=\/wp\/v2\/posts"}],"about":[{"href":"https:\/\/lemotdujour.fr\/index.php?rest_route=\/wp\/v2\/types\/post"}],"author":[{"embeddable":true,"href":"https:\/\/lemotdujour.fr\/index.php?rest_route=\/wp\/v2\/users\/1"}],"replies":[{"embeddable":true,"href":"https:\/\/lemotdujour.fr\/index.php?rest_route=%2Fwp%2Fv2%2Fcomments&post=628"}],"version-history":[{"count":1,"href":"https:\/\/lemotdujour.fr\/index.php?rest_route=\/wp\/v2\/posts\/628\/revisions"}],"predecessor-version":[{"id":629,"href":"https:\/\/lemotdujour.fr\/index.php?rest_route=\/wp\/v2\/posts\/628\/revisions\/629"}],"wp:attachment":[{"href":"https:\/\/lemotdujour.fr\/index.php?rest_route=%2Fwp%2Fv2%2Fmedia&parent=628"}],"wp:term":[{"taxonomy":"category","embeddable":true,"href":"https:\/\/lemotdujour.fr\/index.php?rest_route=%2Fwp%2Fv2%2Fcategories&post=628"},{"taxonomy":"post_tag","embeddable":true,"href":"https:\/\/lemotdujour.fr\/index.php?rest_route=%2Fwp%2Fv2%2Ftags&post=628"}],"curies":[{"name":"wp","href":"https:\/\/api.w.org\/{rel}","templated":true}]}}