{"id":6278,"date":"2019-02-26T02:32:38","date_gmt":"2019-02-26T01:32:38","guid":{"rendered":"http:\/\/lemotdujour.fr\/?p=6278"},"modified":"2021-06-24T00:17:26","modified_gmt":"2021-06-23T22:17:26","slug":"mardi-26-fevrier-2019","status":"publish","type":"post","link":"https:\/\/lemotdujour.fr\/?p=6278","title":{"rendered":"Mardi 26 f\u00e9vrier 2019"},"content":{"rendered":"<div class=\"mdjTexte\">\t\u00ab&nbsp;R\u00e9flexions sur la question antis\u00e9mite&nbsp;\u00bb<\/div>\n<div class=\"mdjAuteur\">\tDelphine Horvilleur<\/div>\n<p><span style=\"color: #777777; font-family: Arial;\">Mais d&rsquo;o\u00f9 vient cette haine des juifs&nbsp;?<br \/>\n<\/span><\/p>\n<p><span style=\"color: #777777; font-family: Arial;\">Juste \u00e0 la sortie de la derni\u00e8re guerre, en 1946, apr\u00e8s le g\u00e9nocide, Jean-Paul Sartre publia un essai \u00ab&nbsp;<strong>R\u00e9flexions sur la question juive<\/strong>&nbsp;\u00bb.<br \/>\n<\/span><\/p>\n<p><span style=\"color: #777777; font-family: Arial;\">Ce livre se trouve en bonne place dans ma biblioth\u00e8que, au m\u00eame titre que \u00ab<span style=\"color: #0000ff;\">&nbsp;<a style=\"color: #0000ff;\" href=\"https:\/\/www.decitre.fr\/ebooks\/reflexions-sur-les-questions-juives-9782014606911_9782014606911_1.html\">R\u00e9flexions sur les questions juives&nbsp;<\/a><\/span>\u00bb d&rsquo;Annie Kriegel ou encore \u00ab&nbsp;<a href=\"https:\/\/livre.fnac.com\/a199434\/Bernard-Lewis-Semites-et-antisemites?omnsearchpos=1\"><span style=\"color: #0000ff;\">S\u00e9mites et antis\u00e9mites<\/span>&nbsp;<\/a>\u00bb de Bernard Lewis.<br \/>\n<\/span><\/p>\n<p><img loading=\"lazy\" decoding=\"async\" class=\"alignleft\" src=\"https:\/\/lemotdujour.fr\/wp-content\/uploads\/2019\/02\/022519_2131_Mardi26fvri1.jpg\" alt=\"\" width=\"164\" height=\"261\" align=\"left\"><span style=\"color: #777777; font-family: Arial;\">\u00ab&nbsp;R\u00e9flexions sur la question juive&nbsp;\u00bb de Sartre commence ainsi&nbsp;:<br \/>\n<\/span><\/p>\n<p style=\"margin-left: 28pt;\"><span style=\"color: #c00000; font-family: Arial;\">\u00abSi un homme attribue tout ou partie des malheurs du pays et de ses propres malheurs \u00e0 la pr\u00e9sence d&rsquo;\u00e9l\u00e9ments juifs dans la communaut\u00e9, s&rsquo;il propose de rem\u00e9dier \u00e0 cet \u00e9tat de choses en privant les juifs de certains de leurs droits ou en les \u00e9cartant de certaines fonctions \u00e9conomiques et sociales ou en les expulsant du territoire ou en les exterminant tous, on dit qu&rsquo;il a des <em>opinions<\/em> antis\u00e9mites. Ce mot d&rsquo;<strong><em>opinion<\/em><\/strong> fait r\u00eaver&#8230;<br \/>\n<\/span><\/p>\n<p style=\"margin-left: 28pt;\"><span style=\"color: #c00000; font-family: Arial;\">C&rsquo;est celui qu&#8217;emploie la ma\u00eetresse de maison pour mettre fin \u00e0 une discussion qui risque de s&rsquo;envenimer. Il sugg\u00e8re que tous les avis sont \u00e9quivalents, il rassure et donne aux pens\u00e9es une physionomie inoffensive en les assimilant \u00e0 des go\u00fbts.<br \/>\n<\/span><\/p>\n<p style=\"margin-left: 28pt;\"><span style=\"color: #c00000; font-family: Arial;\">Tous les go\u00fbts sont dans la nature, toutes les opinions sont permises ; des go\u00fbts, des couleurs, des opinions il ne faut pas discuter.<br \/>\n<\/span><\/p>\n<p style=\"margin-left: 28pt;\"><span style=\"color: #c00000; font-family: Arial;\">Au nom des institutions d\u00e9mocratiques, au nom de la libert\u00e9 d&rsquo;opinion, l&rsquo;antis\u00e9mite r\u00e9clame le droit de pr\u00eacher partout la croisade anti-juive.&nbsp;\u00bb<br \/>\n<\/span><\/p>\n<p><span style=\"color: #777777; font-family: Arial;\">Pour Jean-Paul Sartre, c&rsquo;est l&rsquo;antis\u00e9mite qui fait le juif, c&rsquo;est le regard d&rsquo;autrui qui fait du Juif, un Juif. Selon Sartre, pour mettre un terme \u00e0 l&rsquo;antis\u00e9mitisme ce n&rsquo;\u00e9tait pas le Juif qu&rsquo;il fallait changer mais l&rsquo;antis\u00e9mite. Sartre estimait qu&rsquo;il y a un antis\u00e9mitisme latent m\u00eame chez les esprits qui se veulent ouverts.<br \/>\n<\/span><\/p>\n<p><span style=\"color: #777777; font-family: Arial;\">Cette th\u00e8se a \u00e9t\u00e9 souvent d\u00e9cri\u00e9e comme le rapporte cet article de Mediapart &lt;<a href=\"https:\/\/blogs.mediapart.fr\/daniel-horowitz\/blog\/251013\/reflexions-sur-les-reflexions-sur-la-question-juive-de-sartre\"><span style=\"color: #0000ff;\">R\u00e9flexions sur les R\u00e9flexions sur la Question Juive de Sartr<\/span>e<\/a>&gt; parce que<br \/>\n<\/span><\/p>\n<p style=\"margin-left: 28pt;\"><span style=\"color: #c00000; font-family: Arial;\">\u00ab&nbsp;R\u00e9flexions sur la Question Juive\u00a0\u00bb est un essai publi\u00e9 en 1946 par Jean-Paul Sartre qui a souvent \u00e9t\u00e9 d\u00e9cri\u00e9 dans des milieux juifs parce que ceux-ci et manquait de profondeur.&nbsp;\u00bb<br \/>\n<\/span><\/p>\n<p><span style=\"color: #777777; font-family: Arial;\">Pourtant la lecture de Raymond Aron m&rsquo;avait confort\u00e9 dans cette th\u00e8se de son ancien condisciple de l&rsquo;Ecole Normale Sup\u00e9rieure de la rue d&rsquo;Ulm.<br \/>\n<\/span><\/p>\n<p><span style=\"color: #777777; font-family: Arial;\">En 1928, Aron est re\u00e7u premier \u00e0 l&rsquo;agr\u00e9gation de philosophie. Et il se rend \u00e0 partir de 1930 en Allemagne o\u00f9 il \u00e9tudie un an \u00e0 l&rsquo;universit\u00e9 de Cologne, puis de 1931 \u00e0 1933 \u00e0 Berlin, o\u00f9 il est pensionnaire de l&rsquo;Institut fran\u00e7ais et fr\u00e9quente l&rsquo;universit\u00e9 de Berlin. Il observe alors la mont\u00e9e du totalitarisme nazi.<br \/>\n<\/span><br \/>\n<span style=\"color: #777777; font-family: Arial;\">Dans son livre&nbsp;: \u00ab&nbsp;Le spectateur engag\u00e9&nbsp;\u00bb il raconte (page 34)&nbsp;:<br \/>\n<\/span><\/p>\n<p style=\"margin-left: 28pt;\"><span style=\"color: #c00000; font-family: Arial;\">\u00ab&nbsp;Quand je suis arriv\u00e9 en Allemagne, j&rsquo;\u00e9tais juif et je le savais mais, si j&rsquo;ose dire, je le savais tr\u00e8s peu. Ma conscience de ma jud\u00e9it\u00e9, comme on dit maintenant, \u00e9tait extraordinairement faible. Je n&rsquo;avais jamais \u00e9t\u00e9, dans une synagogue ou presque. [\u2026] en dehors du nationalisme qui \u00e9tait partag\u00e9 par d&rsquo;autres partis, [le nazisme] \u00e9tait singularis\u00e9 par l&rsquo;exc\u00e8s de l&rsquo;antis\u00e9mitisme, de telle sorte qu&rsquo;\u00e0 partir de cette ann\u00e9e-l\u00e0, 1930, je me suis toujours pr\u00e9sent\u00e9 d&rsquo;abord comme juif.&nbsp;\u00bb<br \/>\n<\/span><\/p>\n<p><span style=\"color: #777777; font-family: Arial;\">Il a aussi racont\u00e9 un autre \u00e9pisode v\u00e9cu en Allemagne \u00e0 cette \u00e9poque. Il faut savoir qu&rsquo;il \u00e9tait blond aux yeux bleus et ne correspondait pas \u00e0 l&rsquo;image que ce faisait beaucoup des pseudo-caract\u00e9ristiques physiques des juifs. Il \u00e9tait log\u00e9 par une femme allemande qui \u00e9tait tr\u00e8s influenc\u00e9 par les discours nazis. Et un jour qu&rsquo;elle avait encore dit tout le mal qu&rsquo;elle pensait des juifs, Raymond Aron lui demanda si elle \u00e9tait vraiment s\u00fbre que les juifs \u00e9taient si terribles qu&rsquo;elle les d\u00e9crivait. Et elle lui r\u00e9pondit&nbsp;: qu&rsquo;il \u00e9tait un brave gar\u00e7on et qu&rsquo;il ne les connaissait pas et ne pouvait donc pas s&rsquo;imaginer de quoi \u00ab&nbsp;ils&nbsp;\u00bb \u00e9taient capable. Si l&rsquo;\u00e9poque n&rsquo;avait pas \u00e9t\u00e9 aussi tragique, cette histoire pourrait \u00eatre dr\u00f4le.<br \/>\n<\/span><\/p>\n<p><span style=\"color: #777777; font-family: Arial;\">C&rsquo;est en r\u00e9f\u00e9rence au livre de Sartre que la rabbin lib\u00e9rale Delphine Horvilleur a nomm\u00e9 son dernier livre sur la haine des juifs&nbsp;:<span style=\"color: #0000ff;\"> <a style=\"color: #0000ff;\" href=\"https:\/\/www.laprocure.com\/reflexions-question-antisemite-delphine-horvilleur\/9782246815525.html\">&lt;R\u00e9flexions sur la question antis\u00e9mite&gt;<\/a><\/span><br \/>\n<\/span><\/p>\n<p><span style=\"color: #777777; font-family: Arial;\">Je trouve Delphine Horvilleur, l&rsquo;une des trois femmes rabbins de France, absolument remarquable pour son ouverture d&rsquo;esprit \u00e0 l&rsquo;\u00e9gard des autres pens\u00e9es et religions, pour son ouverture aussi sur les questions de sexualit\u00e9 sans tabou, de la f\u00e9minit\u00e9. Elle interroge les religions et la sienne sur ces sujets.<img decoding=\"async\" class=\"alignright\" src=\"https:\/\/lemotdujour.fr\/wp-content\/uploads\/2019\/02\/022519_2131_Mardi26fvri2.jpg\" alt=\"\" align=\"left\"><br \/>\n<\/span><\/p>\n<p><span style=\"color: #777777; font-family: Arial;\">Elle a notamment \u00e9crit avec l&rsquo;islamologue Rachid Benzine un livre de dialogue&nbsp;: \u00ab<span style=\"color: #0000ff;\">&nbsp;<a style=\"color: #0000ff;\" href=\"http:\/\/www.seuil.com\/ouvrage\/des-mille-et-une-facons-d-etre-juif-ou-musulman-delphine-horvilleur\/9782021349306\">Il y a mille et une fa\u00e7ons d&rsquo;\u00eatre juif ou musulman&nbsp;<\/a>\u00bb<\/span><br \/>\n<\/span><\/p>\n<p><span style=\"color: #777777; font-family: Arial;\">Rachid Benzine est l&rsquo;auteur du livre \u00ab&nbsp;<strong>Nour, pourquoi n&rsquo;ai-je rien vu venir ?<\/strong>&nbsp;\u00bb, dont j&rsquo;avais tir\u00e9 une phrase plusieurs fois r\u00e9p\u00e9t\u00e9e et inspirante&nbsp;:<br \/>\n<\/span><\/p>\n<p style=\"margin-left: 28pt;\"><span style=\"color: #c00000; font-family: Arial;\">\u00ab Le contraire de la connaissance, ce n&rsquo;est pas l&rsquo;ignorance mais les certitudes.\u00bb<br \/>\n<\/span><\/p>\n<p><span style=\"color: #777777; font-family: Arial;\">Il avait \u00e9galement \u00e9crit en 1998 avec le p\u00e8re Christian Delorme, dans le cadre d&rsquo;un dialogue islamo-catholique aux Minguettes, dans la banlieue de Lyon, un livre : <span style=\"color: #0000ff;\"><a style=\"color: #0000ff;\" href=\"http:\/\/www.decitre.fr\/ebooks\/nous-avons-tant-de-choses-a-nous-dire-pour-un-vrai-dialogue-entre-chretiens-et-musulmans-9782226291561_9782226291561_16.html\">Nous avons tant de choses \u00e0 nous dire<\/a>,<\/span><br \/>\n<\/span><\/p>\n<p><span style=\"color: #777777; font-family: Arial;\">Delphine Horvilleur et Rachid Benzine pr\u00e9sentent ainsi leur livre commun&nbsp;:<br \/>\n<\/span><\/p>\n<p style=\"margin-left: 28pt;\"><span style=\"color: #c00000; font-family: Arial;\">\u00ab&nbsp;Nous avons tous deux compris que la Bible et le Coran n&rsquo;\u00e9taient pas \u00e9trangers l&rsquo;un \u00e0 l&rsquo;autre. Et tous deux nous revendiquons la libert\u00e9 de la recherche et de la parole religieuses : une libert\u00e9 responsable, qui prend en charge les questions et affronte les conflits.<br \/>\n<\/span><\/p>\n<p style=\"margin-left: 28pt;\"><span style=\"color: #c00000; font-family: Arial;\">Or, de nos jours, partout des fondamentalismes et des mouvements identitaires se pr\u00e9valent de traditions anciennes qu&rsquo;ils croient pouvoir faire remonter aux origines de leur foi.<br \/>\n<\/span><\/p>\n<p style=\"margin-left: 28pt;\"><span style=\"color: #c00000; font-family: Arial;\">Nous en sommes convaincus : \u00eatre \u00ab h\u00e9ritier \u00bb ne consiste pas \u00e0 mettre ce qui a \u00e9t\u00e9 re\u00e7u dans un coffre ferm\u00e9 \u00e0 cl\u00e9, mais \u00e0 le faire fructifier. Cela ne consiste pas \u00e0 reproduire \u00e0 l&rsquo;identique ce qui a \u00e9t\u00e9 re\u00e7u, mais \u00e0 le renouveler.<br \/>\n<\/span><\/p>\n<p style=\"margin-left: 28pt;\"><span style=\"color: #c00000; font-family: Arial;\">Nous esp\u00e9rons que notre parole libre et r\u00e9solument fraternelle fera surgir beaucoup d&rsquo;autres paroles libres et fraternelles !&nbsp;\u00bb<br \/>\n<\/span><\/p>\n<p><span style=\"color: #777777; font-family: Arial;\">Pour parler de <span style=\"color: #0000ff;\"><a style=\"color: #0000ff;\" href=\"https:\/\/www.laprocure.com\/reflexions-question-antisemite-delphine-horvilleur\/9782246815525.html\">&lt;R\u00e9flexions sur la question antis\u00e9mite&gt;<\/a><\/span>, Delphine Horvilleur avait \u00e9t\u00e9 invit\u00e9e par Alexandra Bensaid sur France Inter <span style=\"color: #0000ff;\"><a style=\"color: #0000ff;\" href=\"https:\/\/www.franceinter.fr\/emissions\/l-invite-de-7h50\/l-invite-de-7h50-04-janvier-2019\">&lt;vendredi 4 janvier 2019&gt;<\/a><\/span><br \/>\n<\/span><\/p>\n<p><span style=\"color: #777777; font-family: Arial;\">Dans cette \u00e9mission, elle a dit fort justement que<br \/>\n<\/span><\/p>\n<p style=\"margin-left: 28pt;\"><span style=\"color: #c00000; font-family: Arial;\">\u00ab&nbsp;L&rsquo;antis\u00e9mitisme n&rsquo;est pas le probl\u00e8me des juifs mais d&rsquo;une nation.&nbsp;<\/span><span style=\"color: #c00000; font-family: Arial;\">[&#8230;] le marqueur d&rsquo;une nation en faillite, comme le r\u00f4le du canari dans la mine&nbsp;\u00bb<br \/>\n<\/span><\/p>\n<p><span style=\"color: #777777; font-family: Arial;\">On sait, en effet, qu&rsquo;avant les techniques modernes capables de d\u00e9tecter la pr\u00e9sence de gaz, les mineurs avaient recours au canari sensible aux \u00e9manations de gaz. Lorsque le canari s&rsquo;agitait ou mourait, le mineur savait qu&rsquo;il fallait remonter rapidement vers la surface !<br \/>\n<\/span><\/p>\n<p><span style=\"color: #777777; font-family: Arial;\">\u00ab&nbsp;<a href=\"https:\/\/www.philomag.com\/les-livres\/lessai-du-mois\/reflexions-sur-la-question-antisemite-37340\"><span style=\"color: #0000ff;\">PHILOSOPHIE MAGAZINE<\/span><strong>&nbsp;<\/strong><\/a><strong>\u00bb <\/strong>explique que pour Delphine Horvilleur<strong><br \/>\n<\/strong>Il n&rsquo;y a pas de question juive, il n&rsquo;y a qu&rsquo;une question antis\u00e9mite. Elle reprend quelque peu la r\u00e9flexion de Jean-Paul Sartre que c&rsquo;est le regard de l&rsquo;autre qui fabrique le Juif. Mais son point de vue essentiel n&rsquo;est pas d&rsquo;approfondir la mani\u00e8re dont l&rsquo;antis\u00e9mite \u00ab\u202ffait\u202f\u00bb le Juif, mais plut\u00f4t de s&rsquo;int\u00e9resser \u00e0 savoir comment le Juif voit l&rsquo;antis\u00e9mite, comment la conscience juive vit avec ce qui veut sa perte. Il s&rsquo;agit donc plut\u00f4t de \u00ab\u202f<strong>r\u00e9flexions juives sur la question antis\u00e9mite<\/strong>\u202f\u00bb conclut le magazine.<br \/>\n<\/span><\/p>\n<p><span style=\"color: #777777; font-family: Arial;\">Delphine Horvilleur distingue, selon moi avec beaucoup de pertinence le racisme et l&rsquo;antis\u00e9mitisme.<br \/>\n<\/span><\/p>\n<p style=\"margin-left: 28pt;\"><span style=\"color: #c00000; font-family: Arial;\">\u00ab&nbsp; Le racisme est un m\u00e9pris, l&rsquo;antis\u00e9mitisme est une jalousie, le premier s&rsquo;exprime de haut, le second d&rsquo;en bas ou de c\u00f4t\u00e9, l&rsquo;un est un rejet du barbare, l&rsquo;autre une \u00ab\u202frivalit\u00e9 familiale\u202f\u00bb. La diff\u00e9rence de couleur de peau ou de culture est vue comme \u00ab\u202fquelque chose en moins\u202f\u00bb, que l&rsquo;autre n&rsquo;a pas pour \u00eatre \u00ab\u202fcomme nous\u202f\u00bb\u2009; au Juif, on reproche au contraire d&rsquo;avoir \u00ab\u202fquelque chose en plus\u202f\u00bb, sans doute usurp\u00e9, qu&rsquo;il accaparerait en en l\u00e9sant le monde commun. M\u00eame pauvre, discrimin\u00e9, victime du pire, il est encore \u00ab\u202ftrop\u202f\u00bb\u2009: \u00ab\u202flitt\u00e9ralement, il m&rsquo;exc\u00e8de\u202f\u00bb<br \/>\n<\/span><\/p>\n<p><span style=\"color: #777777; font-family: Arial;\">Par la haine des Juifs, l&rsquo;antis\u00e9mite leur reproche tout et son contraire et \u00e9chappe \u00e0 toute logique.<br \/>\n<\/span><\/p>\n<p><span style=\"color: #777777; font-family: Arial;\">Delphine Horvilleur \u00e9crit qu&rsquo;\u00ab <span style=\"color: #c00000;\">il est peut-\u00eatre vain et immoral de lui chercher des modalit\u00e9s explicatives, ou d&rsquo;analyser le raisonnement de ses agents. Inutile, \u00e0 moins d&rsquo;interroger ce que le haineux ex\u00e8cre exactement \u00e0 travers le Juif, et de quoi sa d\u00e9testation est le nom<span style=\"color: #777777;\"> \u00bb.<br \/>\n<\/span><\/span><\/span><\/p>\n<p><span style=\"color: #777777; font-family: Arial;\">Quand on se rappelle des perversions politiques du XX\u00e8me si\u00e8cle, on se souvient qu&rsquo;on reprochait aux juifs d&rsquo;avoir amen\u00e9 le communisme et les communistes accusaient les juifs de soutenir les banques et les puissances de l&rsquo;argent. Les r\u00e9gimes sovi\u00e9tiques ont aussi pers\u00e9cut\u00e9s les juifs.<br \/>\n<\/span><\/p>\n<p><span style=\"color: #777777; font-family: Arial;\">Et je cite encore Philosophie magazine&nbsp;:<br \/>\n<\/span><\/p>\n<p style=\"margin-left: 28pt;\"><span style=\"color: #c00000; font-family: Arial;\">\u00ab&nbsp;La haine du Juif s&rsquo;accroche \u00e0 la permanence de plusieurs th\u00e8mes. Retenons-en un, qui tient \u00e0 c\u0153ur \u00e0 la premi\u00e8re rabbin femme de France\u2009: la misogynie. Que ce soit par la m\u00e9taphore de l&rsquo;ulc\u00e8re (le trou) ou celle de la coupure (la circoncision), par lesquelles il est d\u00e9crit, le Juif repr\u00e9sente le f\u00e9minin qui angoisse la virilit\u00e9 des hommes. \u00bb<br \/>\n<\/span><\/p>\n<p><span style=\"color: #777777; font-family: Arial;\">Et elle fait le tour des h\u00e9ros juifs face aux fantasmes de puissance&nbsp;:<br \/>\n<\/span><\/p>\n<ul style=\"margin-left: 64pt;\">\n<li><span style=\"color: #c00000; font-family: Arial;\">Jacob, le doux, l&rsquo;imberbe, est pr\u00e9f\u00e9r\u00e9 \u00e0 Esa\u00fc, le fort, le poilu, pour conduire le peuple d&rsquo;Isra\u00ebl\u2009;<br \/>\n<\/span><\/li>\n<li><span style=\"color: #c00000; font-family: Arial;\">les h\u00e9ros juifs sont boiteux (Jacob),<br \/>\n<\/span><\/li>\n<li><span style=\"color: #c00000; font-family: Arial;\">aveugles (Isaac),<br \/>\n<\/span><\/li>\n<li><span style=\"color: #c00000; font-family: Arial;\">b\u00e8gues (Mo\u00efse),<br \/>\n<\/span><\/li>\n<li><span style=\"color: #c00000; font-family: Arial;\">st\u00e9riles (Abraham).<br \/>\n<\/span><\/li>\n<\/ul>\n<p><span style=\"color: #777777; font-family: Arial;\">Elle a raison, cette galerie des h\u00e9ros juifs est une collection d&rsquo;anti-h\u00e9ros auxquel il manque toujours quelque chose. Ils ne sont jamais des symboles de virilit\u00e9.<br \/>\n<\/span><\/p>\n<p><span style=\"color: #777777; font-family: Arial;\">\u00ab&nbsp;LE MONDE DES RELIGIONS&nbsp;\u00bb approfondit l&rsquo;explication psychanalytique ainsi qu&rsquo;une mont\u00e9e de haine venue de minorit\u00e9s contre une autre minorit\u00e9&nbsp;: <a href=\"http:\/\/www.lemondedesreligions.fr\/une\/delphine-horvilleur-le-juif-renvoie-l-antisemite-a-sa-peur-de-la-castration-13-02-2019-7829_115.php\"><span style=\"color: #0000ff;\">&lt;Le juif renvoie l&rsquo;antis\u00e9mite \u00e0 sa peur de la castration&gt;<\/span><\/a><br \/>\n<\/span><\/p>\n<p><span style=\"color: #777777; font-family: Arial;\">Et l&rsquo;autre piste que suit la rabbin est celle de la menace que fantasme l&rsquo;antis\u00e9mite que \u00ab&nbsp;les juifs&nbsp;\u00bb emp\u00eachent un groupe, une nation d&rsquo;\u00eatre un tout homog\u00e8ne.<br \/>\n<\/span><\/p>\n<p><span style=\"color: #777777; font-family: Arial;\">D\u00e8s lors, ce que hait l&rsquo;antis\u00e9mite est ce \u00ab\u202fpas-tout\u202f\u00bb qui emp\u00eache le groupe, ou la nation, ou l&rsquo;Empire, de faire bloc, de se penser comme total, Un, pur. L&rsquo;antis\u00e9mitisme est la logique mortif\u00e8re selon laquelle \u00abpour que le monde soit en paix, il faudrait se d\u00e9barrasser de ce qui divise, et que le juif incarne\u00bb. C&rsquo;est la crainte que le Tout (religion universelle, nation) auquel les antis\u00e9mites veulent appartenir soit menac\u00e9 dans son int\u00e9grit\u00e9. C&rsquo;est une angoisse identitaire dont rien n&rsquo;indique qu&rsquo;elle ait cess\u00e9 d&rsquo;\u00eatre actuelle.<br \/>\n<\/span><\/p>\n<p><span style=\"color: #777777; font-family: Arial;\">Le journal \u00ab&nbsp;LIBERATION&nbsp;\u00bb a \u00e9galement consacr\u00e9 une interview \u00e0 Delphine Horvilleur sur son livre&nbsp;: <strong>\u00ab<a href=\"https:\/\/www.liberation.fr\/debats\/2019\/01\/08\/delphine-horvilleur-l-antisemitisme-n-est-jamais-une-haine-isolee-mais-le-premier-symptome-d-un-effo_1701671\"><span style=\"color: #0000ff;\">L&rsquo;antis\u00e9mitisme n&rsquo;est jamais une haine isol\u00e9e, mais le premier sympt\u00f4me d&rsquo;un effondrement \u00e0 venir<\/span><\/a>\u00bb<br \/>\n<\/strong><\/span><\/p>\n<p><span style=\"color: #777777; font-family: Arial;\">J&rsquo;en tire les extraits suivants&nbsp;:<br \/>\n<\/span><\/p>\n<p><span style=\"color: #777777; font-family: Arial;\"><em>Quand avez-vous commenc\u00e9 \u00e0 vous int\u00e9resser \u00e0 l&rsquo;antis\u00e9mitisme ?<br \/>\n<\/em><\/span><\/p>\n<p style=\"margin-left: 28pt;\"><span style=\"color: #c00000; font-family: Arial;\">\u00ab&nbsp;L&rsquo;antis\u00e9mitisme hantait mon histoire familiale mais j&rsquo;ai longtemps pens\u00e9 que ma g\u00e9n\u00e9ration en serait prot\u00e9g\u00e9e. En mai 1990, il y a une bascule au moment de la profanation du cimeti\u00e8re de Carpentras. Je repense souvent \u00e0 la manifestation nationale que Carpentras a suscit\u00e9e. Pr\u00e8s de trente ans plus tard, lorsque des st\u00e8les juives sont profan\u00e9es, comme ce fut le cas il y a moins d&rsquo;un mois pr\u00e8s de Strasbourg, personne ou presque ne le mentionne. Quelque chose d&rsquo;absolument anormal est aujourd&rsquo;hui tomb\u00e9e dans la banalit\u00e9. Mon besoin d&rsquo;\u00e9crire sur l&rsquo;antis\u00e9mitisme est li\u00e9 \u00e0 son regain, mais pas uniquement. Penser le juda\u00efsme pousse n\u00e9cessairement \u00e0 s&rsquo;interroger sur les origines de la haine antijuive \u00e0 travers l&rsquo;histoire, m\u00eame si je ne crois pas &#8211; et c&rsquo;est pour cela qu&rsquo;il m&rsquo;importait de d\u00e9tourner le titre de l&rsquo;essai de Jean-Paul Sartre &#8211; que ce soit l&rsquo;antis\u00e9mite qui fasse le juif.&nbsp;\u00bb<br \/>\n<\/span><\/p>\n<p><span style=\"color: #777777; font-family: Arial;\"><em>Quel est le ressort de ce regain ?<br \/>\n<\/em><\/span><\/p>\n<p style=\"margin-left: 28pt;\"><span style=\"color: #c00000; font-family: Arial;\">\u00ab&nbsp;L&rsquo;antis\u00e9mitisme n&rsquo;est jamais une haine isol\u00e9e, mais le premier sympt\u00f4me d&rsquo;un effondrement \u00e0 venir. Il est bien souvent la premi\u00e8re exposition d&rsquo;une faille plus large, mais il est rarement interpr\u00e9t\u00e9 comme annonciateur au moment o\u00f9 il frappe. Les attentats de novembre 2015 suivent de quelques mois la prise d&rsquo;otages \u00e0 l&rsquo;Hyper Cacher de Vincennes et de quelques ann\u00e9es la tuerie \u00e0 l&rsquo;\u00e9cole juive de Toulouse. Mais, \u00e9videmment, en 2012, personne ne peut le formuler ainsi. Depuis cette date, une question me hante : pourquoi, lorsque furent assassin\u00e9s des enfants dans une \u00e9cole, la France n&rsquo;\u00e9tait-elle pas dans la rue ? Etait-elle anesth\u00e9si\u00e9e, aveugl\u00e9e ou indiff\u00e9rente ? Cet attentat donne alors lieu \u00e0 des <img loading=\"lazy\" decoding=\"async\" class=\"alignleft\" src=\"https:\/\/lemotdujour.fr\/wp-content\/uploads\/2019\/02\/022519_2131_Mardi26fvri3.jpg\" alt=\"\" width=\"190\" height=\"300\" align=\"left\">discours incroyablement d\u00e9plac\u00e9s : on \u00e9voquait l&rsquo;importation suppos\u00e9e du conflit moyen-oriental ou des \u00abtensions intercommunautaires\u00bb pour masquer l&rsquo;horreur. L&rsquo;absence de r\u00e9action collective reste une \u00e9nigme insurmontable.&nbsp;\u00bb<br \/>\n<\/span><\/p>\n<p><span style=\"color: #777777; font-family: Arial;\"><em>En quoi l&rsquo;antis\u00e9mitisme est-il diff\u00e9rent du racisme ?<br \/>\n<\/em><\/span><\/p>\n<p style=\"margin-left: 28pt;\"><span style=\"color: #c00000; font-family: Arial;\">\u00ab&nbsp;On entretient une confusion en associant racisme et antis\u00e9mitisme et \u00e0 moins d&rsquo;entrer dans une comp\u00e9tition victimaire, il ne s&rsquo;agit pas de dire que l&rsquo;un est plus grave que l&rsquo;autre. Le racisme est souvent affaire de complexe de sup\u00e9riorit\u00e9 : je poss\u00e9derais quelque chose qu&rsquo;un autre n&rsquo;a pas ou moins que moi. L&rsquo;antis\u00e9mitisme, au contraire, se construit sur une forme d&rsquo;inf\u00e9riorit\u00e9 ressentie. On reproche aux juifs d&rsquo;\u00eatre plus ou d&rsquo;avoir plus. Le juif est toujours accus\u00e9 d&rsquo;avoir un peu trop de pouvoir, ou bien d&rsquo;\u00eatre trop proche du pouvoir &#8211; on l&rsquo;a entendu ici et l\u00e0 dans des slogans antis\u00e9mites scand\u00e9s en marge des manifestations des gilets jaunes. On soup\u00e7onne les juifs d&rsquo;avoir un peu trop le contr\u00f4le, l&rsquo;argent, la force et la baraka. Il y a toujours l&rsquo;id\u00e9e que le juif est l\u00e0 o\u00f9 je devrais \u00eatre, qu&rsquo;il a ce que je devrais avoir, qu&rsquo;il est ce que je pourrais devenir. Peu importe que cela soit un fantasme. Peu importe qu&rsquo;on puisse d\u00e9montrer qu&rsquo;il y a des juifs pauvres, qui n&rsquo;ont ni influence ni pouvoir. Rien ne pourra \u00e9branler cette conviction d\u00e9lirante, qui permet \u00e0 certains de colmater les f\u00ealures de leur existence. Dans tous les discours antis\u00e9mites \u00e0 travers les si\u00e8cles, le juif repr\u00e9sente la porosit\u00e9 ou la coupure qui emp\u00eache de se sentir en compl\u00e9tude. Quand un groupe ou une nation se per\u00e7oit en faillite, l&rsquo;antis\u00e9mitisme est l&rsquo;\u00e9nonc\u00e9 le plus classique de sa tentative de reconstruction. C&rsquo;est une consolidation identitaire qui se fait sur le dos d&rsquo;un autre.&nbsp;\u00bb<br \/>\n<\/span><\/p>\n<p><span style=\"color: #777777; font-family: Arial;\"><em>Mais n&rsquo;existe-t-il pas un communautarisme juif tout aussi clos sur lui-m\u00eame ?<br \/>\n<\/em><\/span><\/p>\n<p style=\"margin-left: 28pt;\"><span style=\"color: #c00000; font-family: Arial;\">\u00ab&nbsp;Le communautarisme touche aujourd&rsquo;hui tout le monde, et les juifs n&rsquo;y \u00e9chappent pas. La menace qui p\u00e8se sur un groupe dont les lieux de culte et les \u00e9coles doivent \u00eatre prot\u00e9g\u00e9s n&rsquo;est pas de nature \u00e0 inviter \u00e0 ce que les portes s&rsquo;ouvrent. Toutefois, il importe de ne pas renverser les responsabilit\u00e9s : ce repli n&rsquo;est pas la cause de l&rsquo;antis\u00e9mitisme. De fa\u00e7on troublante, ce sont lors des moments dans l&rsquo;Histoire o\u00f9 les juifs ont \u00e9t\u00e9 les plus assimil\u00e9s que l&rsquo;antis\u00e9mitisme a \u00e9t\u00e9 le plus virulent. Ce fut le cas en Allemagne au d\u00e9but du si\u00e8cle dernier.&nbsp;\u00bb<br \/>\n<\/span><\/p>\n<p><span style=\"color: #777777; font-family: Arial;\">Il s&rsquo;agit d&rsquo;un article assez long \u00e9crit par la journaliste de Lib\u00e9ration, Anne Diatkine et qui aborde de mani\u00e8re approfondie les questions sur l&rsquo;identit\u00e9 juive tout en affirmant qu&rsquo;elle est difficile \u00e0 cerner.<br \/>\n<\/span><\/p>\n<p><span style=\"color: #777777; font-family: Arial;\">Pour \u00e9crire ce mot du jour, je me suis encore inspir\u00e9 des articles suivants&nbsp;:<br \/>\n<\/span><\/p>\n<p><span style=\"color: #777777; font-family: Arial;\">De M\u00e9diapart&nbsp;: \u00ab<a href=\"https:\/\/www.mediapart.fr\/journal\/culture-idees\/120219\/delphine-horvilleur-l-antisemite-travers-les-siecles-est-toujours-un-integriste?onglet=full\"><span style=\"color: #0000ff;\">L&rsquo;antis\u00e9mite \u00e0 travers les si\u00e8cles est toujours un int\u00e9griste<\/span><\/a>\u00bb<br \/>\n<\/span><\/p>\n<p><span style=\"color: #777777; font-family: Arial;\">L&rsquo;Obs&nbsp;: \u00ab&nbsp;<a href=\"https:\/\/bibliobs.nouvelobs.com\/idees\/20190213.OBS0088\/qu-est-ce-que-l-antisemitisme-la-reponse-de-delphine-horvilleur.html\"><span style=\"color: #0000ff;\">Qu&rsquo;est-ce que l&rsquo;antis\u00e9mitisme&nbsp;<\/span><\/a>\u00bb<br \/>\n<\/span><\/p>\n<p><span style=\"color: #777777; font-family: Arial;\">&lt;<span style=\"color: #800000;\">1198&gt;<\/span><\/span><\/p>\n","protected":false},"excerpt":{"rendered":"<p>\u00ab&nbsp;R\u00e9flexions sur la question antis\u00e9mite&nbsp;\u00bb Delphine Horvilleur Mais d&rsquo;o\u00f9 vient cette haine des juifs&nbsp;? Juste \u00e0 la sortie de la derni\u00e8re guerre, en 1946, apr\u00e8s le g\u00e9nocide, Jean-Paul Sartre publia un essai \u00ab&nbsp;R\u00e9flexions sur la question juive&nbsp;\u00bb. Ce livre se<\/p>\n","protected":false},"author":1,"featured_media":0,"comment_status":"open","ping_status":"closed","sticky":false,"template":"","format":"standard","meta":{"footnotes":""},"categories":[1],"tags":[134,15,7],"class_list":["post-6278","post","type-post","status-publish","format-standard","hentry","category-motdujour","tag-antisemitisme","tag-france","tag-societe"],"_links":{"self":[{"href":"https:\/\/lemotdujour.fr\/index.php?rest_route=\/wp\/v2\/posts\/6278","targetHints":{"allow":["GET"]}}],"collection":[{"href":"https:\/\/lemotdujour.fr\/index.php?rest_route=\/wp\/v2\/posts"}],"about":[{"href":"https:\/\/lemotdujour.fr\/index.php?rest_route=\/wp\/v2\/types\/post"}],"author":[{"embeddable":true,"href":"https:\/\/lemotdujour.fr\/index.php?rest_route=\/wp\/v2\/users\/1"}],"replies":[{"embeddable":true,"href":"https:\/\/lemotdujour.fr\/index.php?rest_route=%2Fwp%2Fv2%2Fcomments&post=6278"}],"version-history":[{"count":12,"href":"https:\/\/lemotdujour.fr\/index.php?rest_route=\/wp\/v2\/posts\/6278\/revisions"}],"predecessor-version":[{"id":11639,"href":"https:\/\/lemotdujour.fr\/index.php?rest_route=\/wp\/v2\/posts\/6278\/revisions\/11639"}],"wp:attachment":[{"href":"https:\/\/lemotdujour.fr\/index.php?rest_route=%2Fwp%2Fv2%2Fmedia&parent=6278"}],"wp:term":[{"taxonomy":"category","embeddable":true,"href":"https:\/\/lemotdujour.fr\/index.php?rest_route=%2Fwp%2Fv2%2Fcategories&post=6278"},{"taxonomy":"post_tag","embeddable":true,"href":"https:\/\/lemotdujour.fr\/index.php?rest_route=%2Fwp%2Fv2%2Ftags&post=6278"}],"curies":[{"name":"wp","href":"https:\/\/api.w.org\/{rel}","templated":true}]}}