{"id":6266,"date":"2019-02-25T01:06:45","date_gmt":"2019-02-25T00:06:45","guid":{"rendered":"http:\/\/lemotdujour.fr\/?p=6266"},"modified":"2021-06-24T00:18:13","modified_gmt":"2021-06-23T22:18:13","slug":"lundi-25-fevrier-2019","status":"publish","type":"post","link":"https:\/\/lemotdujour.fr\/?p=6266","title":{"rendered":"Lundi 25 f\u00e9vrier 2019"},"content":{"rendered":"<div class=\"mdjTexte\">\t\u00ab&nbsp;La haine des juifs&nbsp;\u00bb<\/div>\n<div class=\"mdjAuteur\">\tR\u00e9flexions sur une abomination qui remonte \u00e0 la nuit des temps et subsiste dans nos soci\u00e9t\u00e9s modernes<\/div>\n<p><span style=\"color: #777777; font-family: Arial;\">Ils ont os\u00e9&nbsp;!&nbsp;:<br \/>\n<\/span><\/p>\n<ul>\n<li><span style=\"color: #777777; font-family: Arial;\">Peindre des croix gamm\u00e9es sur le visage peint de Simone Veil !<br \/>\n<\/span><\/li>\n<li><span style=\"color: #777777; font-family: Arial;\">Couper les arbres en m\u00e9moire d&rsquo;Ilan Halimi !<br \/>\n<\/span><\/li>\n<li><span style=\"color: #777777; font-family: Arial;\">Marquer le graffiti \u00ab Juden \u00bb sur un magasin de l&rsquo;enseigne Bagelstein sur l&rsquo;\u00eele Saint-Louis !<br \/>\n<\/span><\/li>\n<\/ul>\n<p><img decoding=\"async\" class=\"alignleft\" src=\"https:\/\/lemotdujour.fr\/wp-content\/uploads\/2019\/02\/022419_2106_Lundi25fvri1.jpg\" alt=\"\" align=\"left\"><span style=\"color: #777777; font-family: Arial;\">Le minist\u00e8re de l&rsquo;Int\u00e9rieur a mesur\u00e9 74 % d&rsquo;augmentation des actes antis\u00e9mites en 2018, en France.<br \/>\n<\/span><\/p>\n<p><span style=\"color: #777777; font-family: Arial;\">Je trouve plus percutant et plus juste de parler de la \u00ab&nbsp;<strong>haine des juifs<\/strong>&nbsp;\u00bb.<br \/>\n<\/span><\/p>\n<p><span style=\"color: #777777; font-family: Arial;\">Mais plut\u00f4t que de m&rsquo;\u00e9tendre sur les chiffres et l&rsquo;argumentation par les nombres, je m&rsquo;arr\u00eaterai d&rsquo;abord sur un certain nombre d&rsquo;actes sordides et r\u00e9v\u00e9lateurs de la haine et de l&rsquo;incommensurable b\u00eatise de certains.<br \/>\n<\/span><\/p>\n<p><span style=\"color: #777777; font-family: Arial;\">Ainsi ces croix gamm\u00e9es, couvrant le visage de Simone Veil.<br \/>\n<\/span><\/p>\n<p><span style=\"color: #777777; font-family: Arial;\">Des croix gamm\u00e9es&nbsp;! Le symbole des nazis eux qui ont industrialis\u00e9 la haine des juifs et sont all\u00e9s le plus loin dans l&rsquo;abject et la d\u00e9shumanisation des comportements.<br \/>\n<\/span><\/p>\n<p><span style=\"color: #777777; font-family: Arial;\">Les nazis qui ont assassin\u00e9 le p\u00e8re, la m\u00e8re et le fr\u00e8re de Simone Veil et l&rsquo;ont martyris\u00e9 dans les camps de la honte de la race humaine.<br \/>\n<\/span><\/p>\n<p><span style=\"color: #777777; font-family: Arial;\">Il n&rsquo;y a pas de &nbsp;justification, pas d&rsquo;explication possible devant de tels actes de m\u00e9chancet\u00e9 absolue.<br \/>\n<\/span><\/p>\n<p><span style=\"color: #777777; font-family: Arial;\">Simone Veil qui apr\u00e8s ce qu&rsquo;elle avait v\u00e9cu, avait comme r\u00e9ponse men\u00e9 le combat de la r\u00e9conciliation avec l&rsquo;Allemagne et la construction europ\u00e9enne.<br \/>\n<\/span><\/p>\n<p><span style=\"color: #777777; font-family: Arial;\">Elle qui \u00e9crivait dans son livre \u00ab&nbsp;<a href=\"https:\/\/www.babelio.com\/livres\/Veil-Une-vie\/36438\"><span style=\"color: #0000ff;\">Une Vie<\/span>&nbsp;<\/a>\u00bb&nbsp;:<br \/>\n<\/span><\/p>\n<p style=\"margin-left: 28pt;\"><span style=\"color: #c00000; font-family: Arial;\">\u00ab&nbsp;Venus de tous les continents, croyants et non-croyants, nous appartenons tous \u00e0 la m\u00eame plan\u00e8te, \u00e0 la communaut\u00e9 des hommes. Nous devons \u00eatre vigilants, et la d\u00e9fendre non seulement contre les forces de la nature qui la menacent, mais encore davantage contre la folie des hommes.&nbsp;\u00bb<br \/>\n<\/span><\/p>\n<p><span style=\"color: #777777; font-family: Arial;\">Et que dire de <span style=\"color: #0000ff;\"><a style=\"color: #0000ff;\" href=\"http:\/\/www.leparisien.fr\/essonne-91\/essonne-vive-emotion-pour-l-hommage-a-ilan-halimi-deux-jours-apres-la-profanation-du-site-13-02-2019-8011086.php\">la profanation du site et des arbres<\/a> <\/span>qui avaient \u00e9t\u00e9 plant\u00e9es en m\u00e9moire d&rsquo;Ilan Halimi.<br \/>\n<\/span><\/p>\n<p><span style=\"color: #777777; font-family: Arial;\">Ilan Halimi avait \u00e9t\u00e9 attir\u00e9 en 2006 dans un guet-apens par le gang des barbares dirig\u00e9 par Youssouf Fofana. Il a \u00e9t\u00e9 s\u00e9questr\u00e9 et tortur\u00e9 pendant 24 jours parce qu&rsquo;il \u00e9tait juif et parce que les \u00ab&nbsp;juifs sont riches&nbsp;\u00bb et que ces criminels esp\u00e9raient pouvoir toucher une ran\u00e7on. Mais ce crime a \u00e9t\u00e9 encore plus odieux par des tortures inflig\u00e9es uniquement par la haine des juifs que ces malades portaient dans leur esprit malade.<br \/>\n<\/span><\/p>\n<p><span style=\"color: #777777; font-family: Arial;\">Les parents d&rsquo;Ilan Halimi n&rsquo;\u00e9taient pas riches. Et m\u00eame s&rsquo;ils avaient \u00e9t\u00e9 riches, rien ne peut justifier cette barbarie, ces actes d&rsquo;inhumanit\u00e9.<br \/>\n<\/span><\/p>\n<p><img decoding=\"async\" class=\"alignright\" src=\"https:\/\/lemotdujour.fr\/wp-content\/uploads\/2019\/02\/022419_2106_Lundi25fvri2.jpg\" alt=\"\" align=\"left\"><span style=\"color: #777777; font-family: Arial;\">M\u00eame la mort n&rsquo;a pas arr\u00eat\u00e9 la b\u00eatise et haine de s&rsquo;acharner.<br \/>\n<\/span><\/p>\n<p><span style=\"color: #777777; font-family: Arial;\">Une st\u00e8le avait \u00e9t\u00e9 \u00e9rig\u00e9e dans un parc de Bagneux en 2011. Une premi\u00e8re fois profan\u00e9e en 2015 et r\u00e9habilit\u00e9e. Elle a \u00e9t\u00e9 <a href=\"https:\/\/www.la-croix.com\/France\/Colere-indignation-profanation-stele-dIlan-Halimi-2017-11-02-1200888990\"><span style=\"color: #0000ff;\">une seconde fois souill\u00e9e en 2017<\/span><\/a> couverte d&rsquo;une croix gamm\u00e9e, le slogan \u00ab lib\u00e9rez Fofana \u00bb et le nom \u00ab Hitler \u00bb \u00e9tant inscrits sur la st\u00e8le.<br \/>\n<\/span><\/p>\n<p><span style=\"color: #777777; font-family: Arial;\">Et <a href=\"http:\/\/www.leparisien.fr\/essonne-91\/essonne-vive-emotion-pour-l-hommage-a-ilan-halimi-deux-jours-apres-la-profanation-du-site-13-02-2019-8011086.php\"><span style=\"color: #0000ff;\">en f\u00e9vrier 2019<\/span><\/a><span style=\"color: #0000ff;\">,<\/span> deux arbres qui avaient \u00e9t\u00e9 plant\u00e9s, en 2007 et 2016, en son honneur ont \u00e9t\u00e9 retrouv\u00e9s coup\u00e9s.<br \/>\n<\/span><\/p>\n<p><span style=\"color: #777777; font-family: Arial;\">Ces arbres se trouvaient sur le site, le long de la voie ferr\u00e9e, \u00e0 quelques m\u00e8tres de la gare de Sainte-Genevi\u00e8ve-des-Bois, o\u00f9 son corps nu, tortur\u00e9, br\u00fbl\u00e9, avait \u00e9t\u00e9 d\u00e9couvert par une conductrice un matin de f\u00e9vrier 2006.<br \/>\n<\/span><\/p>\n<p><span style=\"color: #777777; font-family: Arial;\">Comment appeler cette persistance dans la vilenie et la bassesse&nbsp;?<br \/>\n<\/span><\/p>\n<p><span style=\"color: #777777; font-family: Arial;\">Seule la haine peut permettre d&rsquo;apporter un d\u00e9but de compr\u00e9hension \u00e0 l&rsquo;incompr\u00e9hensible.<br \/>\n<\/span><\/p>\n<p><span style=\"color: #777777; font-family: Arial;\">Il n&rsquo;y a rien de rationnel dans cela.<br \/>\n<\/span><\/p>\n<p><span style=\"color: #777777; font-family: Arial;\">Certains esprits ose mettre ces actes en regard avec la politique condamnable de l&rsquo;Etat d&rsquo;Isra\u00ebl \u00e0 l&rsquo;\u00e9gard des palestiniens.<br \/>\n<\/span><\/p>\n<p><span style=\"color: #777777; font-family: Arial;\">Ces deux actes d\u00e9crits ci-avant n&rsquo;ont rien \u00e0 voir avec cette justification.<br \/>\n<\/span><\/p>\n<p><span style=\"color: #777777; font-family: Arial;\"><strong>Rien&nbsp;!<br \/>\n<\/strong><\/span><\/p>\n<p><span style=\"color: #777777; font-family: Arial;\">Pas plus d&rsquo;ailleurs que le mot \u00ab&nbsp;Juden&nbsp;\u00bb \u00e9crit sur la devanture d&rsquo;un magasin de l&rsquo;enseigne Bagelstein.<br \/>\n<\/span><\/p>\n<p><img decoding=\"async\" class=\"alignleft\" src=\"https:\/\/lemotdujour.fr\/wp-content\/uploads\/2019\/02\/022419_2106_Lundi25fvri3.jpg\" alt=\"\" align=\"left\"><span style=\"color: #777777; font-family: Arial;\">Les croix gamm\u00e9es, le mot \u00ab&nbsp;Juden&nbsp;\u00bb, la r\u00e9f\u00e9rence \u00e0 Hitler, toutes ces r\u00e9f\u00e9rences font appel \u00e0 l&rsquo;imaginaire nazi<br \/>\n<\/span><\/p>\n<p><span style=\"color: #777777; font-family: Arial;\">Comme cette photo des ann\u00e9es noires en Allemagne, o\u00f9 appara\u00eet le mot \u00ab&nbsp;juden&nbsp;\u00bb pour dire plus pr\u00e9cis\u00e9ment \u00ab&nbsp;Allemand, d\u00e9fendez-vous, n&rsquo;achetez pas chez les juifs&nbsp;\u00bb<br \/>\n<\/span><\/p>\n<p><span style=\"color: #777777; font-family: Arial;\">Ces r\u00e9f\u00e9rences ne peuvent que signifier dans ces esprits malsains qu&rsquo;il faut continuer l&rsquo;\u0153uvre des nazis \u00e0 savoir la destruction des juifs.<br \/>\n<\/span><\/p>\n<p><span style=\"color: #777777; font-family: Arial;\">La \u00ab&nbsp;haine des juifs&nbsp;\u00bb, l&rsquo;antis\u00e9mitisme comme on l&rsquo;appelle commun\u00e9ment est un racisme, mais il est plus que cela. Le \u00ab&nbsp;Juif&nbsp;\u00bb est le bouc \u00e9missaire premier qu&rsquo;on a d\u00e9sign\u00e9 dans nos soci\u00e9t\u00e9s.<br \/>\n<\/span><\/p>\n<p><span style=\"color: #777777; font-family: Arial;\">Quand un malheur arrivait dans un village, il fallait trouver un coupable et syst\u00e9matiquement la population chr\u00e9tienne se retournait vers l&rsquo;\u00ab&nbsp;autre&nbsp;\u00bb et le d\u00e9signait comme le responsable.<br \/>\n<\/span><\/p>\n<p><span style=\"color: #777777; font-family: Arial;\">Des centaines d&rsquo;\u00e9crits et de t\u00e9moignages racontent de tels faits.<br \/>\n<\/span><\/p>\n<p><span style=\"color: #777777; font-family: Arial;\">L&rsquo;accusation de meurtres rituels qui aurait \u00e9t\u00e9 commis par les juifs \u00e9tait particuli\u00e8rement r\u00e9pandue, comme ce r\u00e9cit&nbsp;: <a href=\"https:\/\/www.persee.fr\/doc\/bec_0373-6237_1914_num_75_1_448522\"><span style=\"color: #0000ff;\">&lt;Accusation de meurtre rituel contre les juifs d&rsquo;Uz\u00e8s&gt;<\/span><\/a><span style=\"color: #0000ff;\">.<\/span><br \/>\n<\/span><\/p>\n<p><span style=\"color: #777777; font-family: Arial;\">Ou en encore cette &lt;<span style=\"color: #0000ff;\"><a style=\"color: #0000ff;\" href=\"https:\/\/fr.chabad.org\/library\/article_cdo\/aid\/3009993\/jewish\/Accusation-de-meurtre-rituel-Metz.htm\">Accusation de meurtre rituel \u00e0 Metz en 1670<\/a><\/span>&gt;<br \/>\n<\/span><\/p>\n<p><span style=\"color: #777777; font-family: Arial;\">Il y a aussi ce livre de Pierre Hebey &lt;<span style=\"color: #0000ff;\"><a style=\"color: #0000ff;\" href=\"https:\/\/www.cultura.com\/les-disparus-de-damas-9782070761401.html\">Les disparus de Damas &#8211; Deux histoires de meurtre rituel<\/a> <\/span>&gt; qui relate un \u00e9v\u00e8nement qui s&rsquo;est pass\u00e9 en Syrie en 1840 et dans lequel un repr\u00e9sentant du gouvernement fran\u00e7ais a jou\u00e9 un r\u00f4le consid\u00e9rable&nbsp;:<br \/>\n<\/span><\/p>\n<p style=\"margin-left: 28pt;\"><span style=\"color: #c00000; font-family: Arial;\">\u00ab&nbsp;Le 21 f\u00e9vrier 1840, le p\u00e8re Thomas, religieux d&rsquo;origine sarde r\u00e9sidant depuis de nombreuses ann\u00e9es \u00e0 Damas, ainsi que son serviteur disparaissent. Aussit\u00f4t les Chr\u00e9tiens de la ville accusent les Juifs d&rsquo;avoir \u00a0\u00bb immol\u00e9 \u00a0\u00bb le religieux afin de recueillir son sang. Ce drame se produit moins de quatre mois apr\u00e8s l&rsquo;arriv\u00e9e du premier consul de France en Syrie, le comte Ulysse de Ratti-Menton. Or un trait\u00e9 franco-turc de 1740 reconna\u00eet aux diplomates fran\u00e7ais un droit de protection sur les catholiques de l&rsquo;Empire ottoman. Le nouvel arriv\u00e9 en profite pour mener l&rsquo;enqu\u00eate concernant ces disparitions. Sa conviction, d\u00e8s les premi\u00e8res heures, est \u00e9tablie : les coupables sont les membres d&rsquo;une famille juive de notables. Avec la police du Pacha, il va s&rsquo;attacher \u00e0 le d\u00e9montrer. Le consul, que les m\u00e9thodes d&rsquo;interrogatoire orientales ne rebutent pas, bouclera son instruction en quelques semaines. Ses conclusions devront forc\u00e9ment d\u00e9boucher sur des ex\u00e9cutions. Les communaut\u00e9s juives de France et d&rsquo;Angleterre -alors que leurs pays sont au bord du conflit- d\u00e9cideront d&rsquo;envoyer deux hommes pour sauver de pr\u00e9tendus coupables dont l&rsquo;innocence para\u00eet \u00e9vidente. Henri Heine, en poste \u00e0 Paris pour La Gazette d&rsquo;Augsbourg, consacrera plusieurs articles \u00e0 l&rsquo;Affaire de Damas. D\u00e8s le 7 mai 1840, r\u00e9volt\u00e9 par ce qu&rsquo;il a pu apprendre, il \u00e9crit : \u00a0\u00bb &#8230; tandis que nous rions et oublions&#8230; le bourreau exerce la torture et, martyris\u00e9 sur le chevalet de la question, le Juif de Damas avoue&#8230; &nbsp;\u00bb.<br \/>\n<\/span><\/p>\n<p><span style=\"color: #777777; font-family: Arial;\">Et pour la suite de cette affaire vous pouvez lire ce <a href=\"http:\/\/fr.danielpipes.org\/10872\/affaire-de-damas\"><span style=\"color: #0000ff;\">&lt;petit article&gt;<\/span><\/a><br \/>\n<\/span><\/p>\n<p><span style=\"color: #777777; font-family: Arial;\">Vous pourrez lire cet article de Wikipedia&nbsp;: <span style=\"color: #0000ff;\">&lt;<a style=\"color: #0000ff;\" href=\"https:\/\/fr.wikipedia.org\/wiki\/Accusation_de_meurtre_rituel_contre_les_Juifs\">Accusation de meurtre rituel contre les Juifs<\/a><\/span>&gt;<br \/>\n<\/span><\/p>\n<p><span style=\"color: #777777; font-family: Arial;\">La foule haineuse les accusera aussi d&#8217;empoisonner l&rsquo;eau des puits et de tous les complots qui puissent s&rsquo;imaginer.<br \/>\n<\/span><\/p>\n<p><span style=\"color: #777777; font-family: Arial;\">Je n&rsquo;entends pas multiplier les exemples qui sont nombreux \u00e0 en avoir la naus\u00e9e.<br \/>\n<\/span><\/p>\n<p><span style=\"color: #777777; font-family: Arial;\">L&rsquo;historienne Annette Wierworka <span style=\"color: #0000ff;\"><a style=\"color: #0000ff;\" href=\"https:\/\/www.franceinter.fr\/emissions\/l-invite-de-7h50\/l-invite-de-7h50-19-fevrier-2019\">&lt;invit\u00e9e de L\u00e9a Salam\u00e9 sur France Inter le 19 f\u00e9vrier&gt;<\/a><\/span> distingue 3 types d&rsquo;antis\u00e9mitisme en France&nbsp;:<br \/>\n<\/span><\/p>\n<ul>\n<li><span style=\"color: #777777; font-family: Arial;\">L&rsquo;antis\u00e9mitisme populaire qui se r\u00e9v\u00e8le chaque fois qu&rsquo;il y a des moments de fi\u00e8vre, comme l&rsquo;\u00e9pisode actuel des gilets jaunes. Cet antis\u00e9mitisme est celui qui s&rsquo;inscrit dans l&rsquo;image du juif, ma\u00eetre de la Finance internationale, influen\u00e7ant tous les pouvoirs et adepte du complot dans lequel les juifs seraient les tireurs de ficelle\u2026<br \/>\n<\/span><\/li>\n<li><span style=\"color: #777777; font-family: Arial;\">L&rsquo;antis\u00e9mitisme d&rsquo;extr\u00eame droite, identitaire, qui reproche au juif d&rsquo;\u00eatre \u00ab&nbsp;cosmopolite&nbsp;\u00bb un intrus dans la nation, d&rsquo;\u00eatre non assimilable, toujours soup\u00e7onn\u00e9 de toutes les tra\u00eetrises. C&rsquo;est \u00e9videmment cet antis\u00e9mitisme qui \u00e9tait \u00e0 l&rsquo;\u0153uvre lors de l&rsquo;affaire Dreyfus et pendant la derni\u00e8re guerre.<br \/>\n<\/span><\/li>\n<li><span style=\"color: #777777; font-family: Arial;\">L&rsquo;antis\u00e9mitisme gaucho-islamiste, antis\u00e9mitisme de l&rsquo;extr\u00eame gauche qui prend ses racines et ses pr\u00e9textes dans le conflit isra\u00e9lo-palestinien en pr\u00e9tendant que n&rsquo;importe quel juif dans le monde est forc\u00e9ment en accord avec la politique du gouvernement d&rsquo;Isra\u00ebl et plus que cela responsable de la politique d&rsquo;Isra\u00ebl.<br \/>\n<\/span><\/li>\n<\/ul>\n<p><span style=\"color: #777777; font-family: Arial;\">Annette Wierworka ne cite pas une autre face de l&rsquo;antis\u00e9mitisme chr\u00e9tien, celui du peuple d\u00e9icide, puisque selon les \u00c9vangiles, ce sont des juifs qui ont r\u00e9clam\u00e9 aux romains de mettre \u00e0 mort le Christ. Si l&rsquo;on accepte de prendre au s\u00e9rieux le r\u00e9cit des \u00e9vangiles, cette accusation ne tient pas d&rsquo;abord parce que ce n&rsquo;est pas le peuple juif qui a demand\u00e9 la mort de J\u00e9sus mais une partie de l&rsquo;aristocratie de Jud\u00e9e et d\u00e9tenteur du pouvoir religieux qui ne repr\u00e9sentait qu&rsquo;une petite minorit\u00e9 au sein du peuple juif. Et ensuite et surtout pour une raison de fond que des non chr\u00e9tiens et des non croyants ne peuvent pas comprendre, mais une raison qui doit illuminer des croyants de la Foi chr\u00e9tienne&nbsp;: Le r\u00e9cit de la r\u00e9demption incarn\u00e9e par le Christ qui est mort, plus exactement qui a \u00e9t\u00e9 sacrifi\u00e9 pour \u00ab&nbsp;laver les p\u00e9ch\u00e9s du monde&nbsp;\u00bb impliquait qu&rsquo;il devait \u00eatre crucifi\u00e9 pour pouvoir r\u00e9aliser le c\u0153ur de la foi chr\u00e9tienne. Dans \u00ab&nbsp;cette logique&nbsp;\u00bb il s&rsquo;agissait d&rsquo;un \u00ab&nbsp;plan divin&nbsp;\u00bb dans lequel le petit nombre de juifs qui ont particip\u00e9 \u00e0 la mise en \u0153uvre de ce sacrifice n&rsquo;\u00e9taient que des acteurs inconscients d&rsquo;un grand dessein qui les d\u00e9passait. J&rsquo;ai bien pr\u00e9cis\u00e9 que les non croyants auraient de grandes difficult\u00e9s de comprendre mon argumentaire\u2026<br \/>\n<\/span><\/p>\n<p><span style=\"color: #777777; font-family: Arial;\">Toujours est-il qu&rsquo;il a fallu attendre le concile de Vatican 2 (1962-1965) pour que l\u2019\u00c9glise catholique rompe solennellement avec la notion de \u00abpeuple d\u00e9icide\u00bb et avec l&rsquo;antijuda\u00efsme s\u00e9culaire de l\u2019\u00c9glise. Ce n&rsquo;est pas si vieux 1962, je vivais d\u00e9j\u00e0. Et c&rsquo;est encore plus r\u00e9cemment, en 2011, que le pape Benoit XVI dans un de ses \u00e9crits reprend le premier argument que j&rsquo;ai soulev\u00e9 ci-avant, c&rsquo;est-\u00e0-dire de la responsabilit\u00e9 d&rsquo;un petit nombre d&rsquo;aristocrates <a href=\"http:\/\/www.slate.fr\/story\/35095\/antijuda%C3%AFsme-chretien-eglise-benoit-xvi\"><span style=\"color: #0000ff;\">&lt;Slate&gt;<\/span><\/a> consacre un article \u00e0 ce sujet&nbsp;:<br \/>\n<\/span><\/p>\n<p style=\"margin-left: 28pt;\"><span style=\"color: #c00000; font-family: Arial;\">\u00ab&nbsp;Le pape Beno\u00eet XVI publie, mercredi 9 mars, le deuxi\u00e8me tome de son livre J\u00e9sus de Nazareth dans lequel il traite en particulier de la Passion et de la mort de J\u00e9sus-Christ. Non seulement il reprend le r\u00e9cit \u00e9vang\u00e9lique de cet \u00e9v\u00e9nement central de la foi chr\u00e9tienne, mais il en propose une relecture qui exon\u00e8re explicitement les juifs de toute responsabilit\u00e9 dans la mort de J\u00e9sus. L&rsquo;expression \u00ables juifs\u00bb, associ\u00e9e dans les \u00c9vangiles et les \u00e9crits des P\u00e8res de l\u2019\u00c9glise \u00e0 la Passion du Christ, \u00abn&rsquo;indique en aucune mani\u00e8re le peuple d&rsquo;Isra\u00ebl comme tel et elle a encore moins un caract\u00e8re raciste\u00bb, \u00e9crit le pape. Elle d\u00e9signe certains \u00abaristocrates du peuple\u00bb, mais certainement pas l&rsquo;ensemble des juifs.&nbsp;\u00bb<br \/>\n<\/span><\/p>\n<p><span style=\"color: #777777; font-family: Arial;\">Concernant l&rsquo;antis\u00e9mitisme d&rsquo;extr\u00eame droite on pensait que la seconde guerre mondiale l&rsquo;avait d\u00e9finitivement an\u00e9anti. On cite souvent la phrase, sorti de son contexte, de Georges Bernanos : \u00ab&nbsp;<strong>Hitler a d\u00e9shonor\u00e9 \u00e0 jamais le mot antis\u00e9mitisme<\/strong>&nbsp;\u00bb. J&rsquo;avais d\u00e9j\u00e0, dans un mot du jour pr\u00e9c\u00e9dent, cit\u00e9 la tribune de Philippe Lan\u00e7on, l&rsquo;auteur du <span style=\"color: #0000ff;\"><a style=\"color: #0000ff;\" href=\"https:\/\/lemotdujour.fr\/?p=6183\">\u00ab&nbsp;Lambeau&nbsp;\u00bb<\/a><\/span> qui a resitu\u00e9 la phrase de Bernanos dans l&rsquo;ensemble du propos qu&rsquo;il avait \u00e9crit alors et qui \u00e9vite de le classer dans la case antis\u00e9mites<em>. <\/em>&lt;<span style=\"color: #0000ff;\"><a style=\"color: #0000ff;\" href=\"https:\/\/www.liberation.fr\/tribune\/2008\/09\/02\/bernanos-et-les-bien-pensants_79217\">Lib\u00e9ration &#8211; le 2 septembre 2008<\/a><\/span><span style=\"color: blue;\"><span style=\"color: #777777;\">&gt;<br \/>\n<\/span><\/span><\/span><\/p>\n<p><span style=\"color: #777777; font-family: Arial;\">Il reste cependant qu&rsquo;on pensait que plus personne n&rsquo;oserait exprimer cette haine anti-juive.<br \/>\n<\/span><\/p>\n<p><span style=\"color: #777777; font-family: Arial;\">Sauf peut-\u00eatre le g\u00e9n\u00e9ral De Gaulle qui apr\u00e8s la guerre des six jours, en 1967, a eu cette d\u00e9claration surprenante qui plonge ses racines dans le vieil antis\u00e9mitisme de droite&nbsp;:<br \/>\n<\/span><\/p>\n<p style=\"margin-left: 28pt;\"><span style=\"color: #c00000; font-family: Arial;\">\u00ab \u2026Certains m\u00eame redoutaient que les juifs, jusqu&rsquo;alors dispers\u00e9s, qui \u00e9taient rest\u00e9s ce qu&rsquo;ils avaient \u00e9t\u00e9 de tout temps, <strong>un peuple d&rsquo;\u00e9lite, s\u00fbr de lui-m\u00eame et dominateur<\/strong>, n&rsquo;en viennent, une fois qu&rsquo;ils seraient rassembl\u00e9s dans le site de leur ancienne grandeur, \u00e0 changer en ambition ardente et conqu\u00e9rante les souhaits tr\u00e8s \u00e9mouvants qu&rsquo;ils formaient depuis dix-neuf si\u00e8cles : l&rsquo;an prochain \u00e0 J\u00e9rusalem\u2026 \u00bb<br \/>\n<\/span><\/p>\n<p><span style=\"color: #777777; font-family: Arial;\">Raymond Aron a alors pris la plume et a eu le glaive vengeur&nbsp;et estim\u00e9 que le g\u00e9n\u00e9ral de Gaulle avait solennellement r\u00e9habilit\u00e9 l&rsquo;antis\u00e9mitisme.<br \/>\n<\/span><\/p>\n<p style=\"margin-left: 28pt;\"><span style=\"color: #c00000; font-family: Arial;\">\u00ab&nbsp;Aucun homme d&rsquo;Etat occidental n&rsquo;avait parl\u00e9 des juifs dans ce style, ne les avait caract\u00e9ris\u00e9s comme \u00ab&nbsp;peuple&nbsp;\u00bb par deux adjectifs, nous les connaissons tous, ils appartiennent \u00e0 <span style=\"color: #0000ff;\"><a style=\"color: #0000ff;\" href=\"https:\/\/fr.wikipedia.org\/wiki\/%C3%89douard_Drumont\">Drumont<\/a><\/span>, \u00e0 <a href=\"https:\/\/fr.wikipedia.org\/wiki\/Charles_Maurras\"><span style=\"color: #0000ff;\">Maurras<\/span><\/a>&nbsp;\u00bb<br \/>\n<em>Pages 50 &amp; 51 de l&rsquo;ouvrage \u00ab&nbsp;<strong>Essais sur la condition juive contemporaine<\/strong>&nbsp;\u00bb qui r\u00e9unit les textes de Raymond Aron sur ce sujet et qui occupe aussi une place de choix dans ma biblioth\u00e8que.<br \/>\n<\/em><\/span><\/p>\n<p><span style=\"color: #777777; font-family: Arial;\">Pourtant quand le cimeti\u00e8re juif de Carpentras fut profan\u00e9 en 1990, il y eut des <a href=\"https:\/\/fr.wikipedia.org\/wiki\/Affaire_de_la_profanation_du_cimeti%C3%A8re_juif_de_Carpentras\"><span style=\"color: #0000ff;\">&lt;manifestations importantes&gt;<\/span><\/a> pour condamner cet acte parce que tout le monde pensait que cet acte venait des mouvances de l&rsquo;extr\u00eame droite. Ce qui se r\u00e9v\u00e9la d&rsquo;ailleurs faux.<br \/>\n<\/span><\/p>\n<p><span style=\"color: #777777; font-family: Arial;\">Mais quand en 2012, le criminel djihadiste dont je ne cite pas le nom \u00e0 dessein apr\u00e8s avoir assassin\u00e9 deux militaires s&rsquo;est introduit dans une \u00e9cole juive et je laisse <a href=\"https:\/\/abonnes.lemonde.fr\/societe\/article\/2012\/03\/23\/tuerie-de-toulouse-retour-sur-les-evenements_1674320_3224.html?\"><span style=\"color: #0000ff;\">&lt;Le Monde<\/span>&gt;<\/a> continuer&nbsp;:<br \/>\n<\/span><\/p>\n<p style=\"margin-left: 28pt;\"><span style=\"color: #c00000; font-family: Arial;\">\u00ab&nbsp;Vers 8 heures, un homme arm\u00e9 sur un scooter de grosse puissance gare son engin devant l&rsquo;\u00e9cole juive Ozar-Hatorah dans un quartier r\u00e9sidentiel tout proche du centre de Toulouse. Il ouvre le feu avec un pistolet-mitrailleur, qui s&rsquo;enraye, puis une arme de calibre 11,43, la m\u00eame qui a servi pour tuer les parachutistes. Il tue Jonathan Sandler, 30 ans, professeur de religion juive, et ses deux fils Arieh, 5 ans, et Gabriel, 3 ans, qui attendaient ensemble le ramassage scolaire. Il poursuit dans la cour une fillette de huit ans, Myriam Monsonego, la rattrape et l&rsquo;abat d&rsquo;une balle dans la t\u00eate. Il blesse un adolescent de 17 ans, puis s&rsquo;enfuit en deux-roues.&nbsp;\u00bb<br \/>\n<\/span><\/p>\n<p><span style=\"color: #777777; font-family: Arial;\">Il n&rsquo;y eut aucune manifestation, hormis des membres de la communaut\u00e9 juive.<br \/>\n<\/span><\/p>\n<p><span style=\"color: #777777; font-family: Arial;\">Rien&nbsp;!<br \/>\n<\/span><\/p>\n<p><span style=\"color: #777777; font-family: Arial;\">Le silence, l&rsquo;indiff\u00e9rence.<br \/>\n<\/span><\/p>\n<p><span style=\"color: #777777; font-family: Arial;\">Cette fois l&rsquo;antis\u00e9mitisme est celui d\u00e9sign\u00e9 par Wierworka sous le nom \u00ab&nbsp;<strong>gaucho-islamiste<\/strong>&nbsp;\u00bb.<br \/>\n<\/span><\/p>\n<p><span style=\"color: #777777; font-family: Arial;\">Des enfants&nbsp;!<br \/>\n<\/span><\/p>\n<p><span style=\"color: #777777; font-family: Arial;\">Responsable&nbsp;!<br \/>\n<\/span><\/p>\n<p><span style=\"color: #777777; font-family: Arial;\">Aujourd&rsquo;hui un ignoble personnage comme Alain Soral r\u00e9alise la conjonction entre les deux antis\u00e9mitismes d&rsquo;extr\u00eame droite et du gaucho-islamisme. \u00c9coutez \u00e0 ce propos l&rsquo;\u00e9mission &lt;Le Grain \u00e0 moudre du vendredi 15 f\u00e9vrier&nbsp;: <a href=\"https:\/\/www.franceculture.fr\/emissions\/du-grain-a-moudre\/le-club-antisemitisme-antiparlementarisme-comme-un-air-de-fascisme\"><span style=\"color: #0000ff;\">&lt; Antis\u00e9mitisme, antiparlementarisme : comme un air de fascisme ?&gt;<\/span><\/a><br \/>\n<\/span><\/p>\n<p><span style=\"color: #777777; font-family: Arial;\">Non, \u00ab&nbsp;la haine des juifs&nbsp;\u00bb n&rsquo;est pas comparable au racisme, au colonialisme \u00e0 l&rsquo;esclavagisme qui sont tous des fractures de l&rsquo;humanisme qu&rsquo;il faut combattre et d\u00e9noncer, bien s\u00fbr.<br \/>\n<\/span><\/p>\n<p><span style=\"color: #777777; font-family: Arial;\">Mais la haine des juifs apportent en plus cette id\u00e9e abjecte, ignoble qu&rsquo;ils sont un peu coupables de ce qui leur arrive. M\u00eame les enfants sont coupables.<br \/>\n<\/span><\/p>\n<p><span style=\"color: #777777; font-family: Arial;\">Moi je crois que le plus comparable avec cette attitude est celle \u00e0 l&rsquo;\u00e9gard des femmes, des femmes viol\u00e9es \u00e0 qui des hommes vont dire de mani\u00e8re aussi ignoble qu&rsquo;elles l&rsquo;ont bien cherch\u00e9\u2026<br \/>\n<\/span><\/p>\n<p><span style=\"color: #777777; font-family: Arial;\">Cette disposition pathologique et naus\u00e9abonde a m\u00eame saisi ce centriste pataud, aimant s&rsquo;endormir \u00e0 l&rsquo;Assembl\u00e9e apr\u00e8s un bon repas, celui que Giscard avait d\u00e9sign\u00e9 comme le plus grand \u00e9conomiste de France et qu&rsquo;il avait aussi nomm\u00e9 premier Ministre.<br \/>\n<\/span><\/p>\n<p><span style=\"color: #777777; font-family: Arial;\">Raymond Barre avait eu, en 1980, apr\u00e8s l&rsquo;attentat de la rue Copernic contre une synagogue, ce propos qui avait une premi\u00e8re fois fait la synth\u00e8se entre l&rsquo;antis\u00e9mitisme d&rsquo;extr\u00eame droite et de l&rsquo;extr\u00eame gauche :<br \/>\n<\/span><\/p>\n<p><span style=\"color: #777777; font-family: Arial;\">Raymond BARRE <span style=\"color: #0000ff;\"><a style=\"color: #0000ff;\" href=\"https:\/\/www.ina.fr\/video\/I09082508\/\">se d\u00e9clare<\/a><\/span> \u00ab&nbsp;plein d&rsquo;indignation&nbsp;\u00bb \u00e0 l&rsquo;\u00e9gard de cet attentat \u00ab&nbsp;odieux&nbsp;\u00bb&nbsp;:<br \/>\n<\/span><\/p>\n<p style=\"margin-left: 28pt;\"><span style=\"color: #c00000; font-family: Arial;\">\u00ab&nbsp;<strong>qui voulait frapper les Isra\u00e9lites qui se rendaient \u00e0 la synagogue et qui a frapp\u00e9 des Fran\u00e7ais innocents qui traversaient la rue Copernic<\/strong>&nbsp;\u00bb<br \/>\n<\/span><\/p>\n<p><span style=\"color: #777777; font-family: Arial;\">Non, il ne s&rsquo;agit pas de propos maladroits.<\/span><\/p>\n<p><span style=\"color: #777777; font-family: Arial;\">Cela vient de loin, d&rsquo;id\u00e9es et d&rsquo;une corruption de l&rsquo;esprit et des valeurs profond\u00e9ment ancr\u00e9e. C&rsquo;est cela l&rsquo;antis\u00e9mitisme&nbsp;:<br \/>\n<\/span><\/p>\n<ul>\n<li><span style=\"color: #777777; font-family: Arial;\">1\u00b0 Les juifs doivent \u00eatre distingu\u00e9s des fran\u00e7ais<br \/>\n<\/span><\/li>\n<li><span style=\"color: #777777; font-family: Arial;\">2\u00b0 Les juifs ne peuvent pas \u00eatre innocents<br \/>\n<\/span><\/li>\n<\/ul>\n<p><span style=\"color: #777777; font-family: Arial;\">Pourquoi cette haine ?<br \/>\n<\/span><\/p>\n<p><span style=\"color: #777777; font-family: Arial;\"><span style=\"color: #800000;\">&lt;1197&gt;<\/span><br \/>\n<\/span><\/p>\n","protected":false},"excerpt":{"rendered":"<p>\u00ab&nbsp;La haine des juifs&nbsp;\u00bb R\u00e9flexions sur une abomination qui remonte \u00e0 la nuit des temps et subsiste dans nos soci\u00e9t\u00e9s modernes Ils ont os\u00e9&nbsp;!&nbsp;: Peindre des croix gamm\u00e9es sur le visage peint de Simone Veil ! Couper les arbres en<\/p>\n","protected":false},"author":1,"featured_media":0,"comment_status":"open","ping_status":"closed","sticky":false,"template":"","format":"standard","meta":{"footnotes":""},"categories":[1],"tags":[24,134,15],"class_list":["post-6266","post","type-post","status-publish","format-standard","hentry","category-motdujour","tag-actualite","tag-antisemitisme","tag-france"],"_links":{"self":[{"href":"https:\/\/lemotdujour.fr\/index.php?rest_route=\/wp\/v2\/posts\/6266","targetHints":{"allow":["GET"]}}],"collection":[{"href":"https:\/\/lemotdujour.fr\/index.php?rest_route=\/wp\/v2\/posts"}],"about":[{"href":"https:\/\/lemotdujour.fr\/index.php?rest_route=\/wp\/v2\/types\/post"}],"author":[{"embeddable":true,"href":"https:\/\/lemotdujour.fr\/index.php?rest_route=\/wp\/v2\/users\/1"}],"replies":[{"embeddable":true,"href":"https:\/\/lemotdujour.fr\/index.php?rest_route=%2Fwp%2Fv2%2Fcomments&post=6266"}],"version-history":[{"count":8,"href":"https:\/\/lemotdujour.fr\/index.php?rest_route=\/wp\/v2\/posts\/6266\/revisions"}],"predecessor-version":[{"id":11640,"href":"https:\/\/lemotdujour.fr\/index.php?rest_route=\/wp\/v2\/posts\/6266\/revisions\/11640"}],"wp:attachment":[{"href":"https:\/\/lemotdujour.fr\/index.php?rest_route=%2Fwp%2Fv2%2Fmedia&parent=6266"}],"wp:term":[{"taxonomy":"category","embeddable":true,"href":"https:\/\/lemotdujour.fr\/index.php?rest_route=%2Fwp%2Fv2%2Fcategories&post=6266"},{"taxonomy":"post_tag","embeddable":true,"href":"https:\/\/lemotdujour.fr\/index.php?rest_route=%2Fwp%2Fv2%2Ftags&post=6266"}],"curies":[{"name":"wp","href":"https:\/\/api.w.org\/{rel}","templated":true}]}}