{"id":624,"date":"2014-03-03T01:00:00","date_gmt":"2014-03-02T22:00:00","guid":{"rendered":"http:\/\/lemotdujour.fr\/?p=624"},"modified":"2017-05-08T13:21:16","modified_gmt":"2017-05-08T11:21:16","slug":"lundi-03032014","status":"publish","type":"post","link":"https:\/\/lemotdujour.fr\/?p=624","title":{"rendered":"Lundi 03\/03\/2014"},"content":{"rendered":"<div class=\"mdjDate\">Lundi 03\/03\/2014<\/div>\n<div class=\"mdjTexte\">\u00abIl y a un Rembrandt qui se cache dans ce corps, votre boulot, c&rsquo;est de le trouver\u00bb<\/div>\n<div class=\"mdjAuteur\">Georges W Bush<\/div>\n<div class=\"mdjComplements\">Oui, j&rsquo;aurais d\u00fb faire un mot du jour consacr\u00e9 \u00e0 ce grand artiste que f\u00fbt Alain Resnais mais il fallait que je partage cette \u00e9normit\u00e9.<\/div>\n<div class=\"mdjComplements\">Le pr\u00e9sident qui a rendu l&rsquo;Am\u00e9rique odieux \u00e0 quasi tout le reste de l&rsquo;Humanit\u00e9, dont la famille a assur\u00e9 une part de sa richesse dans des relations \u00e9tonnantes avec des princes saoudiens et la famille Ben Laden et qui a fait tant de choses o\u00f9 la m\u00e9diocrit\u00e9 a c\u00f4toy\u00e9 la violence aveugle et les crimes d&rsquo;Etat, s&rsquo;est reconverti dans la peinture.<\/div>\n<div class=\"mdjComplements\">Pourquoi pas, si ce passe-temps lui permet dans le priv\u00e9 de se r\u00e9concilier avec le Monde et avec lui-m\u00eame.<\/div>\n<div class=\"mdjComplements\">Mais non, cela ne suffit pas il veut \u00eatre un \u00ab\u00a0artiste public\u00a0\u00bb, il veut que \u00e7a se sache.<\/div>\n<div class=\"mdjComplements\">Et dans son mus\u00e9e, oui il a un mus\u00e9e !, il va faire une exposition de ses \u00ab\u00a0\u0153uvres\u00a0\u00bb.<\/div>\n<div class=\"mdjComplements\">Le mot du jour est la phrase qu&rsquo;il se vante avoir dit \u00e0 son professeur de peinture.<\/div>\n<div class=\"mdjComplements\">L&rsquo;Art ne m\u00e9ritait pas cela !<\/div>\n<div class=\"mdjComplements\">Mais je vous laisse juge, ce sujet est largement abord\u00e9 par internet, ici un article du Figaro qui montre quelques-uns des r\u00e9sultats de cette reconversion et ajoute un commentaire peu \u00e9logieux.<\/div>\n<div class=\"mdjComplements\"><a href=\"http:\/\/www.lefigaro.fr\/culture\/2014\/02\/27\/03004-20140227ARTFIG00178-george-w-bush-le-peintre-du-dimanche-s-expose.php\">http:\/\/www.lefigaro.fr\/culture\/2014\/02\/27\/03004-20140227ARTFIG00178-george-w-bush-le-peintre-du-dimanche-s-expose.php<\/a><\/div>\n<div class=\"mdjComplements\">Ah ! J&rsquo;oubliais de pr\u00e9ciser qu&rsquo;il signe ses tableaux du chiffre 43 (parce qu\u2019il a \u00e9t\u00e9 le 43<sup>\u00e8me<\/sup> pr\u00e9sident des Etats Unis).<\/div>\n<div class=\"mdjComplements\">Il vaut mieux en rire, le probl\u00e8me est que le m\u00e9diocre ne se rend pas compte qu&rsquo;il est m\u00e9diocre.<\/div>\n<div class=\"mdjComplements\">Qu&rsquo;un homme comme lui ait pu \u00eatre \u00e9lu \u00e0 la t\u00eate de la plus grande puissance du Monde, m&rsquo;interpelle vraiment sur les vertus de la D\u00e9mocratie.<\/div>\n","protected":false},"excerpt":{"rendered":"<p>Lundi 03\/03\/2014 \u00abIl y a un Rembrandt qui se cache dans ce corps, votre boulot, c&rsquo;est de le trouver\u00bb Georges W Bush Oui, j&rsquo;aurais d\u00fb faire un mot du jour consacr\u00e9 \u00e0 ce grand artiste que f\u00fbt Alain Resnais mais<\/p>\n","protected":false},"author":1,"featured_media":0,"comment_status":"closed","ping_status":"closed","sticky":false,"template":"","format":"standard","meta":{"footnotes":""},"categories":[1],"tags":[],"class_list":["post-624","post","type-post","status-publish","format-standard","hentry","category-motdujour"],"_links":{"self":[{"href":"https:\/\/lemotdujour.fr\/index.php?rest_route=\/wp\/v2\/posts\/624","targetHints":{"allow":["GET"]}}],"collection":[{"href":"https:\/\/lemotdujour.fr\/index.php?rest_route=\/wp\/v2\/posts"}],"about":[{"href":"https:\/\/lemotdujour.fr\/index.php?rest_route=\/wp\/v2\/types\/post"}],"author":[{"embeddable":true,"href":"https:\/\/lemotdujour.fr\/index.php?rest_route=\/wp\/v2\/users\/1"}],"replies":[{"embeddable":true,"href":"https:\/\/lemotdujour.fr\/index.php?rest_route=%2Fwp%2Fv2%2Fcomments&post=624"}],"version-history":[{"count":1,"href":"https:\/\/lemotdujour.fr\/index.php?rest_route=\/wp\/v2\/posts\/624\/revisions"}],"predecessor-version":[{"id":625,"href":"https:\/\/lemotdujour.fr\/index.php?rest_route=\/wp\/v2\/posts\/624\/revisions\/625"}],"wp:attachment":[{"href":"https:\/\/lemotdujour.fr\/index.php?rest_route=%2Fwp%2Fv2%2Fmedia&parent=624"}],"wp:term":[{"taxonomy":"category","embeddable":true,"href":"https:\/\/lemotdujour.fr\/index.php?rest_route=%2Fwp%2Fv2%2Fcategories&post=624"},{"taxonomy":"post_tag","embeddable":true,"href":"https:\/\/lemotdujour.fr\/index.php?rest_route=%2Fwp%2Fv2%2Ftags&post=624"}],"curies":[{"name":"wp","href":"https:\/\/api.w.org\/{rel}","templated":true}]}}